{"id":28343,"date":"2011-02-14T12:18:33","date_gmt":"2011-02-14T10:18:33","guid":{"rendered":"http:\/\/www.korhanyilmaz.com\/?p=28343"},"modified":"2011-02-14T12:18:33","modified_gmt":"2011-02-14T10:18:33","slug":"iste-odatvyi-aratan-haber","status":"publish","type":"post","link":"http:\/\/www.korhanyilmaz.com\/?p=28343","title":{"rendered":"\u0130\u015fte Odatv&#8217;yi aratan haber"},"content":{"rendered":"<p style=\"text-align: center;\"><a href=\"http:\/\/www.korhanyilmaz.com\/wp-content\/uploads\/2011\/02\/346.jpg\"  class=\"lightview\"><img loading=\"lazy\" decoding=\"async\" class=\"size-full wp-image-28344 aligncenter\" src=\"http:\/\/www.korhanyilmaz.com\/wp-content\/uploads\/2011\/02\/346.jpg\" alt=\"\" width=\"322\" height=\"241\" \/><\/a><\/p>\n<p style=\"text-align: justify;\">T\u00fcrkiye&#8217;nin g\u00fcndemini sarsan haberleriyle tan\u0131nan ve iktidar \u00e7evrelerinin tepkisini \u00fczerine \u00e7eken Oda.tv internet sitesinin y\u00f6neticilerinin evlerinde arama yap\u0131ld\u0131\u011f\u0131 g\u00fcn, Zir vadisi buluntular\u0131n\u0131n sahte olabilece\u011fine ili\u015fkin g\u00f6r\u00fcnt\u00fcleri yay\u0131nlad\u0131.<\/p>\n<p style=\"text-align: justify;\">Ankara &#8211; T\u00fcrkiye&#8217;nin g\u00fcndemini sarsan haberleriyle internet gazetecili\u011fine damgas\u0131n\u0131 vuran Oda.tv merkezi ve y\u00f6neticilerinin evlerinde arama yap\u0131ld\u0131\u011f\u0131 g\u00fcn, Amerikal\u0131lar&#8217;\u0131n Ergenekon polislerine verdi\u011fi e\u011fitim ve Zir vadisi buluntular\u0131n\u0131n sahte olabilece\u011fine ili\u015fkin g\u00f6r\u00fcnt\u00fcleri yay\u0131nlad\u0131. S\u00f6z konusu belgeler Oda.tv&#8217;nin internet sitesinde &#8220;Bu g\u00f6r\u00fcnt\u00fcler Ergenekon Davas\u0131&#8217;n\u0131n kaderini de\u011fi\u015ftirecek&#8221; \u00fcstba\u015fl\u0131\u011f\u0131yla verildi. <!--more--><\/p>\n<p style=\"text-align: justify;\"><span style=\"color: #993300; font-size: medium;\"><strong>\u0130\u015fte o haber<\/strong><\/span><\/p>\n<p style=\"text-align: justify;\">Oda.tv internet sitesinde -y\u00f6neticilerin evleri bas\u0131lmadan \u00f6nce- g\u00fcn\u00fcn fla\u015f haberi, &#8220;Bu g\u00f6r\u00fcnt\u00fcler Ergenekon Davas\u0131&#8217;n\u0131n kaderini de\u011fi\u015ftirecek. \u0130\u015fte Amerikal\u0131lar&#8217;\u0131n Ergenekon Polislerine Verdi\u011fi E\u011fitimin Belgesi&#8221; ba\u015fl\u0131\u011f\u0131yla sunulan ve \u00fc\u00e7 video g\u00f6r\u00fcnt\u00fcs\u00fc i\u00e7eren haberdi.<\/p>\n<p style=\"text-align: justify;\">Yarbay Mustafa D\u00f6nmez&#8217;in, Zir Vadisi&#8217;nde bulunan askeri m\u00fchimmat\u0131n sorumlusu olarak 2 y\u0131ldan beri tutuklu oldu\u011fu, D\u00f6nmez&#8217;in Ergenekon \u00fcyesi olmakla su\u00e7land\u0131\u011f\u0131, kendisinin bug\u00fcn savunma yapmaya ba\u015flayaca\u011f\u0131 belirtilen haberde D\u00f6nmez&#8217;in yarg\u0131land\u0131\u011f\u0131 davayla ilgili olarak &#8220;\u015fok edici \u00fc\u00e7 video&#8221; ele ge\u00e7irildi\u011fi bildirildi. Haberde video linklerinden \u00f6nce, bug\u00fcn davada savunmaya ba\u015flayacak yarbayla ilgili \u015fu bilgiler yer ald\u0131.<\/p>\n<p style=\"text-align: justify;\"><strong>&#8220;Sak\u0131ncal\u0131 Piyade&#8221; <\/strong><\/p>\n<p style=\"text-align: justify;\">Yarbay Mustafa D\u00f6nmez, TSK&#8217;n\u0131n i\u00e7indeki &#8216;sak\u0131ncal\u0131 piyade&#8217;lerden. 68 ku\u015fa\u011f\u0131ndan gelen bir baban\u0131n \u00e7ocu\u011fu olan D\u00f6nmez, 1980&#8217;de ODT\u00dc&#8217;de \u00f6\u011frenciydi. \u00dcniversitede sol g\u00f6r\u00fc\u015fe yak\u0131n olan D\u00f6nmez, bir eylemde yaraland\u0131. Bundan sonra okulu b\u0131rakt\u0131. Ailesinin deste\u011fi ile Kara Harp Okulu s\u0131navlar\u0131na girdi. S\u0131navda 6. oldu. Harp Okulu&#8217;na girdi ve 1985 y\u0131l\u0131nda mezun oldu.<\/p>\n<p style=\"text-align: justify;\">Mustafa D\u00f6nmez, muharip de\u011fildi. Karargahta g\u00f6rev yap\u0131yordu. Tutukland\u0131\u011f\u0131nda &#8216;ikmal subay\u0131&#8217; olan D\u00f6nmez, bug\u00fcne kadar milyonlarca liral\u0131k sat\u0131n alma ger\u00e7ekle\u015ftirdi ve bilinen usuls\u00fczl\u00fc\u011f\u00fc olmad\u0131. Aziz Nesin&#8217;den Attila \u0130lhan&#8217;a kadar pek \u00e7ok isimle tan\u0131\u015f\u0131kl\u0131\u011f\u0131 olan D\u00f6nmez&#8217;in kendisinin de pek \u00e7ok dergi de yaz\u0131s\u0131 \u00e7\u0131kt\u0131. D\u00f6nmez&#8217;in son yaz\u0131s\u0131n\u0131n ba\u015fl\u0131\u011f\u0131 &#8216;Mustafa Kemal ve Tam Ba\u011f\u0131ms\u0131z T\u00fcrkiye&#8217;. D\u00f6nmez&#8217;in yazd\u0131\u011f\u0131 dergi, tutuklanmas\u0131n\u0131n ard\u0131ndan kapat\u0131ld\u0131.<\/p>\n<p style=\"text-align: justify;\">Peki D\u00f6nmez&#8217;in ba\u015f\u0131na bunlar\u0131n gelmesini sa\u011flayan ba\u015fka bir \u00f6zelli\u011fi var m\u0131?<\/p>\n<p style=\"text-align: justify;\"><strong>&#8220;TSK&#8217;deki cemaate kar\u015f\u0131&#8221; <\/strong><\/p>\n<p style=\"text-align: justify;\">Mustafa D\u00f6nmez, orduda cemaate kar\u015f\u0131 ki\u015fili\u011fi ile biliniyor. Cemaate mensup pek \u00e7ok subay\u0131 de\u015fifre eden D\u00f6nmez, TSK i\u00e7inde mevcut yap\u0131lanman\u0131n ev toplant\u0131lar\u0131 ile \u00f6rg\u00fctlendi\u011fini ortaya \u00e7\u0131kard\u0131. Cemaate alternatif olarak TSK&#8217;da k\u00fclt\u00fcr \u00e7al\u0131\u015fmalar\u0131 yapan D\u00f6nmez&#8217;in hayat\u0131 2009 y\u0131l\u0131n\u0131n Ocak ay\u0131nda \u00f6nce Sapanca&#8217;daki yazl\u0131k evinde, ard\u0131ndan da orada bulunan bir kroki arac\u0131l\u0131\u011f\u0131yla Zir Vadisi&#8217;nde askeri m\u00fchimmat bulundu\u011fu iddias\u0131yla de\u011fi\u015fti. D\u00f6nmez bu nedenle tutukland\u0131.<\/p>\n<p style=\"text-align: justify;\">\u015eimdi size D\u00f6nmez&#8217;in ad\u0131n\u0131n g\u00fcndeme gelmesine neden olan Zir Vadisi kaz\u0131lar\u0131yla ilgili \u00fc\u00e7 g\u00f6r\u00fcnt\u00fc izletelim.<\/p>\n<p style=\"text-align: justify;\"><strong>&#8220;Amerikal\u0131lar kurs verdi&#8221;<\/strong><\/p>\n<p style=\"text-align: justify;\">\u0130lki Zir Vadisi&#8217;nde bulunan bir m\u00fchimmat ile ilgili. Bomban\u0131n ad\u0131 &#8216;datasheet&#8217; okunu\u015fu &#8216;deta\u015fit&#8217;. Zir Vadisi&#8217;nde bulunan malzemenin i\u00e7inde \u00e7\u0131kan bu bomba t\u00fcr\u00fcn\u00fc T\u00fcrk polisi tan\u0131maz diyebilirsiniz. Ger\u00e7ekten de polisin bu bombay\u0131 ald\u0131\u011f\u0131 e\u011fitimle tan\u0131mas\u0131 m\u00fcmk\u00fcn de\u011fil. Ancak a\u015fa\u011f\u0131da izleyece\u011finiz g\u00f6r\u00fcnt\u00fclerde bu bombay\u0131 tan\u0131ma konusunda polisin Zir Vadisi kaz\u0131s\u0131ndan sadece 2 g\u00fcn \u00f6nce Amerikal\u0131 uzmanlardan e\u011fitim ald\u0131\u011f\u0131n\u0131 bizzat polislerin ifadesi ile izleyeceksiniz.&#8221;<\/p>\n<p style=\"text-align: justify;\"><strong>&#8220;Youtube&#8217;a bizden \u00f6nce koyma&#8221; <\/strong><\/p>\n<p style=\"text-align: justify;\">Oda.tv&#8217;deki haberde bu bilgilerle ilgili &#8220;\u0130nsan sormadan edemiyor. Polis iki g\u00fcn \u00f6nce ABD&#8217;lilerin ald\u0131\u011f\u0131 e\u011fitim sayesinde tan\u0131d\u0131\u011f\u0131 bombay\u0131 iki g\u00fcn sonraki kaz\u0131da nas\u0131l buluyor? Bu ne tesad\u00fcf. Mustafa D\u00f6nmez de kaz\u0131n\u0131n oldu\u011fu g\u00fcn Zir Vadisi yak\u0131nlar\u0131ndaki 5 ABD&#8217;li istihbarat\u00e7\u0131n\u0131n ne i\u015fi oldu\u011funu soruyor hakl\u0131 olarak&#8221; yorumu yap\u0131ld\u0131. Zir vadisi buluntular\u0131n\u0131n sahte oldu\u011fu iddias\u0131n\u0131 ortaya koyan g\u00f6r\u00fcnt\u00fclerle ilgili yorum, &#8220;Bu kadar da de\u011fil&#8221; denildikten sonra \u015f\u00f6yle devam etti:<\/p>\n<p style=\"text-align: justify;\">&#8220;A\u015fa\u011f\u0131da izleyece\u011finiz g\u00f6r\u00fcnt\u00fclerde ise polis, Amerikal\u0131 e\u011fitmenlerine &#8216;Abi&#8217; diye hitap ediyor. Ve i\u00e7lerinden biri cep telefonuyla m\u00fchimmat\u0131n g\u00f6r\u00fcnt\u00fclerini \u00e7ekiyor. Bir di\u011fer polis \u00e7eken polisi uyar\u0131yor: &#8216;Youtube&#8217;a bizden \u00f6nce atmay\u0131n!'&#8221;<\/p>\n<p style=\"text-align: justify;\"><strong>&#8220;Bir sehven de Mustafa D\u00f6nmez&#8217;e&#8221; <\/strong><\/p>\n<p style=\"text-align: justify;\">Zir Vadisi&#8217;nde bulunan m\u00fchimmatla ilgili, &#8220;Te\u011fmen Mehmet Ali \u00c7elebi&#8217;nin ba\u015f\u0131na gelenlerin bir benzeri Yarbay Mustafa D\u00f6nmez&#8217;in de ba\u015f\u0131na geliyor. Polisin g\u00f6nderdi\u011fi belgelerde D\u00f6nmez&#8217;de bulundu\u011fu hakk\u0131nda rapor verilen 472 adet merminin, ger\u00e7ekte D\u00f6nmez&#8217;de bulunmad\u0131\u011f\u0131n\u0131 Emniyet mahkemeye yazd\u0131\u011f\u0131 yaz\u0131yla kabul ediyor. K\u0131sacas\u0131 473 mermi &#8216;sehven&#8217; Mustafa D\u00f6nmez&#8217;de bulunuyor&#8221; yorumu yap\u0131l\u0131rken, Zir Vadisi&#8217;nde bulunan malzemelerin &#8220;s\u0131f\u0131r&#8221; \u00e7\u0131kmas\u0131 konusunda \u015f\u00f6yle denildi:<\/p>\n<p style=\"text-align: justify;\"><strong>Malzeme &#8216;s\u0131f\u0131r&#8217; <\/strong><\/p>\n<p style=\"text-align: justify;\">&#8220;Son g\u00f6r\u00fcnt\u00fclerimiz ise Zir Vadisi&#8217;nde bizzat kaz\u0131lar\u0131n yap\u0131ld\u0131\u011f\u0131 noktadan. Kaz\u0131ya tan\u0131k olan bir binba\u015f\u0131 ile bir ba\u015f\u00e7avu\u015fun konu\u015fmas\u0131. \u0130kili aras\u0131nda ge\u00e7en konu\u015fmadan hem bulunan malzemenin hem de kutular\u0131n\u0131n &#8216;s\u0131f\u0131r&#8217; oldu\u011fu anla\u015f\u0131l\u0131yor. 7 Ocak 2009 g\u00fcn\u00fc yap\u0131lan konu\u015fmada yap\u0131lan tespit, bulunan m\u00fchimmat\u0131n hen\u00fcz kar g\u00f6rmedi\u011fi hatta hi\u00e7 \u0131slanmad\u0131\u011f\u0131. Sadece bir hafta \u00f6nce Ankara&#8217;da okullar\u0131n kar nedeniyle tatil edildi\u011fi hat\u0131rlan\u0131rsa bu biraz garip bir durum. Buradan hareketle iki asker malzemelerin &#8216;en fazla iki g\u00fcnl\u00fck&#8217; oldu\u011fu sonucuna var\u0131yor. Malzemenin \u00fczerindeki gazetelere bak\u0131ld\u0131\u011f\u0131nda ise gazetelerin de yeni oldu\u011fu g\u00f6r\u00fcl\u00fcyor. Binba\u015f\u0131 kaz\u0131y\u0131 inand\u0131r\u0131c\u0131 bulmad\u0131\u011f\u0131n\u0131 &#8216;eski kitaplar bunlar&#8217; s\u00f6zleriyle g\u00f6steriyor.&#8221;<\/p>\n<p style=\"text-align: justify;\"><strong>&#8220;Savc\u0131lara soru: Kaz\u0131lar neden gece yap\u0131l\u0131yor?&#8221; <\/strong><\/p>\n<p style=\"text-align: justify;\">Oda.tv, CMK&#8217;n\u0131n kapal\u0131 yerlerde gece aramalar\u0131n\u0131n yap\u0131lamayaca\u011f\u0131n\u0131 ancak, CMK 118\/2 uyar\u0131nca su\u00e7\u00fcst\u00fc veya gecikmesinde sak\u0131nca bulunan hallerle yakalanm\u0131\u015f veya g\u00f6zalt\u0131na al\u0131nm\u0131\u015f olup firar eden ki\u015fi veya tutuklu ve h\u00fck\u00fcml\u00fcn\u00fcn tekrar yakalanmas\u0131 amac\u0131yla yap\u0131lan aramalarda bu h\u00fckme uyulmayabilece\u011fini hat\u0131rlat\u0131rken \u015fu de\u011ferlendirmeyi yapt\u0131:<\/p>\n<p style=\"text-align: justify;\">&#8220;<span style=\"text-decoration: underline;\">Bu kaz\u0131larda 2. F\u0131kraya dair hallerin olmad\u0131\u011f\u0131 a\u00e7\u0131k\u00e7a ortada olmas\u0131na ra\u011fmen, polis bu aramalar\u0131n tamam\u0131n\u0131 gece yapmay\u0131 tercih ediyor. Aramalar\u0131n g\u00fcnd\u00fcz g\u00f6z\u00fcyle yap\u0131lmas\u0131n\u0131 nedense uygun bulmuyor.<\/span><\/p>\n<p style=\"text-align: justify;\"><span style=\"text-decoration: underline;\">Bug\u00fcn savunmas\u0131n\u0131 yapmaya ba\u015flayacak &#8216;sak\u0131ncal\u0131 piyade&#8217; Mustafa D\u00f6nmez, ne zaman a\u011fz\u0131n\u0131 a\u00e7sa kendisine bir &#8216;polis komplosu&#8217; yap\u0131ld\u0131\u011f\u0131n\u0131 anlat\u0131yor, TSK ve emniyette cemaat \u00f6rg\u00fctlenmesine vurgu yap\u0131yor.<\/span><\/p>\n<p style=\"text-align: justify;\"><span style=\"text-decoration: underline;\">G\u00f6r\u00fcnt\u00fclere bak\u0131nca Mustafa D\u00f6nmez&#8217;e &#8216;haks\u0131zs\u0131n&#8217; demek m\u00fcmk\u00fcn m\u00fc?<\/span>&#8220;<\/p>\n<p style=\"text-align: justify;\"><a href=\"http:\/\/www.cumhuriyet.com.tr\/?hn=216736\" target=\"_blank\"><span style=\"color: #808080;\">Kaynak : Cumhuriyet Haber Portal\u0131<\/span><\/a><\/p>\n<hr style=\"width: 500px;\" \/>\n<p style=\"text-align: justify;\"><span style=\"text-decoration: underline; color: #888888;\"><span style=\"background-color: #ffffff;\">Bu g\u00f6r\u00fcnt\u00fcleri merak edenler i\u00e7in ;<\/span><\/span><\/p>\n<p style=\"text-align: justify;\"><a href=\"http:\/\/www.hakimiyetimilliye.org\/index.php\/hm-yazarlari\/1077940-odatv-yayinladigi-bu-goruntuler-nedeniyle-mi-basildi.html\" target=\"_blank\">http:\/\/www.hakimiyetimilliye.org\/index.php\/hm-yazarlari\/1077940-odatv-yayinladigi-bu-goruntuler-nedeniyle-mi-basildi.html<\/a><\/p>\n","protected":false},"excerpt":{"rendered":"<p style=\"text-align: center;\">\n<p style=\"text-align: justify;\">T\u00fcrkiye&#8217;nin g\u00fcndemini sarsan haberleriyle tan\u0131nan ve iktidar \u00e7evrelerinin tepkisini \u00fczerine \u00e7eken Oda.tv internet sitesinin y\u00f6neticilerinin evlerinde arama yap\u0131ld\u0131\u011f\u0131 g\u00fcn, Zir vadisi buluntular\u0131n\u0131n sahte olabilece\u011fine ili\u015fkin g\u00f6r\u00fcnt\u00fcleri yay\u0131nlad\u0131.<\/p>\n<p style=\"text-align: justify;\">Ankara &#8211; T\u00fcrkiye&#8217;nin g\u00fcndemini sarsan haberleriyle internet gazetecili\u011fine damgas\u0131n\u0131 vuran Oda.tv merkezi ve y\u00f6neticilerinin evlerinde arama yap\u0131ld\u0131\u011f\u0131 g\u00fcn, Amerikal\u0131lar&#8217;\u0131n Ergenekon polislerine <\/p>\n","protected":false},"author":1,"featured_media":0,"comment_status":"open","ping_status":"closed","sticky":false,"template":"","format":"standard","meta":{"footnotes":""},"categories":[105],"tags":[],"class_list":["post-28343","post","type-post","status-publish","format-standard","hentry","category-gundem","odd"],"_links":{"self":[{"href":"http:\/\/www.korhanyilmaz.com\/index.php?rest_route=\/wp\/v2\/posts\/28343","targetHints":{"allow":["GET"]}}],"collection":[{"href":"http:\/\/www.korhanyilmaz.com\/index.php?rest_route=\/wp\/v2\/posts"}],"about":[{"href":"http:\/\/www.korhanyilmaz.com\/index.php?rest_route=\/wp\/v2\/types\/post"}],"author":[{"embeddable":true,"href":"http:\/\/www.korhanyilmaz.com\/index.php?rest_route=\/wp\/v2\/users\/1"}],"replies":[{"embeddable":true,"href":"http:\/\/www.korhanyilmaz.com\/index.php?rest_route=%2Fwp%2Fv2%2Fcomments&post=28343"}],"version-history":[{"count":0,"href":"http:\/\/www.korhanyilmaz.com\/index.php?rest_route=\/wp\/v2\/posts\/28343\/revisions"}],"wp:attachment":[{"href":"http:\/\/www.korhanyilmaz.com\/index.php?rest_route=%2Fwp%2Fv2%2Fmedia&parent=28343"}],"wp:term":[{"taxonomy":"category","embeddable":true,"href":"http:\/\/www.korhanyilmaz.com\/index.php?rest_route=%2Fwp%2Fv2%2Fcategories&post=28343"},{"taxonomy":"post_tag","embeddable":true,"href":"http:\/\/www.korhanyilmaz.com\/index.php?rest_route=%2Fwp%2Fv2%2Ftags&post=28343"}],"curies":[{"name":"wp","href":"https:\/\/api.w.org\/{rel}","templated":true}]}}