{"id":28337,"date":"2011-02-14T09:04:41","date_gmt":"2011-02-14T07:04:41","guid":{"rendered":"http:\/\/www.korhanyilmaz.com\/?p=28337"},"modified":"2011-02-14T09:04:41","modified_gmt":"2011-02-14T07:04:41","slug":"oda-tvde-polis-aramasi","status":"publish","type":"post","link":"http:\/\/www.korhanyilmaz.com\/?p=28337","title":{"rendered":"Oda Tv&#8217;de polis aramas\u0131"},"content":{"rendered":"<p style=\"text-align: justify;\">\n<div id=\"attachment_28338\" style=\"width: 330px\" class=\"wp-caption aligncenter\"><a href=\"http:\/\/www.korhanyilmaz.com\/wp-content\/uploads\/2011\/02\/344.jpg\"  class=\"lightview\"><img loading=\"lazy\" decoding=\"async\" aria-describedby=\"caption-attachment-28338\" class=\"size-full wp-image-28338 \" src=\"http:\/\/www.korhanyilmaz.com\/wp-content\/uploads\/2011\/02\/344.jpg\" alt=\"\" width=\"320\" height=\"214\" \/><\/a><p id=\"caption-attachment-28338\" class=\"wp-caption-text\">Oda TV Haber m\u00fcd\u00fcr\u00fc Bar\u0131\u015f Terko\u011flu&#39;nun avukat\u0131 Serkan G\u00fcnel de arama s\u0131ras\u0131nda haz\u0131r bulunuyor<\/p><\/div>\n<p>Oda Tv internet sitesinin \u0130stanbul&#8217;daki merkezinde polis taraf\u0131ndan arama yap\u0131l\u0131yor.<\/p>\n<p style=\"text-align: justify;\">Oda TV haber sitesinin \u0130stanbul\u2019daki binas\u0131nda ve yazarlar\u0131n evlerinde polis ekipleri arama ba\u015flatt\u0131. Aramalar\u0131n, \u201cErgenekon ter\u00f6r \u00f6rg\u00fct\u00fc \u00fcyeli\u011fi ve bu kapsamda halk\u0131 kin ve d\u00fc\u015fmanl\u0131\u011fa tahrik etmek su\u00e7lamas\u0131yla\u201d yap\u0131ld\u0131\u011f\u0131 \u00f6\u011frenildi. <!--more--><\/p>\n<p style=\"text-align: justify;\">Oda TV Haber M\u00fcd\u00fcr\u00fc Bar\u0131\u015f Terko\u011flu\u2019nun evi de polis ekipleri taraf\u0131ndan aran\u0131yor. Terko\u011flu\u2019nun avukat\u0131 Serkan G\u00fcnel aramayla ilgili yapt\u0131\u011f\u0131 a\u00e7\u0131klamada, &#8220;Salonda toplanm\u0131\u015flar, kitapl\u0131klardan itibaren ba\u015flad\u0131lar aramaya. Arama karar\u0131n\u0131 g\u00f6sterdiler. Evde Bar\u0131\u015f Terko\u011flu ve e\u015fi var. Ergenekon ter\u00f6r \u00f6rg\u00fct\u00fc \u00fcyeli\u011fi ve bu kapsamda halk\u0131 kin ve d\u00fc\u015fmanl\u0131\u011fa tahrik etmek su\u00e7lamas\u0131 var&#8221; diye konu\u015ftu.<\/p>\n<p style=\"text-align: justify;\"><strong>ARAMAYI S\u0130TES\u0130NDE \u201cFLA\u015e\u201d OLARAK DUYURDU<\/strong><\/p>\n<p style=\"text-align: justify;\"><a href=\"http:\/\/www.korhanyilmaz.com\/wp-content\/uploads\/2011\/02\/345.jpg\"  class=\"lightview\"><img loading=\"lazy\" decoding=\"async\" class=\"alignleft size-full wp-image-28339\" style=\"margin-left: 10px; margin-right: 10px;\" src=\"http:\/\/www.korhanyilmaz.com\/wp-content\/uploads\/2011\/02\/345.jpg\" alt=\"\" width=\"210\" height=\"298\" \/><\/a>Odatv internet sitesi, y\u00f6netici ve \u00e7al\u0131\u015fanlar\u0131n\u0131n evlerinde yap\u0131lan polis aramas\u0131n\u0131 \u201cfla\u015f\u201d olarak duyurdu. Odatv, aramayla ilgili haberini \u201cBu sabah erken saatlerinden itibaren Odatv y\u00f6netiminden Soner Yal\u00e7\u0131n, Genel Yay\u0131n Y\u00f6netmeni Bar\u0131\u015f Pehlivan ve Haber M\u00fcd\u00fcr\u00fc Bar\u0131\u015f Terko\u011flu\u2019nun evinde arama yap\u0131l\u0131yor. Polisler Odatv binas\u0131nda aramalar yap\u0131yor. Geli\u015fmeler Odatv\u2019de olacak\u201d diye verdi.<\/p>\n<p style=\"text-align: justify;\">G\u00fcndemi sarsan haberlerle ad\u0131n\u0131 duyuran ba\u011f\u0131ms\u0131z internet haber ve bilgi sitesi Odatv\u2019nin y\u00f6neticilerinin evlerinin polis taraf\u0131ndan bas\u0131lmas\u0131 vatanda\u015flar\u0131n tepkileriyle kar\u015f\u0131land\u0131. Vatanda\u015flar operasyona tepkilerini internet sitesine \u015fu ifadelerle yans\u0131tt\u0131:<\/p>\n<p style=\"text-align: justify;\">\u201c-Muhalif olman\u0131n su\u00e7 oldu\u011fu bir ortamda ODA TV y\u00f6neticilerinin bu t\u00fcr bir operasyon bekledikleri kanaatindeyim, y\u0131lmadan karanl\u0131klar\u0131n ayd\u0131nl\u0131\u011fa \u00e7\u0131kaca\u011f\u0131na inanarak direnmek gerek, ODA TV\u2019nin susturulamayacak kadar b\u00fcy\u00fcd\u00fc\u011f\u00fcn\u00fc ve bu yap\u0131lan\u0131n ODA TV&#8217;ye tevecc\u00fch\u00fc daha da artt\u0131rmaktan ba\u015fka bir i\u015fe yaramayaca\u011f\u0131n\u0131 d\u00fc\u015f\u00fcn\u00fcyorum.<\/p>\n<p style=\"text-align: justify;\">-Ama\u00e7 Oda tv\u2019yi de susturmak y\u0131ld\u0131rmak.<\/p>\n<p style=\"text-align: justify;\">-Yan\u0131n\u0131zda olamad\u0131\u011f\u0131m\u0131z i\u00e7in \u00fczg\u00fcn\u00fcz. Ama siz bunlar\u0131n olaca\u011f\u0131n\u0131 biliyordunuz ve cesaretinizden bir \u015fey kaybetmedi\u011finizden eminim. Y\u00fcz\u00fcn\u00fcz g\u00fcls\u00fcn, g\u00f6zleriniz parlas\u0131n. Demek ki yazd\u0131klar\u0131n\u0131z sonuna kadar do\u011fru, sonuna kadar hakl\u0131s\u0131n\u0131z. Y\u00fcre\u011fimiz sizlerle&#8230;<\/p>\n<p style=\"text-align: justify;\">-AKP yoku\u015f a\u015fa\u011f\u0131 son s\u00fcrat ko\u015fuyor&#8230; Duramaz, durursa yuvarlan\u0131p yok olaca\u011f\u0131n\u0131 biliyor&#8230; \u00d6n\u00fcne ne \u00e7\u0131karsa \u00e7arp\u0131p y\u0131kmaya \u00e7al\u0131\u015f\u0131yor&#8230; Odatv.com y\u0131k\u0131ma giden AKP&#8217;nin \u00e7arpaca\u011f\u0131 en sert kayalardan biridir!!!<\/p>\n<p style=\"text-align: justify;\">-Onlar i\u00e7eri girmeden \u00f6nce ke\u015fke siz onlar\u0131 arasayd\u0131n\u0131z. Delilleri yan\u0131nda getirmi\u015f olabilirler. Emin olun yan\u0131ndad\u0131r.<\/p>\n<p style=\"text-align: justify;\">-YAZIKLAR OLSUN BU \u0130KT\u0130DARA! Ortal\u0131kta muhalif b\u0131rakmamaya yeminliler! Ama T\u00fcrkler Araplara benzemezler. Devrimi yapt\u0131lar m\u0131 tam yaparlar. Sonra &#8220;demokrasi&#8221; dediklerinden hep bu tongalara d\u00fc\u015f\u00fcyorlar ama \u015fimdi bundan ders de ald\u0131k. art\u0131k hi\u00e7bir \u015fey eskisi gibi olmayacak!\u201d<\/p>\n<p style=\"text-align: justify;\"><strong>BALBAY: SONER YAL\u00c7IN L\u0130STEM\u0130Z\u0130N BA\u015eINDA<\/strong><\/p>\n<p style=\"text-align: justify;\">Oda Tv bask\u0131n\u0131 \u0130kinci Ergenekon Davas\u0131\u2019n\u0131n 100\u2019\u00fcnc\u00fc duru\u015fmas\u0131n\u0131n da g\u00fcndemindeydi.<\/p>\n<p style=\"text-align: justify;\">Soner Yal\u00e7\u0131n\u2019\u0131n evinde yap\u0131lan aramaya de\u011finen tutuklu san\u0131k Mustafa Balbay, &#8220;Burada i\u00e7eri al\u0131nacaklar listesi haz\u0131rlad\u0131k. Bu listenin ba\u015f\u0131nda da Soner Yal\u00e7\u0131n yer al\u0131yordu. B\u00f6yle gazetecilik yaparsan, b\u00f6yle olur diye d\u00fc\u015f\u00fcn\u00fcyorduk. Listedeki di\u011fer isimleri a\u00e7\u0131klamak istemem, sonra Mustafa Balbay\u2019dan bilirler. Bizi siyasi iktidar\u0131n malzemesi yapmay\u0131n. T\u00fcrkiye\u2019nin a\u00e7\u0131k hava hapishanesine d\u00f6nmesine izin vermeyin&#8221; dedi.<\/p>\n<p style=\"text-align: justify;\"><strong><span style=\"color: #993300;\">\u0130\u015eTE ODA TV&#8217;N\u0130N SON HABER\u0130<\/span><\/strong><\/p>\n<p style=\"text-align: justify;\">T\u00fcrkiye\u2019nin g\u00fcndemini sarsan haberleriyle internet gazetecili\u011fine damgas\u0131n\u0131 vuran Oda Tv merkezi ve y\u00f6neticilerinin evlerinde arama yap\u0131ld\u0131\u011f\u0131 g\u00fcn, Amerikal\u0131lar\u2019\u0131n Ergenekon polislerine verdi\u011fi e\u011fitim ve Zir vadisi buluntular\u0131n\u0131n sahte olabilece\u011fine ili\u015fkin g\u00f6r\u00fcnt\u00fcleri yay\u0131nlad\u0131. S\u00f6z konusu belgeler Oda Tv\u2019nin internet sitesinde \u201cBu g\u00f6r\u00fcnt\u00fcler Ergenekon Davas\u0131\u2019n\u0131n kaderini de\u011fi\u015ftirecek\u201d \u00fcstba\u015fl\u0131\u011f\u0131yla verildi.<\/p>\n<p style=\"text-align: justify;\">Oda Tv internet sitesinde \u2013y\u00f6neticilerin evleri bas\u0131lmadan \u00f6nce- g\u00fcn\u00fcn fla\u015f haberi, \u201cBu g\u00f6r\u00fcnt\u00fcler Ergenekon Davas\u0131\u2019n\u0131n kaderini de\u011fi\u015ftirecek. \u0130\u015fte Amerikal\u0131lar\u2019\u0131n Ergenekon Polislerine Verdi\u011fi E\u011fitimin Belgesi\u201d ba\u015fl\u0131\u011f\u0131yla sunulan ve \u00fc\u00e7 video g\u00f6r\u00fcnt\u00fcs\u00fc i\u00e7eren haberdi. Yarbay Mustafa D\u00f6nmez\u2019in, Zir Vadisi\u2019nde bulunan askeri m\u00fchimmat\u0131n sorumlusu olarak 2 y\u0131ldan beri tutuklu oldu\u011fu, D\u00f6nmez\u2019in Ergenekon \u00fcyesi olmakla su\u00e7land\u0131\u011f\u0131, kendisinin bug\u00fcn savunma yapmaya ba\u015flayaca\u011f\u0131 belirtilen haberde D\u00f6nmez\u2019in yarg\u0131land\u0131\u011f\u0131 davayla ilgili olarak \u201c\u015fok edici \u00fc\u00e7 video\u201d ele ge\u00e7irildi\u011fi bildirildi. Haberde video linklerinden \u00f6nce, bug\u00fcn davada savunmaya ba\u015flayacak yarbayla ilgili \u015fu bilgiler yer ald\u0131:<\/p>\n<p style=\"text-align: justify;\">&#8220;Yarbay Mustafa D\u00f6nmez, TSK\u2019n\u0131n i\u00e7indeki \u2018sak\u0131ncal\u0131 piyade\u2019lerden. 68 ku\u015fa\u011f\u0131ndan gelen bir baban\u0131n \u00e7ocu\u011fu olan D\u00f6nmez, 1980\u2019de ODT\u00dc\u2019de \u00f6\u011frenciydi. \u00dcniversitede sol g\u00f6r\u00fc\u015fe yak\u0131n olan D\u00f6nmez, bir eylemde yaraland\u0131. Bundan sonra okulu b\u0131rakt\u0131. Ailesinin deste\u011fi ile Kara Harp Okulu s\u0131navlar\u0131na girdi. S\u0131navda 6. oldu. Harp Okulu\u2019na girdi ve 1985 y\u0131l\u0131nda mezun oldu.<\/p>\n<p style=\"text-align: justify;\">Mustafa D\u00f6nmez, muharip de\u011fildi. Karargahta g\u00f6rev yap\u0131yordu. Tutukland\u0131\u011f\u0131nda \u2018ikmal subay\u0131\u2019 olan D\u00f6nmez, bug\u00fcne kadar milyonlarca liral\u0131k sat\u0131n alma ger\u00e7ekle\u015ftirdi ve bilinen usuls\u00fczl\u00fc\u011f\u00fc olmad\u0131. Aziz Nesin\u2019den Attila \u0130lhan\u2019a kadar pek \u00e7ok isimle tan\u0131\u015f\u0131kl\u0131\u011f\u0131 olan D\u00f6nmez\u2019in kendisinin de pek \u00e7ok dergi de yaz\u0131s\u0131 \u00e7\u0131kt\u0131. D\u00f6nmez\u2019in son yaz\u0131s\u0131n\u0131n ba\u015fl\u0131\u011f\u0131 \u2018Mustafa Kemal ve Tam Ba\u011f\u0131ms\u0131z T\u00fcrkiye\u2019. D\u00f6nmez\u2019in yazd\u0131\u011f\u0131 dergi, tutuklanmas\u0131n\u0131n ard\u0131ndan kapat\u0131ld\u0131. Peki D\u00f6nmez\u2019in ba\u015f\u0131na bunlar\u0131n gelmesini sa\u011flayan ba\u015fka bir \u00f6zelli\u011fi var m\u0131?<\/p>\n<p style=\"text-align: justify;\">Mustafa D\u00f6nmez, orduda cemaate kar\u015f\u0131 ki\u015fili\u011fi ile biliniyor. Cemaate mensup pek \u00e7ok subay\u0131 de\u015fifre eden D\u00f6nmez, TSK i\u00e7inde mevcut yap\u0131lanman\u0131n ev toplant\u0131lar\u0131 ile \u00f6rg\u00fctlendi\u011fini ortaya \u00e7\u0131kard\u0131. Cemaate alternatif olarak TSK\u2019da k\u00fclt\u00fcr \u00e7al\u0131\u015fmalar\u0131 yapan D\u00f6nmez\u2019in hayat\u0131 2009 y\u0131l\u0131n\u0131n Ocak ay\u0131nda \u00f6nce Sapanca\u2019daki yazl\u0131k evinde, ard\u0131ndan da orada bulunan bir kroki arac\u0131l\u0131\u011f\u0131yla Zir Vadisi\u2019nde askeri m\u00fchimmat bulundu\u011fu iddias\u0131yla de\u011fi\u015fti. D\u00f6nmez bu nedenle tutukland\u0131. \u015eimdi size D\u00f6nmez\u2019in ad\u0131n\u0131n g\u00fcndeme gelmesine neden olan Zir Vadisi kaz\u0131lar\u0131yla ilgili \u00fc\u00e7 g\u00f6r\u00fcnt\u00fc izletelim\u2026<\/p>\n<p style=\"text-align: justify;\"><strong>&#8216;AMER\u0130KALILAR KURS VERD\u0130&#8217;<\/strong><\/p>\n<p style=\"text-align: justify;\">\u0130lki Zir Vadisi\u2019nde bulunan bir m\u00fchimmat ile ilgili. Bomban\u0131n ad\u0131 \u2018datasheet\u2019 okunu\u015fu \u2018deta\u015fit\u2019. Zir Vadisi\u2019nde bulunan malzemenin i\u00e7inde \u00e7\u0131kan bu bomba t\u00fcr\u00fcn\u00fc T\u00fcrk polisi tan\u0131maz diyebilirsiniz. Ger\u00e7ekten de polisin bu bombay\u0131 ald\u0131\u011f\u0131 e\u011fitimle tan\u0131mas\u0131 m\u00fcmk\u00fcn de\u011fil. Ancak a\u015fa\u011f\u0131da izleyece\u011finiz g\u00f6r\u00fcnt\u00fclerde bu bombay\u0131 tan\u0131ma konusunda polisin Zir Vadisi kaz\u0131s\u0131ndan sadece 2 g\u00fcn \u00f6nce Amerikal\u0131 uzmanlardan e\u011fitim ald\u0131\u011f\u0131n\u0131 bizzat polislerin ifadesi ile izleyeceksiniz.\u201d<\/p>\n<p style=\"text-align: justify;\"><strong>\u201cYOUTUBE\u2019A B\u0130ZDEN \u00d6NCE KOYMA\u201d<\/strong><\/p>\n<p style=\"text-align: justify;\">Oda Tv\u2019deki haberde bu bilgilerle ilgili \u015fu ifadelere yer verildi:<\/p>\n<p style=\"text-align: justify;\">\u201c\u0130nsan sormadan edemiyor. Polis iki g\u00fcn \u00f6nce ABD\u2019lilerin ald\u0131\u011f\u0131 e\u011fitim sayesinde tan\u0131d\u0131\u011f\u0131 bombay\u0131 iki g\u00fcn sonraki kaz\u0131da nas\u0131l buluyor? Bu ne tesad\u00fcf. Mustafa D\u00f6nmez de kaz\u0131n\u0131n oldu\u011fu g\u00fcn Zir Vadisi yak\u0131nlar\u0131ndaki 5 ABD\u2019li istihbarat\u00e7\u0131n\u0131n ne i\u015fi oldu\u011funu soruyor hakl\u0131 olarak\u201d yorumu yap\u0131ld\u0131. Zir vadisi buluntular\u0131n\u0131n sahte oldu\u011fu iddias\u0131n\u0131 ortaya koyan g\u00f6r\u00fcnt\u00fclerle ilgili yorum, \u201cBu kadar da de\u011fil\u201d denildikten sonra \u015f\u00f6yle devam etti:<\/p>\n<p style=\"text-align: justify;\">\u201cA\u015fa\u011f\u0131da izleyece\u011finiz g\u00f6r\u00fcnt\u00fclerde ise polis, Amerikal\u0131 e\u011fitmenlerine \u2018Abi\u2019 diye hitap ediyor. Ve i\u00e7lerinden biri cep telefonuyla m\u00fchimmat\u0131n g\u00f6r\u00fcnt\u00fclerini \u00e7ekiyor. Bir di\u011fer polis \u00e7eken polisi uyar\u0131yor: \u2018Youtube\u2019a bizden \u00f6nce atmay\u0131n!\u2019\u201d<\/p>\n<p style=\"text-align: justify;\">Zir Vadisi\u2019nde bulunan m\u00fchimmatla ilgili, \u201cTe\u011fmen Mehmet Ali \u00c7elebi\u2019nin ba\u015f\u0131na gelenlerin bir benzeri Yarbay Mustafa D\u00f6nmez\u2019in de ba\u015f\u0131na geliyor. Polisin g\u00f6nderdi\u011fi belgelerde D\u00f6nmez\u2019de bulundu\u011fu hakk\u0131nda rapor verilen 472 adet merminin, ger\u00e7ekte D\u00f6nmez\u2019de bulunmad\u0131\u011f\u0131n\u0131 Emniyet mahkemeye yazd\u0131\u011f\u0131 yaz\u0131yla kabul ediyor. K\u0131sacas\u0131 473 mermi \u2018sehven\u2019 Mustafa D\u00f6nmez\u2019de bulunuyor\u201d yorumu yap\u0131l\u0131rken, Zir Vadisi\u2019nde bulunan malzemelerin \u201cs\u0131f\u0131r\u201d \u00e7\u0131kmas\u0131 konusunda \u015f\u00f6yle denildi:<\/p>\n<p style=\"text-align: justify;\">\u201cSon g\u00f6r\u00fcnt\u00fclerimiz ise Zir Vadisi\u2019nde bizzat kaz\u0131lar\u0131n yap\u0131ld\u0131\u011f\u0131 noktadan. Kaz\u0131ya tan\u0131k olan bir binba\u015f\u0131 ile bir ba\u015f\u00e7avu\u015fun konu\u015fmas\u0131. \u0130kili aras\u0131nda ge\u00e7en konu\u015fmadan hem bulunan malzemenin hem de kutular\u0131n\u0131n \u2018s\u0131f\u0131r\u2019 oldu\u011fu anla\u015f\u0131l\u0131yor. 7 Ocak 2009 g\u00fcn\u00fc yap\u0131lan konu\u015fmada yap\u0131lan tespit, bulunan m\u00fchimmat\u0131n hen\u00fcz kar g\u00f6rmedi\u011fi hatta hi\u00e7 \u0131slanmad\u0131\u011f\u0131. Sadece bir hafta \u00f6nce Ankara\u2019da okullar\u0131n kar nedeniyle tatil edildi\u011fi hat\u0131rlan\u0131rsa bu biraz garip bir durum. Buradan hareketle iki asker malzemelerin \u2018en fazla iki g\u00fcnl\u00fck\u2019 oldu\u011fu sonucuna var\u0131yor. Malzemenin \u00fczerindeki gazetelere bak\u0131ld\u0131\u011f\u0131nda ise gazetelerin de yeni oldu\u011fu g\u00f6r\u00fcl\u00fcyor. Binba\u015f\u0131 kaz\u0131y\u0131 inand\u0131r\u0131c\u0131 bulmad\u0131\u011f\u0131n\u0131 \u2018eski kitaplar bunlar\u2019 s\u00f6zleriyle g\u00f6steriyor.\u201d<\/p>\n<p style=\"text-align: justify;\"><strong>&#8220;SAVCILARA SORU: KAZILAR NEDEN GECE YAPILIYOR?&#8221;<\/strong><\/p>\n<p style=\"text-align: justify;\">Oda Tv, CMK\u2019n\u0131n kapal\u0131 yerlerde gece aramalar\u0131n\u0131n yap\u0131lamayaca\u011f\u0131n\u0131 ancak, CMK 118\/2 uyar\u0131nca su\u00e7\u00fcst\u00fc veya gecikmesinde sak\u0131nca bulunan hallerle yakalanm\u0131\u015f veya g\u00f6zalt\u0131na al\u0131nm\u0131\u015f olup firar eden ki\u015fi veya tutuklu ve h\u00fck\u00fcml\u00fcn\u00fcn tekrar yakalanmas\u0131 amac\u0131yla yap\u0131lan aramalarda bu h\u00fckme uyulmayabilece\u011fini hat\u0131rlat\u0131rken \u015fu de\u011ferlendirmeyi yapt\u0131:<\/p>\n<p style=\"text-align: justify;\">\u201cBu kaz\u0131larda 2. F\u0131kraya dair hallerin olmad\u0131\u011f\u0131 a\u00e7\u0131k\u00e7a ortada olmas\u0131na ra\u011fmen, polis bu aramalar\u0131n tamam\u0131n\u0131 gece yapmay\u0131 tercih ediyor. Aramalar\u0131n g\u00fcnd\u00fcz g\u00f6z\u00fcyle yap\u0131lmas\u0131n\u0131 nedense uygun bulmuyor. Bug\u00fcn savunmas\u0131n\u0131 yapmaya ba\u015flayacak \u2018sak\u0131ncal\u0131 piyade\u2019 Mustafa D\u00f6nmez, ne zaman a\u011fz\u0131n\u0131 a\u00e7sa kendisine bir \u2018polis komplosu\u2019 yap\u0131ld\u0131\u011f\u0131n\u0131 anlat\u0131yor, TSK ve emniyette cemaat \u00f6rg\u00fctlenmesine vurgu yap\u0131yor. G\u00f6r\u00fcnt\u00fclere bak\u0131nca Mustafa D\u00f6nmez\u2019e \u2018haks\u0131zs\u0131n\u2019 demek m\u00fcmk\u00fcn m\u00fc?\u201d (ajanslar)<\/p>\n<p style=\"text-align: justify;\"><a href=\"http:\/\/www.radikal.com.tr\/Radikal.aspx?aType=RadikalDetayV3&amp;ArticleID=1039931&amp;Date=14.02.2011&amp;CategoryID=77\" target=\"_blank\"><span style=\"color: #808080;\">Kaynak : Radikal<\/span><\/a><\/p>\n","protected":false},"excerpt":{"rendered":"<p style=\"text-align: justify;\">\n<p id=\"caption-attachment-28338\" class=\"wp-caption-text\">Oda TV Haber m\u00fcd\u00fcr\u00fc Bar\u0131\u015f Terko\u011flu&#39;nun avukat\u0131 Serkan G\u00fcnel de arama s\u0131ras\u0131nda haz\u0131r bulunuyor<\/p>\n<p>Oda Tv internet sitesinin \u0130stanbul&#8217;daki merkezinde polis taraf\u0131ndan arama yap\u0131l\u0131yor.<\/p>\n<p style=\"text-align: justify;\">Oda TV haber sitesinin \u0130stanbul\u2019daki binas\u0131nda ve yazarlar\u0131n evlerinde polis ekipleri arama ba\u015flatt\u0131. Aramalar\u0131n, \u201cErgenekon ter\u00f6r \u00f6rg\u00fct\u00fc \u00fcyeli\u011fi ve bu kapsamda halk\u0131 kin ve <\/p>\n","protected":false},"author":1,"featured_media":0,"comment_status":"open","ping_status":"closed","sticky":false,"template":"","format":"standard","meta":{"footnotes":""},"categories":[105],"tags":[],"class_list":["post-28337","post","type-post","status-publish","format-standard","hentry","category-gundem","odd"],"_links":{"self":[{"href":"http:\/\/www.korhanyilmaz.com\/index.php?rest_route=\/wp\/v2\/posts\/28337","targetHints":{"allow":["GET"]}}],"collection":[{"href":"http:\/\/www.korhanyilmaz.com\/index.php?rest_route=\/wp\/v2\/posts"}],"about":[{"href":"http:\/\/www.korhanyilmaz.com\/index.php?rest_route=\/wp\/v2\/types\/post"}],"author":[{"embeddable":true,"href":"http:\/\/www.korhanyilmaz.com\/index.php?rest_route=\/wp\/v2\/users\/1"}],"replies":[{"embeddable":true,"href":"http:\/\/www.korhanyilmaz.com\/index.php?rest_route=%2Fwp%2Fv2%2Fcomments&post=28337"}],"version-history":[{"count":0,"href":"http:\/\/www.korhanyilmaz.com\/index.php?rest_route=\/wp\/v2\/posts\/28337\/revisions"}],"wp:attachment":[{"href":"http:\/\/www.korhanyilmaz.com\/index.php?rest_route=%2Fwp%2Fv2%2Fmedia&parent=28337"}],"wp:term":[{"taxonomy":"category","embeddable":true,"href":"http:\/\/www.korhanyilmaz.com\/index.php?rest_route=%2Fwp%2Fv2%2Fcategories&post=28337"},{"taxonomy":"post_tag","embeddable":true,"href":"http:\/\/www.korhanyilmaz.com\/index.php?rest_route=%2Fwp%2Fv2%2Ftags&post=28337"}],"curies":[{"name":"wp","href":"https:\/\/api.w.org\/{rel}","templated":true}]}}