{"id":28327,"date":"2011-02-14T12:15:25","date_gmt":"2011-02-14T10:15:25","guid":{"rendered":"http:\/\/www.korhanyilmaz.com\/?p=28327"},"modified":"2011-02-14T12:15:25","modified_gmt":"2011-02-14T10:15:25","slug":"cetin-dogan-adliyede-belgeler-curuk","status":"publish","type":"post","link":"http:\/\/www.korhanyilmaz.com\/?p=28327","title":{"rendered":"\u00c7etin Do\u011fan adliyede: &#8220;Belgeler \u00e7\u00fcr\u00fck&#8221;"},"content":{"rendered":"<p style=\"text-align: center;\"><a href=\"http:\/\/www.korhanyilmaz.com\/wp-content\/uploads\/2011\/02\/342.jpg\"  class=\"lightview\"><img loading=\"lazy\" decoding=\"async\" class=\"aligncenter size-full wp-image-28328\" src=\"http:\/\/www.korhanyilmaz.com\/wp-content\/uploads\/2011\/02\/342.jpg\" alt=\"\" width=\"307\" height=\"236\" \/><\/a><\/p>\n<p style=\"text-align: justify;\">&#8220;Balyoz darbe plan\u0131&#8221; davas\u0131 kapsam\u0131nda hakk\u0131nda yakalama karar\u0131 \u00e7\u0131kar\u0131lan emekli Orgeneral \u00c7etin Do\u011fan, Be\u015fikta\u015f&#8217;taki \u0130stanbul Adliyesi&#8217;nde. B\u00fct\u00fcn belgelerin \u00e7\u00fcr\u00fck oldu\u011funu belirten Do\u011fan, &#8220;\u0130spata haz\u0131r\u0131z&#8221; dedi.<\/p>\n<p style=\"text-align: justify;\">Adliyeye geli\u015finde bas\u0131n mensuplar\u0131n\u0131n sorular\u0131n\u0131 yan\u0131tlayan Do\u011fan, &#8220;Davan\u0131n temelini olu\u015fturan 11. numaral\u0131 CD&#8217;nin sahte oldu\u011funu kan\u0131tlamaya haz\u0131r\u0131z&#8221; dedi. <!--more--><\/p>\n<p style=\"text-align: justify;\">B\u00fct\u00fcn belgelerin \u00e7\u00fcr\u00fck oldu\u011funu savunan \u00c7etin Do\u011fan, &#8221;Ortada polislerin haz\u0131rlad\u0131\u011f\u0131 tespit tutanaklar\u0131 var&#8221; diye konu\u015ftu.<\/p>\n<p style=\"text-align: justify;\">&#8220;Davan\u0131n me\u015fru bir seyri kalmad\u0131&#8221; diyen Do\u011fan, &#8220;G\u00f6lc\u00fck&#8217;te \u00e7\u0131kan 43 klas\u00f6rde belge falan yoktur. Polis kendini hakim-savc\u0131 yerine koyuyor&#8221; dedi.<\/p>\n<p style=\"text-align: justify;\">Karara itiraz edeceklerini ifade eden Do\u011fan, \u201cE\u011fer itiraz\u0131m\u0131z kabul olmazsa duru\u015fmada savunma yapmayaca\u011f\u0131z. Avukatlar\u0131m\u0131z c\u00fcbbe \u00e7\u0131karacak ve halk\u0131 muhatap alaca\u011f\u0131z. Manifesto haz\u0131rlayaca\u011f\u0131m, iddianameyi ben haz\u0131rlayaca\u011f\u0131m. Savc\u0131 ve hakimlere kar\u015f\u0131 bundan sonra s\u00f6z bitmi\u015ftir. A\u011f\u0131r hasta olsam da bundan sonra hastaneye yatmak yok. Davaya devam edece\u011fiz&#8221; dedi.<\/p>\n<p style=\"text-align: justify;\"><strong>Emekli T\u00fcmgeneral ve 11 asker dliyede <\/strong><\/p>\n<p style=\"text-align: justify;\">Dava kapsam\u0131nda hakk\u0131nda yakalama karar\u0131 \u00e7\u0131kar\u0131lan emekli T\u00fcmgeneral Ali Karababa ve emekli Kurmay Albay \u00dcmit \u00d6zcan da adliyeye geldi. \u00dcmit \u00d6zcan ile Ali Karababa&#8217;n\u0131n yanlar\u0131nda bavular\u0131n\u0131 da getirdikleri g\u00f6r\u00fcld\u00fc.<\/p>\n<p style=\"text-align: justify;\">Karababa&#8217;dan bir s\u00fcre \u00f6nce 11 muvazzaf asker de cezaevi arac\u0131yla adliyeye getirildi.<\/p>\n<p style=\"text-align: justify;\">Bu askerlerin haklar\u0131ndaki yakalama karar\u0131n\u0131n ard\u0131ndan hafta sonu adliyeye gelen ve &#8220;yol tutuklamas\u0131&#8221; yap\u0131larak Hasdal Askeri Cezaevi&#8217;ne g\u00f6nderilen askerler oldu\u011fu \u00f6\u011frenildi.<\/p>\n<p style=\"text-align: justify;\">Askerlerin, i\u015flemleri tamamlan\u0131ncaya kadar adliye nezarethanesinde bekletilmesine karar verildi. \u00d6\u011fleden sonra i\u015flemleri yap\u0131lacak olan askerler, adliyenin zemin kat\u0131ndaki nezarethaneye indirildi.<\/p>\n<p style=\"text-align: justify;\">Askerlerin itiraz\u0131 \u00fczerine, Merkez Komutanl\u0131\u011f\u0131\u2019na geri g\u00f6r\u00fct\u00fcr\u00fclen askerler, \u00f6\u011fleden sonra tekrar adliyeye getirilecek .<\/p>\n<p style=\"text-align: justify;\">Bu arada, Albay Cemal Temiz\u00f6z ile Albay Cengiz K\u00f6yl\u00fc&#8217;n\u00fcn avukat\u0131 Hasan G\u00fcrb\u00fcz adliyeye gelerek karara itiraz etti.<\/p>\n<hr style=\"width: 500px;\" \/>\n<p style=\"text-align: justify;\"><strong><span style=\"font-size: medium; color: #993300;\">\u00c7etin Do\u011fan&#8217;\u0131n e\u015fi H\u00fcrriyet&#8217;e konu\u015ftu <\/span><\/strong><\/p>\n<p style=\"text-align: justify;\"><span style=\"color: #000000;\"><strong>&#8220;Rutubetli odalarda makarna \u00e7a\u011f\u0131 ge\u00e7ti&#8221; <\/strong><\/span><\/p>\n<p style=\"text-align: justify;\">&#8220;Balyoz&#8221; davas\u0131nda mahkeme salonunda olmad\u0131\u011f\u0131 i\u00e7in hakk\u0131nda yakalama karar\u0131 \u00e7\u0131kan Eski 1. Ordu Komutan\u0131 emekli orgeneral \u00c7etin Do\u011fan\u2019\u0131n e\u015fi Nilg\u00fcl Do\u011fan, emekli ve muvazzaf pa\u015falara kar\u015f\u0131 top yek\u00fcn bir siyasi yarg\u0131 infaz\u0131 ba\u015flat\u0131ld\u0131\u011f\u0131n\u0131 savundu.<\/p>\n<p style=\"text-align: justify;\">Do\u011fan, \u201cArt\u0131k bu haks\u0131zl\u0131\u011fa kar\u015f\u0131 ben en \u00f6n safta yer alma karar\u0131 ald\u0131m\u201d dedi. E\u015finin sa\u011fl\u0131k sorunu nedeniyle Silivri\u2019deki duru\u015fmaya gidemedi\u011fini, ancak bug\u00fcn adalete teslim olaca\u011f\u0131n\u0131 ifade eden Nilg\u00fcl Do\u011fan, H\u00fcrriyet\u2019e \u015funlar\u0131 anlatt\u0131:<\/p>\n<p style=\"text-align: justify;\"><strong>&#8220;Sa\u011fl\u0131klar\u0131 \u00e7ok bozuk&#8221; <\/strong><\/p>\n<p style=\"text-align: justify;\">\u201cTelevizyonlarda seyrettim. I\u015f\u0131k Pa\u015fa, tutuklu yak\u0131nlar\u0131yla g\u00f6r\u00fc\u015fm\u00fc\u015f. Ben ne yaz\u0131k ki e\u015fimin yan\u0131ndan ayr\u0131lamad\u0131\u011f\u0131m i\u00e7in gidemedim. Tutuklu yak\u0131nlar\u0131n\u0131n \u00e7o\u011fu Ankara\u2019dan. Davay\u0131 izlemek i\u00e7in Harbiye Orduevi\u2019nde kal\u0131yorlar. Ne diyecek, ne anlatacak tutuklu yak\u0131nlar\u0131? Yap\u0131lan haks\u0131zl\u0131klar\u0131, adaletsizli\u011fi anlat\u0131p kendilerine yard\u0131mc\u0131 olunmas\u0131n\u0131 istemi\u015flerdir.<\/p>\n<p style=\"text-align: justify;\">Bak\u0131n bu insanlar\u0131n sa\u011fl\u0131klar\u0131 \u00e7ok bozuk. Tam da sa\u011fl\u0131klar\u0131na dikkat etmeleri gereken ya\u015ftalar. Rutubetli cezaevleri odalar\u0131nda kalacak, s\u00fcrekli makarna yiyecek durumda de\u011filler. Bunlar\u0131 anlatm\u0131\u015flard\u0131r tutuklu yak\u0131nlar\u0131.<\/p>\n<p style=\"text-align: justify;\">Ben art\u0131k karar verdim. Bu haks\u0131zl\u0131\u011fa kar\u015f\u0131 neler yapabiliriz, nas\u0131l \u00f6rg\u00fctlenebiliriz, yasal ba\u015fka ne gibi haklar\u0131m\u0131z var, sesimizi t\u00fcm d\u00fcnyaya nas\u0131l duyururuz, bunun i\u00e7in \u00e7al\u0131\u015faca\u011f\u0131m. \u00c7ok geni\u015f kat\u0131l\u0131ml\u0131 bir platform kurmak i\u00e7in harekete ge\u00e7ece\u011fim.<\/p>\n<p style=\"text-align: justify;\">Kararl\u0131y\u0131m, art\u0131k beni en \u00f6n saflarda g\u00f6receksiniz. Onlar da g\u00f6recekler. \u0130nan\u0131yorum ki bu insanlar\u0131 haks\u0131z yere su\u00e7layanlar da g\u00fcn geldi\u011finde adalete hesap vereceklerdir.\u201d<\/p>\n<p style=\"text-align: justify;\"><a href=\"http:\/\/www.cnnturk.com\/2011\/turkiye\/02\/14\/cetin.dogan.adliyede.belgeler.curuk\/606700.0\/index.html\" target=\"_blank\">CNN T\u00dcRK<\/a><\/p>\n","protected":false},"excerpt":{"rendered":"<p style=\"text-align: center;\">\n<p style=\"text-align: justify;\">&#8220;Balyoz darbe plan\u0131&#8221; davas\u0131 kapsam\u0131nda hakk\u0131nda yakalama karar\u0131 \u00e7\u0131kar\u0131lan emekli Orgeneral \u00c7etin Do\u011fan, Be\u015fikta\u015f&#8217;taki \u0130stanbul Adliyesi&#8217;nde. B\u00fct\u00fcn belgelerin \u00e7\u00fcr\u00fck oldu\u011funu belirten Do\u011fan, &#8220;\u0130spata haz\u0131r\u0131z&#8221; dedi.<\/p>\n<p style=\"text-align: justify;\">Adliyeye geli\u015finde bas\u0131n mensuplar\u0131n\u0131n sorular\u0131n\u0131 yan\u0131tlayan Do\u011fan, &#8220;Davan\u0131n temelini olu\u015fturan 11. numaral\u0131 CD&#8217;nin sahte oldu\u011funu kan\u0131tlamaya haz\u0131r\u0131z&#8221; dedi. <\/p>\n","protected":false},"author":1,"featured_media":0,"comment_status":"open","ping_status":"closed","sticky":false,"template":"","format":"standard","meta":{"footnotes":""},"categories":[105],"tags":[],"class_list":["post-28327","post","type-post","status-publish","format-standard","hentry","category-gundem","odd"],"_links":{"self":[{"href":"http:\/\/www.korhanyilmaz.com\/index.php?rest_route=\/wp\/v2\/posts\/28327","targetHints":{"allow":["GET"]}}],"collection":[{"href":"http:\/\/www.korhanyilmaz.com\/index.php?rest_route=\/wp\/v2\/posts"}],"about":[{"href":"http:\/\/www.korhanyilmaz.com\/index.php?rest_route=\/wp\/v2\/types\/post"}],"author":[{"embeddable":true,"href":"http:\/\/www.korhanyilmaz.com\/index.php?rest_route=\/wp\/v2\/users\/1"}],"replies":[{"embeddable":true,"href":"http:\/\/www.korhanyilmaz.com\/index.php?rest_route=%2Fwp%2Fv2%2Fcomments&post=28327"}],"version-history":[{"count":0,"href":"http:\/\/www.korhanyilmaz.com\/index.php?rest_route=\/wp\/v2\/posts\/28327\/revisions"}],"wp:attachment":[{"href":"http:\/\/www.korhanyilmaz.com\/index.php?rest_route=%2Fwp%2Fv2%2Fmedia&parent=28327"}],"wp:term":[{"taxonomy":"category","embeddable":true,"href":"http:\/\/www.korhanyilmaz.com\/index.php?rest_route=%2Fwp%2Fv2%2Fcategories&post=28327"},{"taxonomy":"post_tag","embeddable":true,"href":"http:\/\/www.korhanyilmaz.com\/index.php?rest_route=%2Fwp%2Fv2%2Ftags&post=28327"}],"curies":[{"name":"wp","href":"https:\/\/api.w.org\/{rel}","templated":true}]}}