{"id":28324,"date":"2011-02-14T09:46:16","date_gmt":"2011-02-14T07:46:16","guid":{"rendered":"http:\/\/www.korhanyilmaz.com\/?p=28324"},"modified":"2011-02-14T09:46:16","modified_gmt":"2011-02-14T07:46:16","slug":"pasam-meger-kagitttan-kaplanmisiz","status":"publish","type":"post","link":"http:\/\/www.korhanyilmaz.com\/?p=28324","title":{"rendered":"&#8220;Pa\u015fam me\u011fer ka\u011f\u0131tttan kaplanm\u0131\u015f\u0131z&#8221;"},"content":{"rendered":"<p style=\"text-align: center;\"><a href=\"http:\/\/www.korhanyilmaz.com\/wp-content\/uploads\/2011\/02\/341.jpg\"  class=\"lightview\"><img loading=\"lazy\" decoding=\"async\" class=\"aligncenter size-full wp-image-28325\" src=\"http:\/\/www.korhanyilmaz.com\/wp-content\/uploads\/2011\/02\/341.jpg\" alt=\"\" width=\"307\" height=\"236\" \/><\/a><\/p>\n<p style=\"text-align: justify;\">Balyoz davas\u0131n\u0131n son duru\u015fmas\u0131nda 163 san\u0131k hakk\u0131nda \u00e7\u0131kan tutuklama karar\u0131n\u0131n \u015foku s\u00fcrerken o gece ya\u015fananlarla ilgili ilgin\u00e7 detaylar da bir bir ortaya \u00e7\u0131k\u0131yor. Emekli Orgeneral \u0130brahim F\u0131rt\u0131na ile emekli Oramiral \u00d6zden \u00d6rnek, cezaevindeki ko\u011fu\u015flar\u0131na sevki s\u0131ras\u0131nda koridorda y\u00fcr\u00fcrken bir tu\u011fgeneral &#8216;Pa\u015fam&#8217; diye ba\u011f\u0131rd\u0131: Me\u011fer bizler ka\u011f\u0131ttan kaplanm\u0131\u015f\u0131z. Komutanlar da ba\u015flar\u0131n\u0131 sallayarak ko\u011fu\u015flar\u0131na gitti. <!--more--><\/p>\n<p style=\"text-align: justify;\">Tutuklama karar\u0131n\u0131n ard\u0131ndan &#8216;Harbiye Mar\u015f\u0131&#8217; ile bir s\u00fcre direnen emekli ve muvazzaf askerlerin hastane d\u00f6n\u00fc\u015f\u00fc cezaevindeki ko\u011fu\u015flar\u0131na sevki s\u0131ras\u0131nda ilgin\u00e7 bir diyalog ya\u015fand\u0131\u011f\u0131 \u00f6\u011frenildi.<\/p>\n<p style=\"text-align: justify;\">Tutuklanan emekli Oramiral \u00d6zden \u00d6rnek, emekli orgeneraller Halil \u0130brahim F\u0131rt\u0131na, \u015e\u00fckr\u00fc Sar\u0131\u0131\u015f\u0131k ile Korg. Engin Alan&#8217;\u0131n ko\u011fu\u015flara sevki s\u0131ras\u0131nda, san\u0131klar aras\u0131nda olan emekli bir tu\u011fgeneralin &#8216;ka\u011f\u0131ttan kaplan&#8217; \u00e7\u0131k\u0131\u015f\u0131 koridorda yank\u0131land\u0131.<\/p>\n<p style=\"text-align: justify;\">Ak\u015fam gazetesinde yer alan \u00d6nder \u015eu\u015fo\u011flu ile Seda K\u0131l\u0131\u00e7 imzal\u0131 haberin ayr\u0131nt\u0131lar\u0131 \u015f\u00f6yle&#8230;<\/p>\n<p style=\"text-align: justify;\"><strong>&#8216;Pa\u015fam&#8217; diye seslendi <\/strong><\/p>\n<p style=\"text-align: justify;\">Emekli komutanlar ko\u011fu\u015flar\u0131na g\u00f6t\u00fcr\u00fcl\u00fcrken en \u00f6nde emekli Orgeneral \u0130brahim F\u0131rt\u0131na ve emekli Oramiral \u00d6zden \u00d6rnek&#8217;in y\u00fcr\u00fcd\u00fc\u011f\u00fc bu s\u0131rada tutuklananlardan bir emekli tu\u011fgeneralin \u00f6nde y\u00fcr\u00fcyenlere do\u011fru &#8216;<strong>pa\u015fam<\/strong>&#8216; diye seslendi\u011fi \u00f6\u011frenildi. D\u00f6n\u00fcp kendisine ne oldu\u011funu sorar \u015fekilde bakan F\u0131rt\u0131na ve \u00d6rnek&#8217;e emekli tu\u011fgeneralin, &#8216;<strong>Ger\u00e7ekten bizler ka\u011f\u0131ttan kaplanm\u0131\u015f\u0131z<\/strong>&#8216; diye ba\u011f\u0131rd\u0131\u011f\u0131 kaydedildi.<\/p>\n<p style=\"text-align: justify;\"><strong>Y\u00fcr\u00fcmeye devam ettiler <\/strong><\/p>\n<p style=\"text-align: justify;\">Bu \u00e7\u0131k\u0131\u015f kar\u015f\u0131s\u0131nda \u015fa\u015f\u0131ran F\u0131rt\u0131na ve \u00d6rnek&#8217;in ba\u015flar\u0131n\u0131 sallad\u0131ktan sonra y\u00fcr\u00fcmeye devam ettikleri belirtildi. Generallerin L-4 ve L-5 ko\u011fu\u015funa konulaca\u011f\u0131 F\u0131rt\u0131na ile \u00d6rnek&#8217;in ayn\u0131 ko\u011fu\u015fu payla\u015faca\u011f\u0131 \u00f6\u011frenildi. Bug\u00fcn teslim olmas\u0131 beklenen emekli Orgeneral \u00c7etin Do\u011fan&#8217;\u0131n ise \u015e\u00fckr\u00fc Sar\u0131\u015f\u0131k ile ayn\u0131 ko\u011fu\u015fu payla\u015fmas\u0131 planlan\u0131yor.<\/p>\n<p style=\"text-align: justify;\"><strong>Direni\u015fi avukatlar durdurdu <\/strong><\/p>\n<p style=\"text-align: justify;\">Bu arada 10. A\u011f\u0131r Ceza Mahkemesi&#8217;nin tutuklama kararlar\u0131n\u0131 duyan \u00fcst r\u00fctbeli san\u0131klar\u0131n, duru\u015fma salonundan \u00e7\u0131kmayarak, &#8216;Bizi almaya orgeneral gelsin&#8217; direni\u015fini avukatlar\u0131n durdurdu\u011fu ortaya \u00e7\u0131kt\u0131. Avukat H\u00fcseyin Ers\u00f6z, san\u0131klar\u0131n salonda kendisine &#8216;Yasa nedir, ne yapal\u0131m?&#8217; diye sorduklar\u0131n\u0131 anlatarak &#8216;Karar y\u00fcz\u00fcn\u00fcze okundu\u011fu i\u00e7in \u00fcst r\u00fctbeliye gerek yok. S\u00fcreci uzatmay\u0131n dedim, ikna oldular&#8217; dedi.<\/p>\n<p style=\"text-align: justify;\"><strong>Bir tutuklama daha <\/strong><\/p>\n<p style=\"text-align: justify;\">Balyoz G\u00fcvenlik Harekat Plan\u0131 davas\u0131nda hakk\u0131nda yakalama karar\u0131 \u00e7\u0131kar\u0131lan emekli Albay Harun \u00d6zdemir tutukland\u0131. Dava kapsam\u0131nda tutuklananlar\u0131n say\u0131s\u0131 143 oldu. \u0130stanbul 10. A\u011f\u0131r Ceza Mahkemesi&#8217;nin cuma g\u00fcn\u00fc ald\u0131\u011f\u0131 karar kapsam\u0131nda hakk\u0131nda yakalama emri \u00e7\u0131kar\u0131lan emekli Albay Harun \u00d6zdemir d\u00fcn havaliman\u0131nda g\u00f6zalt\u0131na al\u0131nd\u0131. Yurtd\u0131\u015f\u0131ndan T\u00fcrkiye&#8217;ye gelen \u00d6zdemir, ak\u015fam saatlerinde Be\u015fikta\u015f&#8217;taki \u0130stanbul Adliyesi&#8217;ne getirildi. \u0130stanbul N\u00f6bet\u00e7i 9. A\u011f\u0131r Ceza Mahkemesi hakimince yakalama emri y\u00fcz\u00fcne okunan \u00d6zdemir tutuklanarak Metris Cezaevi&#8217;ne g\u00f6nderildi.<\/p>\n<p style=\"text-align: justify;\"><a href=\"http:\/\/www.cnnturk.com\/2011\/yazarlar\/02\/14\/pasam.meger.kagitttan.kaplanmisiz\/606711.0\/index.html\" target=\"_blank\"><span style=\"color: #888888;\">CNN T\u00dcRK<\/span><\/a><\/p>\n","protected":false},"excerpt":{"rendered":"<p style=\"text-align: center;\">\n<p style=\"text-align: justify;\">Balyoz davas\u0131n\u0131n son duru\u015fmas\u0131nda 163 san\u0131k hakk\u0131nda \u00e7\u0131kan tutuklama karar\u0131n\u0131n \u015foku s\u00fcrerken o gece ya\u015fananlarla ilgili ilgin\u00e7 detaylar da bir bir ortaya \u00e7\u0131k\u0131yor. Emekli Orgeneral \u0130brahim F\u0131rt\u0131na ile emekli Oramiral \u00d6zden \u00d6rnek, cezaevindeki ko\u011fu\u015flar\u0131na sevki s\u0131ras\u0131nda koridorda y\u00fcr\u00fcrken bir tu\u011fgeneral &#8216;Pa\u015fam&#8217; diye ba\u011f\u0131rd\u0131: Me\u011fer bizler ka\u011f\u0131ttan kaplanm\u0131\u015f\u0131z. Komutanlar da ba\u015flar\u0131n\u0131 <\/p>\n","protected":false},"author":1,"featured_media":0,"comment_status":"open","ping_status":"closed","sticky":false,"template":"","format":"standard","meta":{"footnotes":""},"categories":[105],"tags":[],"class_list":["post-28324","post","type-post","status-publish","format-standard","hentry","category-gundem","odd"],"_links":{"self":[{"href":"http:\/\/www.korhanyilmaz.com\/index.php?rest_route=\/wp\/v2\/posts\/28324","targetHints":{"allow":["GET"]}}],"collection":[{"href":"http:\/\/www.korhanyilmaz.com\/index.php?rest_route=\/wp\/v2\/posts"}],"about":[{"href":"http:\/\/www.korhanyilmaz.com\/index.php?rest_route=\/wp\/v2\/types\/post"}],"author":[{"embeddable":true,"href":"http:\/\/www.korhanyilmaz.com\/index.php?rest_route=\/wp\/v2\/users\/1"}],"replies":[{"embeddable":true,"href":"http:\/\/www.korhanyilmaz.com\/index.php?rest_route=%2Fwp%2Fv2%2Fcomments&post=28324"}],"version-history":[{"count":0,"href":"http:\/\/www.korhanyilmaz.com\/index.php?rest_route=\/wp\/v2\/posts\/28324\/revisions"}],"wp:attachment":[{"href":"http:\/\/www.korhanyilmaz.com\/index.php?rest_route=%2Fwp%2Fv2%2Fmedia&parent=28324"}],"wp:term":[{"taxonomy":"category","embeddable":true,"href":"http:\/\/www.korhanyilmaz.com\/index.php?rest_route=%2Fwp%2Fv2%2Fcategories&post=28324"},{"taxonomy":"post_tag","embeddable":true,"href":"http:\/\/www.korhanyilmaz.com\/index.php?rest_route=%2Fwp%2Fv2%2Ftags&post=28324"}],"curies":[{"name":"wp","href":"https:\/\/api.w.org\/{rel}","templated":true}]}}