{"id":28319,"date":"2011-02-14T14:14:24","date_gmt":"2011-02-14T12:14:24","guid":{"rendered":"http:\/\/www.korhanyilmaz.com\/?p=28319"},"modified":"2011-02-14T14:14:24","modified_gmt":"2011-02-14T12:14:24","slug":"gerceker-hayirli-olsun-ne-diyebilirim-ki","status":"publish","type":"post","link":"http:\/\/www.korhanyilmaz.com\/?p=28319","title":{"rendered":"Yarg\u0131tay da Dan\u0131\u015ftay da pakete tepkili"},"content":{"rendered":"<p style=\"text-align: justify;\"><a href=\"http:\/\/www.korhanyilmaz.com\/wp-content\/uploads\/2011\/02\/340.jpg\"  class=\"lightview\"><img loading=\"lazy\" decoding=\"async\" class=\"aligncenter size-full wp-image-28321\" src=\"http:\/\/www.korhanyilmaz.com\/wp-content\/uploads\/2011\/02\/340.jpg\" alt=\"\" width=\"292\" height=\"199\" \/><\/a><\/p>\n<p style=\"text-align: justify;\">Yarg\u0131tay Ba\u015fkan\u0131 Hasan Ger\u00e7eker, Yarg\u0131tay ve Dan\u0131\u015ftay&#8217;da daire ve \u00fcye say\u0131s\u0131n\u0131n art\u0131r\u0131lmas\u0131na ili\u015fkin kanunun Cumhurba\u015fkan\u0131 G\u00fcl taraf\u0131ndan onaylanmas\u0131n\u0131, &#8220;Hay\u0131rl\u0131 olsun. Ne diyebilirim ki. Bundan sonra biz i\u015fimize bakaca\u011f\u0131z&#8221; s\u00f6zleriyle de\u011ferlendirdi. Dan\u0131\u015ftay Ba\u015fkan\u0131 Mustafa Birden de, &#8220;Bu kanunla i\u015f y\u00fck\u00fc azalmaz&#8221; dedi. CHP ise yasay\u0131 Anayasa Mahkemesi&#8217;ne g\u00f6t\u00fcrecek.<!--more--><\/p>\n<p style=\"text-align: justify;\">Hasan Ger\u00e7eker, Yarg\u0131tay&#8217;a geli\u015finde gazetecilerin sorular\u0131n\u0131 yan\u0131tlad\u0131.<\/p>\n<p style=\"text-align: justify;\">Yarg\u0131tay ve Dan\u0131\u015ftay&#8217;da daire ve \u00fcye say\u0131s\u0131n\u0131n art\u0131r\u0131lmas\u0131na ili\u015fkin kanunun Cumhurba\u015fkan\u0131 Abdullah G\u00fcl taraf\u0131ndan onayland\u0131\u011f\u0131n\u0131n hat\u0131rlat\u0131lmas\u0131 ve &#8220;Sizin uyar\u0131lar\u0131n\u0131z dikkate al\u0131nmad\u0131, ne diyeceksiniz?&#8221; diye sorulmas\u0131 \u00fczerine Ger\u00e7eker, &#8220;Hay\u0131rl\u0131 olsun. Ne diyebilirim ki. Bundan sonra biz i\u015fimize bakaca\u011f\u0131z&#8221; dedi.<\/p>\n<p style=\"text-align: justify;\">Cumhurba\u015fkan\u0131 G\u00fcl&#8217;\u00fcn &#8220;Yasay\u0131 onaylamasayd\u0131m 200 bin dosya zaman a\u015f\u0131m\u0131na u\u011frayacakt\u0131&#8221; dedi\u011finin belirtilmesi \u00fczerine Ger\u00e7eker, &#8220;\u0130n\u015fallah \u00f6nlenir. Yaln\u0131z bu tedbirlerle, daire ve \u00fcye say\u0131s\u0131n\u0131n art\u0131r\u0131lmas\u0131yla bu i\u015fin \u00f6nlenemeyece\u011fi g\u00f6r\u00fc\u015f\u00fcndeydik ama elimizden gelen \u00e7abay\u0131 yine g\u00f6sterece\u011fiz. Elbette dosyalar\u0131n zaman a\u015f\u0131m\u0131na u\u011framas\u0131, \u00e7ok uzun s\u00fcrelerde \u00e7\u0131kmas\u0131 zaten adil yarg\u0131lanma hakk\u0131n\u0131 ihlal eden bir durum ama bu tedbir ge\u00e7en sefer de s\u00f6yledi\u011fim gibi ge\u00e7ici bir tedbirdir&#8221; diye konu\u015ftu.<\/p>\n<p style=\"text-align: justify;\">Ger\u00e7eker s\u00f6zlerine, &#8220;Mutlaka yarg\u0131da k\u00f6kl\u00fc reformlar yap\u0131lmas\u0131 gerekiyor. A&#8217;dan Z&#8217;ye kadar ilk derece mahkemelerinden itibaren yarg\u0131 reformu yap\u0131lmas\u0131 gerekiyor. Yoksa Yarg\u0131taydaki dosya say\u0131s\u0131n\u0131 azlatmakla yarg\u0131n\u0131n sorunlar\u0131n\u0131 bitirmek m\u00fcmk\u00fcn de\u011fil&#8221; diye devam etti.<\/p>\n<p style=\"text-align: justify;\">Ger\u00e7eker, bir ba\u015fka soruya kar\u015f\u0131l\u0131k, b\u00f6lge adliye mahkemelerinin bir an \u00f6nce hayata ge\u00e7irilmesi gerekti\u011fini ifade ederek, &#8220;Ba\u015fka \u00e7are yok. \u015eu a\u015famada bir an \u00f6nce b\u00f6lge adliye mahkemelerinin kurulmas\u0131 gerekiyor. Yoksa bu dosya ak\u0131\u015f\u0131 devam etti\u011fi s\u00fcrece bug\u00fcn 6 daire kurars\u0131n\u0131z, seneye yine 6 daire daha kurma zorunlulu\u011fu do\u011far. Bunun \u00f6nlenmesi i\u00e7in mutlaka b\u00f6lge adliye mahkemelerinin kurulmas\u0131 gerekiyor&#8221; dedi.<\/p>\n<p style=\"text-align: justify;\"><strong>Dan\u0131\u015ftay Ba\u015fkan\u0131&#8217;n\u0131n da \u00e7ekinceleri var <\/strong><\/p>\n<p style=\"text-align: justify;\">Dan\u0131\u015ftay Ba\u015fkan\u0131 Birden de kanunla ilgili \u00e7ekincelerini aktard\u0131, bu kanunun Dan\u0131\u015ftay&#8217;\u0131n i\u015f y\u00fck\u00fcn\u00fc azaltmayaca\u011f\u0131n\u0131 s\u00f6yledi.<\/p>\n<p style=\"text-align: justify;\">Birden, makam\u0131nda gazetecilerin sorular\u0131 \u00fczerine, s\u00f6z konusu kanunun Cumhurba\u015fkan\u0131 Abdullah G\u00fcl taraf\u0131ndan onayland\u0131\u011f\u0131n\u0131, &#8220;art\u0131k s\u00f6yleyecek bir \u015fey olmad\u0131\u011f\u0131n\u0131&#8221; belirtti.<\/p>\n<p style=\"text-align: justify;\">Kanun haz\u0131rlan\u0131rken gerek\u00e7enin &#8220;davalar\u0131n zaman a\u015f\u0131m\u0131na u\u011framas\u0131&#8221; olarak g\u00f6sterildi\u011fini ifade eden Birden, &#8220;Dan\u0131\u015ftay&#8217;da zaman a\u015f\u0131m\u0131 olay\u0131 zaten yok. A\u00e7\u0131ld\u0131ktan sonra tamamlanmayan davam\u0131z yok&#8221; diye konu\u015ftu. Dan\u0131\u015ftay&#8217;\u0131n i\u015f y\u00fck\u00fcn\u00fcn azalt\u0131lmas\u0131 amac\u0131yla 8 \u015eubat 2010&#8217;da bir rapor haz\u0131rlayarak, Adalet Bakanl\u0131\u011f\u0131 ve Ba\u015fbakanl\u0131\u011fa ilettiklerini an\u0131msatan Birden, &#8220;\u00d6nerimiz dikkate al\u0131nsayd\u0131, bir y\u0131ld\u0131r i\u015f y\u00fck\u00fcm\u00fcz zaten azal\u0131rd\u0131. 30-40 bin dosyan\u0131n bize gelmesi \u00f6nlenirdi. Bu kanunla Dan\u0131\u015ftay&#8217;\u0131n i\u015f y\u00fck\u00fc azalmaz&#8221; dedi.<\/p>\n<p style=\"text-align: justify;\">Birden, t\u00fcm g\u00f6r\u00fc\u015flerini, \u00f6nerilerini, uyar\u0131lar\u0131n\u0131 Cumhurba\u015fkan\u0131 Abdullah G\u00fcl&#8217;e ilettiklerini ifade ederek, &#8220;Bundan sonra bizim yapaca\u011f\u0131m\u0131z kanunu uygulamak. Kanunun uygulanmas\u0131 ile konular\u0131 g\u00f6r\u00fc\u015fmek \u00fczere bug\u00fcn Ba\u015fkanlar Kurulu&#8217;nu toplayaca\u011f\u0131z&#8221; diye konu\u015ftu.<\/p>\n<p style=\"text-align: justify;\"><strong>CHP yasay\u0131 y\u00fcksek yarg\u0131ya ta\u015f\u0131yor<\/strong><\/p>\n<p style=\"text-align: justify;\">Anamuhalefet de bir ba\u015fka \u00e7al\u0131\u015fma i\u00e7inde. Dan\u0131\u015ftay ve Yarg\u0131tay&#8217;\u0131n daire ve \u00fcye say\u0131s\u0131n\u0131 art\u0131ran kanunu Anayasa Mahkemesi&#8217;ne g\u00f6t\u00fcrecekler. CHP&#8217;nin hukuk\u00e7u kurmaylar\u0131ndan Manisa Milletvekili \u015eahin Meng\u00fc, &#8220;Anayasa Mahkemesi&#8217;ne gidece\u011fiz. Gerek\u00e7eyi yaz\u0131yorum&#8221; a\u00e7\u0131klamas\u0131n\u0131 yapt\u0131.<\/p>\n<p style=\"text-align: justify;\"><a href=\"http:\/\/www.cnnturk.com\/2011\/turkiye\/02\/14\/gerceker.hayirli.olsun.ne.diyebilirim.ki\/606713.0\/index.html\" target=\"_blank\"><span style=\"color: #888888;\">CNN T\u00dcRK<\/span><\/a><\/p>\n","protected":false},"excerpt":{"rendered":"<p style=\"text-align: justify;\">\n<p style=\"text-align: justify;\">Yarg\u0131tay Ba\u015fkan\u0131 Hasan Ger\u00e7eker, Yarg\u0131tay ve Dan\u0131\u015ftay&#8217;da daire ve \u00fcye say\u0131s\u0131n\u0131n art\u0131r\u0131lmas\u0131na ili\u015fkin kanunun Cumhurba\u015fkan\u0131 G\u00fcl taraf\u0131ndan onaylanmas\u0131n\u0131, &#8220;Hay\u0131rl\u0131 olsun. Ne diyebilirim ki. Bundan sonra biz i\u015fimize bakaca\u011f\u0131z&#8221; s\u00f6zleriyle de\u011ferlendirdi. Dan\u0131\u015ftay Ba\u015fkan\u0131 Mustafa Birden de, &#8220;Bu kanunla i\u015f y\u00fck\u00fc azalmaz&#8221; dedi. CHP ise yasay\u0131 Anayasa Mahkemesi&#8217;ne g\u00f6t\u00fcrecek.<\/p>\n","protected":false},"author":1,"featured_media":0,"comment_status":"open","ping_status":"closed","sticky":false,"template":"","format":"standard","meta":{"footnotes":""},"categories":[105],"tags":[],"class_list":["post-28319","post","type-post","status-publish","format-standard","hentry","category-gundem","odd"],"_links":{"self":[{"href":"http:\/\/www.korhanyilmaz.com\/index.php?rest_route=\/wp\/v2\/posts\/28319","targetHints":{"allow":["GET"]}}],"collection":[{"href":"http:\/\/www.korhanyilmaz.com\/index.php?rest_route=\/wp\/v2\/posts"}],"about":[{"href":"http:\/\/www.korhanyilmaz.com\/index.php?rest_route=\/wp\/v2\/types\/post"}],"author":[{"embeddable":true,"href":"http:\/\/www.korhanyilmaz.com\/index.php?rest_route=\/wp\/v2\/users\/1"}],"replies":[{"embeddable":true,"href":"http:\/\/www.korhanyilmaz.com\/index.php?rest_route=%2Fwp%2Fv2%2Fcomments&post=28319"}],"version-history":[{"count":0,"href":"http:\/\/www.korhanyilmaz.com\/index.php?rest_route=\/wp\/v2\/posts\/28319\/revisions"}],"wp:attachment":[{"href":"http:\/\/www.korhanyilmaz.com\/index.php?rest_route=%2Fwp%2Fv2%2Fmedia&parent=28319"}],"wp:term":[{"taxonomy":"category","embeddable":true,"href":"http:\/\/www.korhanyilmaz.com\/index.php?rest_route=%2Fwp%2Fv2%2Fcategories&post=28319"},{"taxonomy":"post_tag","embeddable":true,"href":"http:\/\/www.korhanyilmaz.com\/index.php?rest_route=%2Fwp%2Fv2%2Ftags&post=28319"}],"curies":[{"name":"wp","href":"https:\/\/api.w.org\/{rel}","templated":true}]}}