{"id":28315,"date":"2011-02-14T10:45:35","date_gmt":"2011-02-14T08:45:35","guid":{"rendered":"http:\/\/www.korhanyilmaz.com\/?p=28315"},"modified":"2011-02-14T10:45:35","modified_gmt":"2011-02-14T08:45:35","slug":"son-manseti-ergenekon-oldu","status":"publish","type":"post","link":"http:\/\/www.korhanyilmaz.com\/?p=28315","title":{"rendered":"Son man\u015feti Ergenekon oldu!"},"content":{"rendered":"<p style=\"text-align: justify;\"><a href=\"http:\/\/www.korhanyilmaz.com\/wp-content\/uploads\/2011\/02\/339.jpg\"  class=\"lightview\"><img loading=\"lazy\" decoding=\"async\" class=\"aligncenter size-full wp-image-28316\" src=\"http:\/\/www.korhanyilmaz.com\/wp-content\/uploads\/2011\/02\/339.jpg\" alt=\"\" width=\"400\" height=\"125\" \/><\/a><\/p>\n<p style=\"text-align: justify;\">Odatv&#8217;nin merkezinde ve Soner Yal\u00e7\u0131n dahil baz\u0131 y\u00f6neticilerinin evlerinde polis ekiplerince arama yap\u0131l\u0131yor.<\/p>\n<p style=\"text-align: justify;\">Operasyonun, sitede yay\u0131nlanan &#8220;Ergenekon aramalar\u0131yla ilgili&#8221; g\u00f6r\u00fcnt\u00fcler nedeniyle yap\u0131ld\u0131\u011f\u0131 \u00f6ne s\u00fcr\u00fcl\u00fcyor.<!--more--><\/p>\n<p style=\"text-align: justify;\">Vatanda\u015flar operasyona tepkilerini internet sitesine \u015fu ifadelerle yans\u0131tt\u0131:<\/p>\n<p style=\"text-align: justify;\">&#8220;-Muhalif olman\u0131n su\u00e7 oldu\u011fu bir ortamda ODA TV y\u00f6neticilerinin bu t\u00fcr bir operasyon bekledikleri kanaatindeyim, y\u0131lmadan karanl\u0131klar\u0131n ayd\u0131nl\u0131\u011fa \u00e7\u0131kaca\u011f\u0131na inanarak direnmek gerek, ODA TV\u2019nin susturulamayacak kadar b\u00fcy\u00fcd\u00fc\u011f\u00fcn\u00fc ve bu yap\u0131lan\u0131n ODA TV\u2019ye tevecc\u00fch\u00fc daha da artt\u0131rmaktan ba\u015fka bir i\u015fe yaramayaca\u011f\u0131n\u0131 d\u00fc\u015f\u00fcn\u00fcyorum.<\/p>\n<p style=\"text-align: justify;\">-Ama\u00e7 Oda tv\u2019yi de susturmak y\u0131ld\u0131rmak.<\/p>\n<p style=\"text-align: justify;\">-Yan\u0131n\u0131zda olamad\u0131\u011f\u0131m\u0131z i\u00e7in \u00fczg\u00fcn\u00fcz. Ama siz bunlar\u0131n olaca\u011f\u0131n\u0131 biliyordunuz ve cesaretinizden bir \u015fey kaybetmedi\u011finizden eminim. Y\u00fcz\u00fcn\u00fcz g\u00fcls\u00fcn, g\u00f6zleriniz parlas\u0131n. Demek ki yazd\u0131klar\u0131n\u0131z sonuna kadar do\u011fru, sonuna kadar hakl\u0131s\u0131n\u0131z. Y\u00fcre\u011fimiz sizlerle&#8230;<\/p>\n<p style=\"text-align: justify;\">-AKP yoku\u015f a\u015fa\u011f\u0131 son s\u00fcrat ko\u015fuyor&#8230; Duramaz, durursa yuvarlan\u0131p yok olaca\u011f\u0131n\u0131 biliyor&#8230; \u00d6n\u00fcne ne \u00e7\u0131karsa \u00e7arp\u0131p y\u0131kmaya \u00e7al\u0131\u015f\u0131yor&#8230; Odatv.com y\u0131k\u0131ma giden AKP\u2019nin \u00e7arpaca\u011f\u0131 en sert kayalardan biridir!!!<\/p>\n<p style=\"text-align: justify;\">-Onlar i\u00e7eri girmeden \u00f6nce ke\u015fke siz onlar\u0131 arasayd\u0131n\u0131z. Delilleri yan\u0131nda getirmi\u015f olabilirler. Emin olun yan\u0131ndad\u0131r.<\/p>\n<p style=\"text-align: justify;\"><strong>-YAZIKLAR OLSUN BU \u0130KT\u0130DARA! <\/strong><\/p>\n<p style=\"text-align: justify;\">Ortal\u0131kta muhalif b\u0131rakmamaya yeminliler! Ama T\u00fcrkler Araplara benzemezler. Devrimi yapt\u0131lar m\u0131 tam yaparlar. Sonra &#8220;demokrasi&#8221; dediklerinden hep bu tongalara d\u00fc\u015f\u00fcyorlar ama \u015fimdi bundan ders de ald\u0131k. art\u0131k hi\u00e7bir \u015fey eskisi gibi olmayacak!&#8221;<\/p>\n<p style=\"text-align: justify;\"><a href=\"http:\/\/haber.gazetevatan.com\/son-manseti-ergenekon-oldu\/359196\/1\/Gundem\" target=\"_blank\"><span style=\"color: #888888;\">Kaynak : VATAN<\/span><\/a><\/p>\n","protected":false},"excerpt":{"rendered":"<p style=\"text-align: justify;\">\n<p style=\"text-align: justify;\">Odatv&#8217;nin merkezinde ve Soner Yal\u00e7\u0131n dahil baz\u0131 y\u00f6neticilerinin evlerinde polis ekiplerince arama yap\u0131l\u0131yor.<\/p>\n<p style=\"text-align: justify;\">Operasyonun, sitede yay\u0131nlanan &#8220;Ergenekon aramalar\u0131yla ilgili&#8221; g\u00f6r\u00fcnt\u00fcler nedeniyle yap\u0131ld\u0131\u011f\u0131 \u00f6ne s\u00fcr\u00fcl\u00fcyor.<\/p>\n","protected":false},"author":1,"featured_media":0,"comment_status":"open","ping_status":"closed","sticky":false,"template":"","format":"standard","meta":{"footnotes":""},"categories":[105],"tags":[],"class_list":["post-28315","post","type-post","status-publish","format-standard","hentry","category-gundem","odd"],"_links":{"self":[{"href":"http:\/\/www.korhanyilmaz.com\/index.php?rest_route=\/wp\/v2\/posts\/28315","targetHints":{"allow":["GET"]}}],"collection":[{"href":"http:\/\/www.korhanyilmaz.com\/index.php?rest_route=\/wp\/v2\/posts"}],"about":[{"href":"http:\/\/www.korhanyilmaz.com\/index.php?rest_route=\/wp\/v2\/types\/post"}],"author":[{"embeddable":true,"href":"http:\/\/www.korhanyilmaz.com\/index.php?rest_route=\/wp\/v2\/users\/1"}],"replies":[{"embeddable":true,"href":"http:\/\/www.korhanyilmaz.com\/index.php?rest_route=%2Fwp%2Fv2%2Fcomments&post=28315"}],"version-history":[{"count":0,"href":"http:\/\/www.korhanyilmaz.com\/index.php?rest_route=\/wp\/v2\/posts\/28315\/revisions"}],"wp:attachment":[{"href":"http:\/\/www.korhanyilmaz.com\/index.php?rest_route=%2Fwp%2Fv2%2Fmedia&parent=28315"}],"wp:term":[{"taxonomy":"category","embeddable":true,"href":"http:\/\/www.korhanyilmaz.com\/index.php?rest_route=%2Fwp%2Fv2%2Fcategories&post=28315"},{"taxonomy":"post_tag","embeddable":true,"href":"http:\/\/www.korhanyilmaz.com\/index.php?rest_route=%2Fwp%2Fv2%2Ftags&post=28315"}],"curies":[{"name":"wp","href":"https:\/\/api.w.org\/{rel}","templated":true}]}}