{"id":28302,"date":"2011-02-13T13:45:23","date_gmt":"2011-02-13T11:45:23","guid":{"rendered":"http:\/\/www.korhanyilmaz.com\/?p=28302"},"modified":"2011-02-13T13:45:23","modified_gmt":"2011-02-13T11:45:23","slug":"icisleri-bakani-surpriz-gorusmeyi-anlatti","status":"publish","type":"post","link":"http:\/\/www.korhanyilmaz.com\/?p=28302","title":{"rendered":"\u0130\u00e7i\u015fleri Bakan\u0131 s\u00fcrpriz g\u00f6r\u00fc\u015fmeyi anlatt\u0131"},"content":{"rendered":"<p style=\"text-align: center;\"><a href=\"http:\/\/www.korhanyilmaz.com\/wp-content\/uploads\/2011\/02\/336.jpg\"  class=\"lightview\"><img loading=\"lazy\" decoding=\"async\" class=\"aligncenter size-full wp-image-28303\" src=\"http:\/\/www.korhanyilmaz.com\/wp-content\/uploads\/2011\/02\/336.jpg\" alt=\"\" width=\"360\" height=\"240\" \/><\/a><\/p>\n<p style=\"text-align: justify;\">\u0130\u00e7i\u015fleri Bakan\u0131 Atalay, &#8220;<strong>163 subay tutuklanm\u0131\u015f, Ba\u015fbakan ile Genelkurmay Ba\u015fkan\u0131&#8217;n\u0131n g\u00f6r\u00fc\u015fmesinden daha do\u011fal ne olabilir<\/strong>&#8221; dedi.<\/p>\n<p style=\"text-align: justify;\">\u0130\u00e7i\u015fleri Bakan\u0131 Be\u015fir Atalay, Ba\u015fbakan Recep Tayyip Erdo\u011fan ile Genelkurmay Ba\u015fkan\u0131 Orgeneral I\u015f\u0131k Ko\u015faner aras\u0131ndaki g\u00f6r\u00fc\u015fmenin normal kar\u015f\u0131lanmas\u0131 gerekti\u011fini belirterek, \u201c163 subay\u0131n tutuklanmas\u0131 s\u00f6z konusu, bunlar\u0131n 106&#8217;s\u0131 muvazzaf subay. B\u00f6yle durumlarda Genelkurmay Ba\u015fkan\u0131 ile Milli Savunma Bakan\u0131&#8217;n\u0131n Ba\u015fbakan ile konuyu g\u00f6r\u00fc\u015fmesinden daha tabii ne olabilir\u201d dedi. <!--more--><\/p>\n<p style=\"text-align: justify;\">Atalay, Kanal 7 televizyonunun canl\u0131 yay\u0131n\u0131na kat\u0131larak g\u00fcndemdeki konulara ili\u015fkin sorular\u0131 yan\u0131tlad\u0131. \u201cBalyoz Plan\u0131\u201d davas\u0131nda verilen tutuklama kararlar\u0131na ve Ba\u015fbakan Erdo\u011fan ile Orgeneral Ko\u015faner aras\u0131ndaki g\u00f6r\u00fc\u015fmeye H\u00fck\u00fcmet olarak nas\u0131l bakt\u0131klar\u0131n\u0131n sorulmas\u0131 \u00fczerine Atalay, yarg\u0131 s\u00fcreci devam eden bir konu \u00fczerinde yorum yapmas\u0131n\u0131n do\u011fru olmad\u0131\u011f\u0131n\u0131 s\u00f6yledi. Yarg\u0131 s\u00fcreci i\u00e7inde, \u0130\u00e7i\u015fleri Bakanl\u0131\u011f\u0131n\u0131n g\u00f6rev alan\u0131na giren bir talepte bulunulmas\u0131 halinde bakanl\u0131\u011f\u0131n\u0131n i\u015flem yapaca\u011f\u0131n\u0131 hat\u0131rlatan Atalay, bu kapsamda usul hukukunun i\u00e7inde gerekenin yap\u0131laca\u011f\u0131n\u0131 belirtti.<\/p>\n<p style=\"text-align: justify;\">Erdo\u011fan ile Ko\u015faner aras\u0131ndaki g\u00f6r\u00fc\u015fmeye kendisinin kat\u0131lamad\u0131\u011f\u0131n\u0131, ancak Milli Savunma Bakan\u0131 Vecdi G\u00f6n\u00fcl&#8217;\u00fcn g\u00f6r\u00fc\u015fmede bulundu\u011funu anlatan Atalay, kendisinin Ba\u015fbakan Erdo\u011fan ve G\u00f6n\u00fcl&#8217;le telefonla g\u00f6r\u00fc\u015ft\u00fc\u011f\u00fcn\u00fc anlatt\u0131. Bu t\u00fcr g\u00f6r\u00fc\u015fmelerin normal kar\u015f\u0131lanmas\u0131 gerekti\u011fini belirten Atalay, \u201c163 subay\u0131n tutuklanmas\u0131 s\u00f6z konusu, bunlar\u0131n 106&#8217;s\u0131 muvazzaf subay. B\u00f6yle durumlarda Genelkurmay Ba\u015fkan\u0131 ile Milli Savunma Bakan\u0131&#8217;n\u0131n Ba\u015fbakan ile konuyu g\u00f6r\u00fc\u015fmesinden daha tabii ne olabilir?\u201d diye konu\u015ftu.<\/p>\n<p style=\"text-align: justify;\">G\u00f6r\u00fc\u015fmenin normal kar\u015f\u0131lanmas\u0131 gerekti\u011fini vurgulayan Atalay, \u201cOrtada bir durum var, aileler var, onlarla Genelkurmay Ba\u015fkan\u0131&#8217;n\u0131n g\u00f6r\u00fc\u015fmesi var. Baz\u0131 duygular\u0131 d\u00fc\u015f\u00fcnceleri payla\u015fmalar\u0131 var. Bunlar\u0131n b\u00f6yle bir toplant\u0131da payla\u015f\u0131lmas\u0131 da normal. Devlet y\u00f6netiyoruz, ciddi bir i\u015f yap\u0131yoruz. Ba\u015fbakan&#8217;\u0131n konumu b\u00fct\u00fcn bunlar\u0131n \u00fczerinde. B\u00fct\u00fcn bu geli\u015fmelerden bilgisi olmas\u0131, yap\u0131lacaklar\u0131 \u00f6\u011frenmesi, gerekirse talimat vermesi zaten onun g\u00f6revinin i\u00e7inde\u201d dedi. \u201cRutin bir g\u00f6r\u00fc\u015fme mi?\u201d sorusu \u00fczerine Atalay, \u201cB\u00f6yle durumlarda g\u00f6r\u00fc\u015fmenin konusu ba\u015fka konular da olabilir ama bu konunun orada a\u011f\u0131rl\u0131kl\u0131 olabilece\u011fini herkes tahmin eder\u201d kar\u015f\u0131l\u0131\u011f\u0131n\u0131 verdi.<\/p>\n<p style=\"text-align: justify;\">G\u00f6r\u00fc\u015fmenin \u201cyarg\u0131ya m\u00fcdahale sonucu do\u011furup do\u011furmayaca\u011f\u0131na\u201d ili\u015fkin soru \u00fczerine de Be\u015fir Atalay, g\u00f6r\u00fc\u015fmenin bu manada de\u011ferlendirilmemesi gerekti\u011fini, devam eden bir yarg\u0131 s\u00fcreci oldu\u011funu, ancak idareye de d\u00fc\u015fen g\u00f6revler bulundu\u011funu belirtti. Atalay, idareye d\u00fc\u015fen g\u00f6revlerin usul\u00fcne uygun, makul ve insani hassasiyetleri g\u00f6zeterek yerine getirmenin \u00f6nemine dikkati \u00e7ekti.<\/p>\n<p style=\"text-align: justify;\"><strong>\u201cTUHAF B\u0130R MUHALEFET ANLAYI\u015eI\u201d<\/strong><\/p>\n<p style=\"text-align: justify;\">Muhalefetin ve san\u0131k yak\u0131nlar\u0131n\u0131n h\u00fck\u00fcmete y\u00f6nelik ithamlarda bulunduklar\u0131 ifade edilmesi ve de\u011ferlendirmesinin sorulmas\u0131 \u00fczerine Atalay, \u015funlar\u0131 s\u00f6yledi:<\/p>\n<p style=\"text-align: justify;\">\u201cMuhalefet maalesef hele T\u00fcrkiye&#8217;deki muhalefet s\u00fcrekli bir eksik arama ve ele\u015ftiri i\u00e7indedir. En iyi \u015fey olsa bile onlar &#8216;bu da iyi oldu&#8217; demediler hi\u00e7, ben duymad\u0131m \u015fu 8.5 y\u0131ll\u0131k s\u00fcrede. Tuhaf bir muhalefet anlay\u0131\u015f\u0131, \u00fclkeye de bir faydas\u0131 yok. Makul katk\u0131 verecek, tamamlayacak, olgunla\u015ft\u0131racak ele\u015ftiriler muhalefet g\u00f6revinin i\u00e7indedir. O muhalefete her \u00fclkenin ihtiyac\u0131 var. Muhalefetsiz demokrasi olamaz.<\/p>\n<p style=\"text-align: justify;\">Ele\u015ftirisiz, d\u00fc\u015f\u00fcncesiz bir demokratik hayat olamaz. Ama burada y\u00fcr\u00fcyen s\u00fcreci herkes biliyor. Bu yarg\u0131n\u0131n elinde. Onlar tamamen yarg\u0131n\u0131n kendi adalet duygusu ve vicdan\u0131 i\u00e7indedir. Hangi belgeler nas\u0131l de\u011ferlendiriliyor? Oralardan hangi h\u00fck\u00fcmler?&#8230; Bunun h\u00fck\u00fcmetle ilgisi yok. Neticede ba\u011f\u0131ms\u0131z mahkemeler bunu y\u00fcr\u00fct\u00fcyor. Ben bu t\u00fcr \u015feyleri daima bizdeki sorumsuz muhalefet anlay\u0131\u015f\u0131n\u0131n bir tezah\u00fcr\u00fc olarak g\u00f6r\u00fcyorum. Yanl\u0131\u015f g\u00f6r\u00fcyorum. Ortada yarg\u0131 kararlar\u0131 varken&#8230; Bizim de h\u00fck\u00fcmet olarak veya ben kendi bakanl\u0131\u011f\u0131m i\u00e7inde memnun olmad\u0131\u011f\u0131m durumlar olabilir ama yarg\u0131 karar veriyor. Ben vali at\u0131yorum, birini g\u00f6revden al\u0131yorum yerine yenisini at\u0131yorum. Vali gidiyor yarg\u0131ya&#8230; \u0130kinci, \u00fc\u00e7\u00fcnc\u00fc defa iade ediyor. Burada hukuki bir \u015fey de yok, keyfi bir karar. Neticede ben bu hukuku uyguluyorum. Bunlar h\u00fck\u00fcmet i\u00e7in de ge\u00e7erli. Biz de rahats\u0131z olsak yarg\u0131n\u0131n y\u00fcr\u00fcyen bir mekanizmas\u0131 var. Hepimiz bunun i\u00e7inde. Yarg\u0131ya \u00f6yle bakaca\u011f\u0131z.\u201d<\/p>\n<p style=\"text-align: justify;\"><strong>\u201cELE GE\u00c7\u0130RME D\u0130YE B\u0130R \u015eEY YOK\u201d<\/strong><\/p>\n<p style=\"text-align: justify;\">Bakan Atalay, yarg\u0131 reformu kapsam\u0131nda \u00f6nemli d\u00fczenlemelerin hayata ge\u00e7irildi\u011fi, bunlara y\u00f6nelik de \u201cYanda\u015f yarg\u0131 yarat\u0131ld\u0131\u011f\u0131\u201d ele\u015ftirileri yap\u0131ld\u0131\u011f\u0131 ifade edilerek de\u011ferlendirmesinin sorulmas\u0131 \u00fczerine AK Parti&#8217;nin kuruldu\u011fu g\u00fcnden bu yana belirledi\u011fi vizyon i\u00e7inde hareket etti\u011fini s\u00f6yledi.<\/p>\n<p style=\"text-align: justify;\">AK Parti&#8217;nin hukuka, demokratikle\u015fmeye ve sosyal politikalara \u00f6ncelik verdi\u011fini ve kuruldu\u011fu g\u00fcnden bu yana bu anlay\u0131\u015f\u0131 s\u00fcrd\u00fcrd\u00fc\u011f\u00fcn\u00fc aktaran Atalay, yarg\u0131 reformuyla ilgili geli\u015fmelerin de bu anlay\u0131\u015f\u0131n bir par\u00e7as\u0131 oldu\u011funu kaydetti.<\/p>\n<p style=\"text-align: justify;\">12 Eyl\u00fcl&#8217;de halkoyuna sunulan Anayasa de\u011fi\u015fikli\u011fi paketinin \u00f6z\u00fcn\u00fcn yarg\u0131daki de\u011fi\u015fim oldu\u011funu ve vatanda\u015f\u0131n, oyuyla bu de\u011fi\u015fime destek verdi\u011fini belirten Atalay, \u201c\u015eu an yap\u0131lanlar\u0131n de\u011fi\u015ftirilen Anayasa Mahkemelerinin, uyum yasalar\u0131n\u0131n hayata ge\u00e7irilmesi anlam\u0131 ta\u015f\u0131d\u0131\u011f\u0131n\u0131\u201d s\u00f6yledi. Cumhurba\u015fkan\u0131n\u0131 halk\u0131n se\u00e7mesi g\u00fcndeme geldi\u011finde de muhalefetin tepki g\u00f6sterdi\u011fini hat\u0131rlatan Atalay, \u201cYarg\u0131y\u0131 bir kale olarak nitelendirip, y\u0131k\u0131l\u0131yormu\u015f, ele ge\u00e7iriliyormu\u015f\u201d gibi g\u00f6rmenin yanl\u0131\u015f oldu\u011funu s\u00f6yledi. Atalay, \u201cEle ge\u00e7irme diye bir \u015fey yok. Nas\u0131l oldu\u011fu, demokratik bir s\u00fcre\u00e7. Anayasa maddeleri ile belirlendi ve Anayasa de\u011fi\u015fiminden sonra gere\u011fi yap\u0131l\u0131yor, uyum yasalar\u0131 \u00e7\u0131k\u0131yor. Burada kim neyi ele ge\u00e7iriyor? Yarg\u0131ya bu \u015fekilde bir su\u00e7lamada bulunmak da yanl\u0131\u015f. Hukuki olmayan, usulden uzak e\u011fer uygulamalar, karalar \u00e7\u0131karsa o kararlar daima ele\u015ftirilir. Yarg\u0131 da o zaman kendisini ele\u015ftiriye tabi tutmak durumundad\u0131r\u201d diye konu\u015ftu.<\/p>\n<p style=\"text-align: justify;\">Yarg\u0131 ile ilgili toptan nitelemeleri ve s\u0131fatland\u0131rmalar\u0131 muhalefetin normal refleksi olarak g\u00f6rd\u00fc\u011f\u00fcn\u00fc anlatan Bakan Atalay, T\u00fcrkiye&#8217;nin b\u00fcy\u00fck bir de\u011fi\u015fim ya\u015fad\u0131\u011f\u0131n\u0131, stat\u00fckonun giderek g\u00fc\u00e7 kaybetti\u011fini vurgulad\u0131. Atalay, T\u00fcrkiye&#8217;nin b\u00fct\u00fcn alanlarda uluslararas\u0131 g\u00fcc\u00fcn\u00fcn, imaj\u0131n\u0131n ve perspektifinin artt\u0131\u011f\u0131n\u0131 belirterek, T\u00fcrkiye&#8217;nin hukukun daha bir yerle\u015fti\u011fi, d\u0131\u015f yat\u0131r\u0131mc\u0131lar\u0131n kendisini daha istikrarda hissetti\u011fi bir \u00fclke durumuna geldi\u011fini de kaydetti.<\/p>\n<p style=\"text-align: justify;\"><a href=\"http:\/\/www.radikal.com.tr\/Radikal.aspx?aType=RadikalDetayV3&amp;ArticleID=1039861&amp;Date=13.02.2011&amp;CategoryID=78\" target=\"_blank\"><span style=\"color: #888888;\">Kaynak : Radikal<\/span><\/a><\/p>\n","protected":false},"excerpt":{"rendered":"<p style=\"text-align: center;\">\n<p style=\"text-align: justify;\">\u0130\u00e7i\u015fleri Bakan\u0131 Atalay, &#8220;163 subay tutuklanm\u0131\u015f, Ba\u015fbakan ile Genelkurmay Ba\u015fkan\u0131&#8217;n\u0131n g\u00f6r\u00fc\u015fmesinden daha do\u011fal ne olabilir&#8221; dedi.<\/p>\n<p style=\"text-align: justify;\">\u0130\u00e7i\u015fleri Bakan\u0131 Be\u015fir Atalay, Ba\u015fbakan Recep Tayyip Erdo\u011fan ile Genelkurmay Ba\u015fkan\u0131 Orgeneral I\u015f\u0131k Ko\u015faner aras\u0131ndaki g\u00f6r\u00fc\u015fmenin normal kar\u015f\u0131lanmas\u0131 gerekti\u011fini belirterek, \u201c163 subay\u0131n tutuklanmas\u0131 s\u00f6z konusu, bunlar\u0131n 106&#8217;s\u0131 muvazzaf subay. B\u00f6yle durumlarda Genelkurmay <\/p>\n","protected":false},"author":1,"featured_media":0,"comment_status":"open","ping_status":"closed","sticky":false,"template":"","format":"standard","meta":{"footnotes":""},"categories":[105],"tags":[],"class_list":["post-28302","post","type-post","status-publish","format-standard","hentry","category-gundem","odd"],"_links":{"self":[{"href":"http:\/\/www.korhanyilmaz.com\/index.php?rest_route=\/wp\/v2\/posts\/28302","targetHints":{"allow":["GET"]}}],"collection":[{"href":"http:\/\/www.korhanyilmaz.com\/index.php?rest_route=\/wp\/v2\/posts"}],"about":[{"href":"http:\/\/www.korhanyilmaz.com\/index.php?rest_route=\/wp\/v2\/types\/post"}],"author":[{"embeddable":true,"href":"http:\/\/www.korhanyilmaz.com\/index.php?rest_route=\/wp\/v2\/users\/1"}],"replies":[{"embeddable":true,"href":"http:\/\/www.korhanyilmaz.com\/index.php?rest_route=%2Fwp%2Fv2%2Fcomments&post=28302"}],"version-history":[{"count":0,"href":"http:\/\/www.korhanyilmaz.com\/index.php?rest_route=\/wp\/v2\/posts\/28302\/revisions"}],"wp:attachment":[{"href":"http:\/\/www.korhanyilmaz.com\/index.php?rest_route=%2Fwp%2Fv2%2Fmedia&parent=28302"}],"wp:term":[{"taxonomy":"category","embeddable":true,"href":"http:\/\/www.korhanyilmaz.com\/index.php?rest_route=%2Fwp%2Fv2%2Fcategories&post=28302"},{"taxonomy":"post_tag","embeddable":true,"href":"http:\/\/www.korhanyilmaz.com\/index.php?rest_route=%2Fwp%2Fv2%2Ftags&post=28302"}],"curies":[{"name":"wp","href":"https:\/\/api.w.org\/{rel}","templated":true}]}}