{"id":28298,"date":"2011-02-13T16:05:54","date_gmt":"2011-02-13T14:05:54","guid":{"rendered":"http:\/\/www.korhanyilmaz.com\/?p=28298"},"modified":"2011-02-13T16:05:54","modified_gmt":"2011-02-13T14:05:54","slug":"erdogan-misirda-kazanan-demokrasidir","status":"publish","type":"post","link":"http:\/\/www.korhanyilmaz.com\/?p=28298","title":{"rendered":"Erdo\u011fan: M\u0131s\u0131r&#8217;da kazanan demokrasidir"},"content":{"rendered":"<p style=\"text-align: center;\"><a href=\"http:\/\/www.korhanyilmaz.com\/wp-content\/uploads\/2011\/02\/335.jpg\"  class=\"lightview\"><img loading=\"lazy\" decoding=\"async\" class=\"aligncenter size-full wp-image-28299\" src=\"http:\/\/www.korhanyilmaz.com\/wp-content\/uploads\/2011\/02\/335.jpg\" alt=\"\" width=\"413\" height=\"218\" \/><\/a><\/p>\n<p style=\"text-align: justify;\">Ba\u015fbakan Recep Tayyip Erdo\u011fan, &#8221;M\u0131s\u0131r&#8217;da kaybeden stat\u00fcko, kazanan de\u011fi\u015fimdir. M\u0131s\u0131r&#8217;da kaybeden bask\u0131, kazanan demokrasidir. M\u0131s\u0131r&#8217;da kaybeden korku, kazanan cesarettir. M\u0131s\u0131r&#8217;da karamsarl\u0131k kaybetmi\u015f, umut kazanm\u0131\u015ft\u0131r. \u0130nan\u0131yorum ki, M\u0131s\u0131rl\u0131 karde\u015fim, M\u0131s\u0131r halk\u0131, ge\u00e7i\u015f s\u00fcrecini de ba\u015far\u0131yla atlatacak, \u00f6zg\u00fcrl\u00fck\u00e7\u00fc, anayasal demokrasiye sahip, \u00e7o\u011fulcu ve kat\u0131l\u0131mc\u0131 bir idareyi en k\u0131sa s\u00fcrede tesis edecektir&#8221; dedi.<!--more--><\/p>\n<p style=\"text-align: justify;\">\u0130STANBUL- Erdo\u011fan, Ordu Dernekler Platformunca Ba\u011fc\u0131lar Spor Salonu&#8217;nda  d\u00fczenlenen &#8221;3. Ordulular Sevgi \u015e\u00f6leni&#8221;ne kat\u0131ld\u0131. Burada konu\u015fan Erdo\u011fan, Tunus&#8217;ta, M\u0131s\u0131r&#8217;da olaylar oldu\u011funda, halk soka\u011fa d\u00f6k\u00fcld\u00fc\u011f\u00fcnde, demokratik haklar\u0131n\u0131 talep etti\u011finde, b\u00fct\u00fcn d\u00fcnya susarken, sessiz, tepkisiz kal\u0131rken, kendilerinin \u00e7\u0131k\u0131p gerekli de\u011ferlendirmeleri, \u00f6nerileri ve tavsiyelerini samimiyetle dile getirdiklerini ifade etti.<\/p>\n<p style=\"text-align: justify;\">Halk\u0131n taleplerine, halk\u0131n hayk\u0131r\u0131\u015flar\u0131na kulak verilmesi, gecikmi\u015f reformlar\u0131n ger\u00e7ekle\u015ftirilmesi, demokrasi i\u00e7in, \u00f6zg\u00fcrl\u00fck i\u00e7in ad\u0131mlar at\u0131lmas\u0131 gerekti\u011fini ifade ettiklerini dile getiren Erdo\u011fan, \u015funlar\u0131 kaydetti:<\/p>\n<p style=\"text-align: justify;\">&#8221;Belirsiz a\u00e7\u0131klamalar\u0131n, g\u00fcn\u00fc kurtaran ge\u00e7i\u015ftirmelerin, so\u011fuk de\u011ferlendirmelerin arkas\u0131na s\u0131\u011f\u0131nmad\u0131k; dobra dobra i\u00e7imizden ge\u00e7eni, ger\u00e7e\u011fi, hissiyat\u0131m\u0131z\u0131 dile getirdik. Demokrasiyi kendileri i\u00e7in hak, ba\u015fkalar\u0131 i\u00e7in l\u00fcks g\u00f6renlerin tersine, biz herkes i\u00e7in bar\u0131\u015f, \u00f6zg\u00fcrl\u00fck ve demokrasi istedi\u011fimizi cesaretle seslendirdik. \u00c7ifte standarda, bekle g\u00f6r politikas\u0131na, bu samimiyetsizli\u011fe, bu ayr\u0131mc\u0131l\u0131\u011fa prim vermedik. M\u0131s\u0131r&#8217;\u0131n kayg\u0131s\u0131n\u0131, M\u0131s\u0131r&#8217;\u0131n h\u00fczn\u00fcn\u00fc, M\u0131s\u0131r&#8217;da akan kan\u0131n kederini payla\u015ft\u0131\u011f\u0131m\u0131z kadar, bug\u00fcn de, M\u0131s\u0131r&#8217;\u0131n co\u015fkusunu, heyecan\u0131n\u0131, M\u0131s\u0131rl\u0131 karde\u015flerimizle payla\u015f\u0131yoruz.<\/p>\n<p style=\"text-align: justify;\">D\u00fcn karde\u015flik hukukuyla M\u0131s\u0131r&#8217;\u0131n derdini dert edinirken, bug\u00fcn de ayn\u0131 \u015fekilde karde\u015flik hukukuyla M\u0131s\u0131r&#8217;\u0131n co\u015fkusunu co\u015fkumuz olarak g\u00f6r\u00fcyoruz.<\/p>\n<p style=\"text-align: justify;\">M\u0131s\u0131r&#8217;da kaybeden stat\u00fcko, kazanan de\u011fi\u015fimdir. M\u0131s\u0131r&#8217;da kaybeden bask\u0131, kazanan demokrasidir. M\u0131s\u0131r&#8217;da kaybeden korku, kazanan cesarettir. M\u0131s\u0131r&#8217;da karamsarl\u0131k kaybetmi\u015f, umut kazanm\u0131\u015ft\u0131r. \u0130nan\u0131yorum ki, M\u0131s\u0131rl\u0131 karde\u015fim, M\u0131s\u0131r halk\u0131, ge\u00e7i\u015f s\u00fcrecini de ba\u015far\u0131yla atlatacak, \u00f6zg\u00fcrl\u00fck\u00e7\u00fc, anayasal demokrasiye sahip, \u00e7o\u011fulcu ve kat\u0131l\u0131mc\u0131 bir idareyi en k\u0131sa s\u00fcrede tesis edecektir. Kalbimiz M\u0131s\u0131r&#8217;la, hay\u0131r dualar\u0131m\u0131z M\u0131s\u0131r&#8217;la, deste\u011fimiz M\u0131s\u0131r&#8217;la olmaya devam edecektir&#8221; dedi. Ya\u015fananlar\u0131n, M\u0131s\u0131r kar\u015f\u0131s\u0131nda sessiz, tepkisiz kalanlara, stat\u00fckoyu savunanlara, demokrasiyi kendileri i\u00e7in hak, ba\u015fkalar\u0131 i\u00e7in l\u00fctuf g\u00f6renlere ders olmas\u0131n\u0131 diliyorum. Biz, T\u00fcrkiye olarak, var g\u00fcc\u00fcm\u00fczle bar\u0131\u015f demeye, var g\u00fcc\u00fcm\u00fczle karde\u015flik demeye, dayan\u0131\u015fma demeye devam edece\u011fiz. B\u00f6lgede istikrar\u0131n, huzurun, refah\u0131n kazanmas\u0131 i\u00e7in \u00e7al\u0131\u015fmaya, ter d\u00f6kmeye devam edece\u011fiz. B\u00fcy\u00fck bir \u00fclkeye, b\u00fcy\u00fck bir millete yara\u015fan neyse, biz onu yapt\u0131k, onu yapmaya devam edece\u011fiz.&#8217;<\/p>\n<p style=\"text-align: justify;\"><strong>ORDULULAR B\u00dcY\u00dcK DESTEK VERD\u0130<\/strong><\/p>\n<p style=\"text-align: justify;\">Ordulular\u0131n kendilerinden hay\u0131r dualar\u0131n\u0131 hi\u00e7 eksik etmedi\u011fini ifade eden Erdo\u011fan, Ordulular\u0131n 12 Eyl\u00fcl&#8217;deki referandumda b\u00fcy\u00fck oran\u0131nda &#8216;evet&#8217; diyerek kendilerine g\u00fc\u00e7l\u00fc bir destek verdi\u011fini kaydetti.<\/p>\n<p style=\"text-align: justify;\">Erdo\u011fan, Ordu&#8217;nun tan\u0131t\u0131m\u0131 i\u00e7in, Ordu&#8217;yu T\u00fcrkiye&#8217;ye, d\u00fcnyaya tan\u0131tmak i\u00e7in kullan\u0131lan, &#8221;Ordu oksijen \u015fehridir, oksijen yurdudur, Ordu kal\u0131nacak \u015fehirdir&#8221; slogan\u0131na da i\u015faret ederek, Ordu&#8217;nun yaylalar\u0131, kaleleri, camileri, hamamlar\u0131, k\u00fcmbetleri, f\u0131nd\u0131\u011f\u0131 ve zengin mutfa\u011f\u0131yla g\u00f6r\u00fclmeyi, kal\u0131nmay\u0131, ya\u015fanmay\u0131 fazlas\u0131yla hak etti\u011fini belirtti.<\/p>\n<p style=\"text-align: justify;\">Ordu&#8217;ya yap\u0131lan ula\u015f\u0131m yat\u0131r\u0131mlar\u0131yla T\u00fcrkiye&#8217;nin ve d\u00fcnyan\u0131n Ordu ile ba\u011flant\u0131s\u0131n\u0131 yeniden tesis ettiklerini, y\u0131llarca bitirilemeyen Bolu t\u00fcneli, Merzifon-Samsun yolu ve Karadeniz sahil yolunu tamamlay\u0131p hizmete a\u00e7t\u0131klar\u0131n\u0131 anlatt\u0131.<\/p>\n<p style=\"text-align: justify;\">Karadeniz&#8217;i do\u011frudan Akdeniz&#8217;e; ba\u011flant\u0131 yollar\u0131yla Anadolu&#8217;ya ba\u011flayacak 653 kilometrelik yolun 133 kilometrelik b\u00f6l\u00fcm\u00fcn\u00fcn Ordu&#8217;da bulundu\u011funu an\u0131msatan Erdo\u011fan, da\u011flar\u0131 delerek \u00e7al\u0131\u015fmalar\u0131n s\u00fcrd\u00fc\u011f\u00fcn\u00fc ifade etti.<\/p>\n<p style=\"text-align: justify;\">Ba\u015fbakan Erdo\u011fan, &#8221;Biz Ferhat&#8217;\u0131z, Ferhat; siz \u015eirin&#8217;siniz; bize da\u011flar\u0131 delmek yara\u015f\u0131r. Deldik da\u011flar\u0131 \u015eirin&#8217;e ula\u015ft\u0131k. Biz hani var ya, Ordu&#8217;nun dereleri var ya, &#8216;Ordu&#8217;nun dereleri aksa yukar\u0131 aksa&#8217; diyoruz ya, i\u015fte biz o dereleri yukar\u0131 do\u011fru ak\u0131tt\u0131k ve ak\u0131taca\u011f\u0131z. Hava ula\u015f\u0131m\u0131 noktas\u0131nda Ordu&#8217;ya verdi\u011fimiz s\u00f6z\u00fc tutuyoruz. Kim ne derse desin, bizim a\u011fz\u0131m\u0131zdan s\u00f6z bir kere \u00e7\u0131kar, \u00e7\u0131km\u0131\u015ft\u0131r ve bu i\u015f bitmi\u015ftir&#8221; diye konu\u015ftu.<\/p>\n<p style=\"text-align: justify;\">OR-G\u0130 Havaalan\u0131 i\u00e7in yer tespitinin tamamland\u0131\u011f\u0131n\u0131, ihale a\u015famas\u0131nda kullan\u0131lmak \u00fczere ilk etapta 21 milyon lira Maliye Bakanl\u0131\u011f\u0131 taraf\u0131ndan tahsis edildi\u011fini ve belki mart ay\u0131nda temel atacaklar\u0131n\u0131 da anlatan Erdo\u011fan, 81 vilayette, T\u00fcrkiye&#8217;nin tamam\u0131nda, yapamayacaklar\u0131 i\u015fin s\u00f6z\u00fcn\u00fc vermediklerini kaydetti.<\/p>\n<p style=\"text-align: justify;\">Erdo\u011fan, kim ne derse desin, kim hangi spek\u00fclasyonu yaparsa yaps\u0131n, kim hangi dedikoduyu \u00fcretirse \u00fcretsin, OR-G\u0130 Havaalan\u0131&#8217;n\u0131 en k\u0131sa zamanda Ordu ve Giresun&#8217;a kazand\u0131racaklar\u0131n\u0131 ifade etti.<\/p>\n<p style=\"text-align: justify;\">T\u00fcrkiye&#8217;nin i\u00e7i bo\u015f vaatlerden, milletin, yalan siyasetinden, iftira siyasetinden, pop\u00fclist siyasetten \u00e7ok \u00e7ekti\u011fini de belirten Erdo\u011fan, &#8221;Bizim siyasetimiz hizmet siyaseti. Her zaman ifade ediyorum; biz, millete efendi olmak i\u00e7in de\u011fil, millete hizmetkar olmak i\u00e7in geldik. \u00dczerimizdeki emanetin fark\u0131nday\u0131z, idrakindeyiz. Bize oy versin ya da vermesin, 74 milyonun emanetini ta\u015f\u0131d\u0131\u011f\u0131m\u0131z\u0131n bilincindeyiz ve bu bilin\u00e7le hareket ediyoruz. T\u00fcrkiye&#8217;yi b\u00fcy\u00fctmek, ekonomiyi b\u00fcy\u00fctmek, demokrasiyi y\u00fcceltmek, bu \u00fclkenin itibar\u0131na itibar, g\u00fcc\u00fcne g\u00fc\u00e7 katmak i\u00e7in 8 y\u0131ld\u0131r canla ba\u015fla, gece-g\u00fcnd\u00fcz \u00e7al\u0131\u015f\u0131yor, ko\u015fuyor ve ko\u015fturuyoruz&#8221; dedi.<\/p>\n<p style=\"text-align: justify;\"><strong>&#8221;S\u0130YASET\u0130M\u0130ZDE KORKU YOK&#8221;<\/strong><\/p>\n<p style=\"text-align: justify;\">Erdo\u011fan, bir Rizeli ve Karadenizli olarak baba oca\u011f\u0131n\u0131 terk etmenin, g\u00f6\u00e7 etmenin, b\u00fcy\u00fck \u015fehirde tutunma m\u00fccadelesi vermenin ne denli me\u015fakkatli oldu\u011funu \u00e7ok iyi bildi\u011fini de dile getirerek, babas\u0131n\u0131n da 13 ya\u015f\u0131nda \u0130stanbul&#8217;a geldi\u011fini, memleketiyle de irtibat\u0131n\u0131 hi\u00e7 koparmad\u0131\u011f\u0131n\u0131 anlatt\u0131.<\/p>\n<p style=\"text-align: justify;\">G\u00f6\u00e7le birlikte b\u00fcy\u00fck trajediler, ac\u0131 dramlar ya\u015fand\u0131\u011f\u0131n\u0131, hasretin, \u00f6zlemin, gurbetin \u00fczerine, yokluk, ezilmi\u015flik, d\u0131\u015flanm\u0131\u015fl\u0131k eklendi\u011fini de belirten Erdo\u011fan, &#8221;Bunlar\u0131 ya\u015fad\u0131\u011f\u0131m\u0131z i\u00e7in, bunlar\u0131 dinleyerek b\u00fcy\u00fcd\u00fc\u011f\u00fcm\u00fcz i\u00e7in, t\u0131pk\u0131 babalar\u0131m\u0131z gibi, do\u011fdu\u011fumuz \u015fehirde, b\u00fcy\u00fcd\u00fc\u011f\u00fcm\u00fcz \u015fehirde kendimizi gurbette hissetti\u011fimiz i\u00e7in bu m\u00fccadeleye elimizi, bedenimizi, y\u00fcre\u011fimizi koyduk. Hani diyor ya \u015fair; \u00f6z yurdunda garipsin, \u00f6z vatan\u0131nda parya&#8221; \u015feklinde konu\u015ftu.<\/p>\n<p style=\"text-align: justify;\">Ba\u015fbakan Erdo\u011fan, bir yandan, \u0130stanbul&#8217;u sahiplenirken, \u0130stanbul&#8217;un derdine, meselesine \u00e7\u00f6z\u00fcm \u00fcretirken, di\u011fer yandan s\u0131lay\u0131, di\u011fer yandan baba oca\u011f\u0131n\u0131, Anadolu&#8217;yu, Trakya&#8217;y\u0131 b\u00fcy\u00fctmenin, oralar\u0131 ye\u015fertmenin, oralar\u0131 ellerinden tutup aya\u011fa kald\u0131rman\u0131n m\u00fccadelesini verdiklerini de ifade ederek, art\u0131k Rizeli gen\u00e7, Trabzonlu, Artvinli, Giresunlu, Ordulu gencin, \u015fehrini, baba oca\u011f\u0131n\u0131 terk edip, zorunlu olmad\u0131k\u00e7a gurbete gitmesini istemediklerini de s\u00f6yledi.<\/p>\n<p style=\"text-align: justify;\">\u015eu anda 81 vilayetin \u015fantiye halinde oldu\u011funu, yollarla, konutlarla, okullarla, hastanelerle, adalet saraylar\u0131yla, kamu ve \u00f6zel sekt\u00f6r yat\u0131r\u0131mlar\u0131yla 81 vilayetin \u00e7ehresinin de\u011fi\u015fti\u011fini de vurgulayan Erdo\u011fan, T\u00fcrkiye&#8217;nin 81 vilayetinden umut ve heyecan f\u0131\u015fk\u0131rd\u0131\u011f\u0131n\u0131 kaydetti.<\/p>\n<p style=\"text-align: justify;\">Erdo\u011fan, konu\u015fmas\u0131n\u0131 \u015f\u00f6yle s\u00fcrd\u00fcrd\u00fc:<\/p>\n<p style=\"text-align: justify;\">&#8221;Bizim siyasetimizde korku yok, bizim siyasetimizde korkutmak yok; bizim siyasetimizde dedikoduyla sanal korkularla, sanal tehditlerle ayakta kalma \u00e7abas\u0131 yok. Bizim siyasetimizde \u00f6zellikle ba\u015fkalar\u0131n\u0131n ya\u015fam tarz\u0131na m\u00fcdahale, yasaklama, k\u0131s\u0131tlama yok. Bizim siyasetimizde istismar yok, kutsal de\u011ferleri, hassasiyetleri siyasete alet etmek yok. Bizim siyasetimizde karn\u0131ndan konu\u015fmak, bizim siyasetimizde \u00e7ark etmek, bizim siyasetimizde nabza g\u00f6re \u015ferbet vermek yok.&#8217;<\/p>\n<p style=\"text-align: justify;\"><strong>P\u0130SL\u0130KLER\u0130N\u0130 TEM\u0130ZL\u0130YORUZ<\/strong><\/p>\n<p style=\"text-align: justify;\">Konu\u015fmas\u0131nda muhalefeti de ele\u015ftiren Ba\u015fbakan Erdo\u011fan, &#8220;Onlar bor\u00e7land\u0131, biz \u00f6d\u00fcyoruz. \u015eimdi \u00e7\u0131km\u0131\u015f ana muhalefeti, yavru muhalefeti &#8216;gelince \u015f\u00f6yle soraca\u011f\u0131z&#8217; diyor. Biz sizin pisliklerinizi temizliyoruz. 230 milyar dolar milli geliri olan bir T\u00fcrkiye \u015fua anda 730 milyar dolar milli geliri var. Bu yolsuzluklar olsayd\u0131 sizin pislikleriniz temizlenir miydi? 79 senede 6 bin 100 kilometre yol, 7 senede 13 bin 600 kilometre duble yol. Durum ortada. E\u015fek \u00f6l\u00fcr kal\u0131r semeri, insan \u00f6l\u00fcr kal\u0131r eseri. Biz eserlerle konu\u015fuyoruz&#8221; dedi.<\/p>\n<p style=\"text-align: justify;\"><a href=\"http:\/\/www.gazeteport.com.tr\/SIYASET\/NEWS\/GP_852692\" target=\"_blank\"><span style=\"color: #888888;\">Kaynak : GAZETEPORT<\/span><\/a><\/p>\n","protected":false},"excerpt":{"rendered":"<p style=\"text-align: center;\">\n<p style=\"text-align: justify;\">Ba\u015fbakan Recep Tayyip Erdo\u011fan, &#8221;M\u0131s\u0131r&#8217;da kaybeden stat\u00fcko, kazanan de\u011fi\u015fimdir. M\u0131s\u0131r&#8217;da kaybeden bask\u0131, kazanan demokrasidir. M\u0131s\u0131r&#8217;da kaybeden korku, kazanan cesarettir. M\u0131s\u0131r&#8217;da karamsarl\u0131k kaybetmi\u015f, umut kazanm\u0131\u015ft\u0131r. \u0130nan\u0131yorum ki, M\u0131s\u0131rl\u0131 karde\u015fim, M\u0131s\u0131r halk\u0131, ge\u00e7i\u015f s\u00fcrecini de ba\u015far\u0131yla atlatacak, \u00f6zg\u00fcrl\u00fck\u00e7\u00fc, anayasal demokrasiye sahip, \u00e7o\u011fulcu ve kat\u0131l\u0131mc\u0131 bir idareyi en k\u0131sa s\u00fcrede tesis edecektir&#8221; dedi.<\/p>\n","protected":false},"author":1,"featured_media":0,"comment_status":"open","ping_status":"closed","sticky":false,"template":"","format":"standard","meta":{"footnotes":""},"categories":[105],"tags":[],"class_list":["post-28298","post","type-post","status-publish","format-standard","hentry","category-gundem","odd"],"_links":{"self":[{"href":"http:\/\/www.korhanyilmaz.com\/index.php?rest_route=\/wp\/v2\/posts\/28298","targetHints":{"allow":["GET"]}}],"collection":[{"href":"http:\/\/www.korhanyilmaz.com\/index.php?rest_route=\/wp\/v2\/posts"}],"about":[{"href":"http:\/\/www.korhanyilmaz.com\/index.php?rest_route=\/wp\/v2\/types\/post"}],"author":[{"embeddable":true,"href":"http:\/\/www.korhanyilmaz.com\/index.php?rest_route=\/wp\/v2\/users\/1"}],"replies":[{"embeddable":true,"href":"http:\/\/www.korhanyilmaz.com\/index.php?rest_route=%2Fwp%2Fv2%2Fcomments&post=28298"}],"version-history":[{"count":0,"href":"http:\/\/www.korhanyilmaz.com\/index.php?rest_route=\/wp\/v2\/posts\/28298\/revisions"}],"wp:attachment":[{"href":"http:\/\/www.korhanyilmaz.com\/index.php?rest_route=%2Fwp%2Fv2%2Fmedia&parent=28298"}],"wp:term":[{"taxonomy":"category","embeddable":true,"href":"http:\/\/www.korhanyilmaz.com\/index.php?rest_route=%2Fwp%2Fv2%2Fcategories&post=28298"},{"taxonomy":"post_tag","embeddable":true,"href":"http:\/\/www.korhanyilmaz.com\/index.php?rest_route=%2Fwp%2Fv2%2Ftags&post=28298"}],"curies":[{"name":"wp","href":"https:\/\/api.w.org\/{rel}","templated":true}]}}