{"id":28294,"date":"2011-02-13T16:23:43","date_gmt":"2011-02-13T14:23:43","guid":{"rendered":"http:\/\/www.korhanyilmaz.com\/?p=28294"},"modified":"2011-02-13T16:23:43","modified_gmt":"2011-02-13T14:23:43","slug":"haberal-sorusturmasi-4-kisi-serbest","status":"publish","type":"post","link":"http:\/\/www.korhanyilmaz.com\/?p=28294","title":{"rendered":"Haberal soru\u015fturmas\u0131: 4 ki\u015fi serbest"},"content":{"rendered":"<p style=\"text-align: justify;\"><a href=\"http:\/\/www.korhanyilmaz.com\/wp-content\/uploads\/2011\/02\/334.jpg\"  class=\"lightview\"><img loading=\"lazy\" decoding=\"async\" class=\"aligncenter size-full wp-image-28295\" src=\"http:\/\/www.korhanyilmaz.com\/wp-content\/uploads\/2011\/02\/334.jpg\" alt=\"\" width=\"292\" height=\"233\" \/><\/a><\/p>\n<p style=\"text-align: justify;\">&#8220;Ergenekon&#8221; davas\u0131 kapsam\u0131nda tutuklu bulunan eski Ba\u015fkent \u00dcniversitesi Rekt\u00f6r\u00fc Prof. Dr. Mehmet Haberal&#8217;\u0131n mahkemeye g\u00f6nderilmeyen sa\u011fl\u0131k raporuna ili\u015fkin olarak g\u00f6zalt\u0131nda bulunan 4 ki\u015fi serbest b\u0131rak\u0131ld\u0131. <!--more--><\/p>\n<p style=\"text-align: justify;\">Haberal&#8217;\u0131n mahkemeye g\u00f6nderilmeyen sa\u011fl\u0131k raporuna ili\u015fkin Be\u015fikta\u015f&#8217;taki \u0130stanbul Adliyesine getirilen uzman \u00e7avu\u015f Engin Sa\u011f\u0131r, hem\u015fire \u015eeng\u00fcl Ar\u0131 ile refakat\u00e7iler Muhammed H\u00fcsrev ve Erkan \u00d6zhun&#8217;un ifadeleri, Cumhuriyet Savc\u0131s\u0131 Fikret Se\u00e7en taraf\u0131ndan al\u0131nd\u0131.<\/p>\n<p style=\"text-align: justify;\">Savc\u0131 Se\u00e7en, sorgular\u0131n\u0131n ard\u0131ndan serbest b\u0131rakt\u0131\u011f\u0131 4 ki\u015fiden Ar\u0131, H\u00fcsrev ve \u00d6zhun i\u00e7in &#8220;adli kontrol&#8221; uygulamas\u0131 istedi.<\/p>\n<p style=\"text-align: justify;\">Bu talebi g\u00f6r\u00fc\u015fen n\u00f6bet\u00e7i mahkeme, \u015eeng\u00fcl Ar\u0131 ile Muhammed H\u00fcsrev hakk\u0131nda &#8220;adli kontrol&#8221; uygulamas\u0131 karar\u0131 verdi.<\/p>\n<p style=\"text-align: justify;\"><strong>Kur\u015fun ge\u00e7irmez caml\u0131 oda <\/strong><\/p>\n<p style=\"text-align: justify;\">Bu arada \u0130stanbul \u0130l Sa\u011fl\u0131k M\u00fcd\u00fcrl\u00fc\u011f\u00fc&#8217;nden yap\u0131lan yaz\u0131l\u0131 a\u00e7\u0131klamada Prof. Dr. Haberal&#8217;\u0131n kald\u0131\u011f\u0131 oda ve ko\u015fullar\u0131yla ilgili bilgi verildi.<\/p>\n<p style=\"text-align: justify;\">Haberal&#8217;\u0131n 2 yatakl\u0131 ancak yaln\u0131z kendisine ayr\u0131lan kur\u015fun ge\u00e7irmez caml\u0131 korunakl\u0131 odada kald\u0131\u011f\u0131n\u0131n belirtildi\u011fi a\u00e7\u0131klamada \u015f\u00f6yle denildi:<\/p>\n<p style=\"text-align: justify;\">&#8220;Resmi a\u00e7\u0131l\u0131\u015f\u0131 28 Eyl\u00fcl 2009 tarihinde yap\u0131lan ve Avrupa yakas\u0131n\u0131n kamuya ait tek kalp hastanesi olan \u0130stanbul Mehmet Akif Ersoy G\u00f6\u011f\u00fcs Kalp ve Damar Cerrahisi E\u011fitim ve Ara\u015ft\u0131rma Hastanesi 300 yatak kapasitesi ile eri\u015fkin ve \u00e7ocuk kalp hastal\u0131klar\u0131n\u0131n tan\u0131 ve tedavisinde k\u0131sa s\u00fcre i\u00e7erisinde bran\u015f hastaneler i\u00e7erisinde referans kalp merkezlerden birisi olmu\u015ftur.<\/p>\n<p style=\"text-align: justify;\">Bu ba\u011flamda 11 \u015eubat 2011 Cuma g\u00fcn\u00fc \u00f6\u011fleden sonra Bak\u0131rk\u00f6y Cumhuriyet Savc\u0131l\u0131\u011f\u0131&#8217;n\u0131n, \u0130stanbul Mehmet Akif Ersoy G\u00f6\u011f\u00fcs Kalp ve Damar Cerrahisi E\u011fitim ve Ara\u015ft\u0131rma Hastanesi&#8217;ne hitaben g\u00f6nderdi\u011fi \u00fcst yaz\u0131 ile Prof. Dr. Mehmet Haberal&#8217;\u0131n hastanemize yat\u0131\u015f\u0131 yap\u0131lm\u0131\u015ft\u0131r. \u00dcst yaz\u0131da belirtilen ve kardiyak fonksiyonlar\u0131 ile ilgili tetkiklerin hastanemiz taraf\u0131ndan g\u00fcncellenmesini i\u00e7eren yaz\u0131 kardiyoloji klinik \u015fefleri taraf\u0131ndan kendisi ile payla\u015f\u0131larak, ileri tetkiklerin yap\u0131lmas\u0131na Prof. Dr. Haberal da bilgilendirilerek ayn\u0131 g\u00fcn i\u00e7erisinde ba\u015flanm\u0131\u015ft\u0131r.<\/p>\n<p style=\"text-align: justify;\">Hayati fonksiyonlar\u0131n\u0131n 24 saat monit\u00f6rize edildi\u011fi ve kendisine refakat eden bir hem\u015firenin yan\u0131 s\u0131ra ilgili kardiyoloji uzmanlar\u0131n\u0131n da gerekli viziteleri ger\u00e7ekle\u015ftirdi\u011fi Prof. Dr. Haberal, 2 yatakl\u0131 ancak i\u00e7erisinde sadece kendisinin kald\u0131\u011f\u0131, m\u00fcstakil bir banyosu da olan gerekli g\u00fcvenlik \u00f6nlemlerinin al\u0131nd\u0131\u011f\u0131 kur\u015funge\u00e7irmez camlar\u0131 bulunan korunakl\u0131 bir hasta odas\u0131na al\u0131nm\u0131\u015ft\u0131r. Hastaya hastanemizde g\u00fcvenli ve kaliteli sa\u011fl\u0131k hizmeti verilmektedir.<\/p>\n<p style=\"text-align: justify;\">Prof. Dr. Mehmet Haberal&#8217;\u0131n yat\u0131\u015f\u0131ndan itibaren t\u00fcm ya\u015famsal fonksiyonlar\u0131n\u0131n normal olarak devam etti\u011fi, hastaneye kabul edildi\u011fi ilk g\u00fcnden itibaren sa\u011fl\u0131k durumu kardiyoloji klinik \u015fefi taraf\u0131ndan de\u011ferlendirilerek uygun periyotlarla avukatlar\u0131 ile g\u00f6r\u00fc\u015ft\u00fcr\u00fcld\u00fc\u011f\u00fc ifade edildi. &#8220;<\/p>\n<p style=\"text-align: justify;\"><a href=\"http:\/\/www.cnnturk.com\/2011\/turkiye\/02\/13\/haberal.sorusturmasi.4.kisi.serbest\/606640.0\/index.html\" target=\"_blank\"><span style=\"color: #888888;\">CNN T\u00dcRK<\/span><\/a><\/p>\n","protected":false},"excerpt":{"rendered":"<p style=\"text-align: justify;\">\n<p style=\"text-align: justify;\">&#8220;Ergenekon&#8221; davas\u0131 kapsam\u0131nda tutuklu bulunan eski Ba\u015fkent \u00dcniversitesi Rekt\u00f6r\u00fc Prof. Dr. Mehmet Haberal&#8217;\u0131n mahkemeye g\u00f6nderilmeyen sa\u011fl\u0131k raporuna ili\u015fkin olarak g\u00f6zalt\u0131nda bulunan 4 ki\u015fi serbest b\u0131rak\u0131ld\u0131. <\/p>\n","protected":false},"author":1,"featured_media":0,"comment_status":"open","ping_status":"closed","sticky":false,"template":"","format":"standard","meta":{"footnotes":""},"categories":[105],"tags":[],"class_list":["post-28294","post","type-post","status-publish","format-standard","hentry","category-gundem","odd"],"_links":{"self":[{"href":"http:\/\/www.korhanyilmaz.com\/index.php?rest_route=\/wp\/v2\/posts\/28294","targetHints":{"allow":["GET"]}}],"collection":[{"href":"http:\/\/www.korhanyilmaz.com\/index.php?rest_route=\/wp\/v2\/posts"}],"about":[{"href":"http:\/\/www.korhanyilmaz.com\/index.php?rest_route=\/wp\/v2\/types\/post"}],"author":[{"embeddable":true,"href":"http:\/\/www.korhanyilmaz.com\/index.php?rest_route=\/wp\/v2\/users\/1"}],"replies":[{"embeddable":true,"href":"http:\/\/www.korhanyilmaz.com\/index.php?rest_route=%2Fwp%2Fv2%2Fcomments&post=28294"}],"version-history":[{"count":0,"href":"http:\/\/www.korhanyilmaz.com\/index.php?rest_route=\/wp\/v2\/posts\/28294\/revisions"}],"wp:attachment":[{"href":"http:\/\/www.korhanyilmaz.com\/index.php?rest_route=%2Fwp%2Fv2%2Fmedia&parent=28294"}],"wp:term":[{"taxonomy":"category","embeddable":true,"href":"http:\/\/www.korhanyilmaz.com\/index.php?rest_route=%2Fwp%2Fv2%2Fcategories&post=28294"},{"taxonomy":"post_tag","embeddable":true,"href":"http:\/\/www.korhanyilmaz.com\/index.php?rest_route=%2Fwp%2Fv2%2Ftags&post=28294"}],"curies":[{"name":"wp","href":"https:\/\/api.w.org\/{rel}","templated":true}]}}