{"id":28290,"date":"2011-02-13T15:08:40","date_gmt":"2011-02-13T13:08:40","guid":{"rendered":"http:\/\/www.korhanyilmaz.com\/?p=28290"},"modified":"2011-02-13T15:08:40","modified_gmt":"2011-02-13T13:08:40","slug":"gul-herhangi-bir-sakinca-gormedim","status":"publish","type":"post","link":"http:\/\/www.korhanyilmaz.com\/?p=28290","title":{"rendered":"G\u00fcl: Herhangi bir sak\u0131nca g\u00f6rmedim"},"content":{"rendered":"<p><a href=\"http:\/\/www.korhanyilmaz.com\/wp-content\/uploads\/2011\/02\/333.jpg\"  class=\"lightview\"><img loading=\"lazy\" decoding=\"async\" class=\"size-full wp-image-28291 aligncenter\" src=\"http:\/\/www.korhanyilmaz.com\/wp-content\/uploads\/2011\/02\/333.jpg\" alt=\"\" width=\"292\" height=\"184\" \/><\/a><\/p>\n<p style=\"text-align: justify;\">Cumhurba\u015fkan\u0131 Abdullah G\u00fcl, Yarg\u0131tay ve Dan\u0131\u015ftay kanununun onaylamas\u0131yla ilgili &#8221;Neticede hukuk b\u00fcromdaki dan\u0131\u015fmanlar\u0131m\u0131n bana verdikleri bilgi ve \u00f6neri \u00e7er\u00e7evesinde yay\u0131nlanmas\u0131nda herhangi bir sak\u0131nca, problem olmad\u0131\u011f\u0131n\u0131 g\u00f6rd\u00fcm&#8221; dedi.<!--more--><\/p>\n<p style=\"text-align: justify;\">ANKARA- G\u00fcl, \u0130ran&#8217;a hareketinden \u00f6nce Esenbo\u011fa Havaliman\u0131&#8217;nda gazetecilerin sorular\u0131n\u0131 yan\u0131tlad\u0131. Bir gazetecinin, Balyoz davas\u0131yla ilgili sorusu \u00fczerine G\u00fcl, yarg\u0131 safhas\u0131nda olan bir davayla ilgili bir \u015fey s\u00f6ylemesinin m\u00fcmk\u00fcn olmad\u0131\u011f\u0131n\u0131 belirtti.<\/p>\n<p style=\"text-align: justify;\">&#8221;M\u0131s\u0131r&#8217;daki geli\u015fmelerle ilgili bundan sonras\u0131 i\u00e7in neler bekliyorsunuz?&#8221; sorusuna kar\u015f\u0131l\u0131k da G\u00fcl, b\u00fct\u00fcn \u0130slam d\u00fcnyas\u0131nda, \u00e7ok ola\u011fan\u00fcst\u00fc de\u011fi\u015fim s\u00fcreci ya\u015fand\u0131\u011f\u0131n\u0131, tarihin hi\u00e7 bir s\u00fcrecinde olmad\u0131\u011f\u0131 kadar bir de\u011fi\u015fim s\u00fcreciyle kar\u015f\u0131 kar\u015f\u0131ya olundu\u011funu belirtti.<\/p>\n<p style=\"text-align: justify;\">&#8221;Bu de\u011fi\u015fimi liderler yapamad\u0131\u011f\u0131 i\u00e7in halk \u00f6nc\u00fcl\u00fck etmektedir&#8221; diyen G\u00fcl, T\u00fcrkiye olarak M\u0131s\u0131r&#8217;a \u00e7ok \u00f6nem verdiklerini, M\u0131s\u0131r&#8217;\u0131n \u0130slam d\u00fcnyas\u0131n\u0131n en \u00f6nemli \u00fclkelerinden oldu\u011funu kaydetti.<\/p>\n<p style=\"text-align: justify;\">Cumhurba\u015fkan\u0131 G\u00fcl, \u015f\u00f6yle devam etti:<\/p>\n<p style=\"text-align: justify;\">&#8221;B\u00fct\u00fcn bu s\u00fcre\u00e7ten M\u0131s\u0131r devletinin g\u00fc\u00e7l\u00fc, M\u0131s\u0131r halk\u0131n\u0131n mutlu \u00e7\u0131kmas\u0131n\u0131 arzu ederiz. M\u0131s\u0131r halk\u0131n\u0131n mutlulu\u011fu ve refah\u0131 bizler i\u00e7in \u00e7ok \u00f6nemlidir. \u00c7\u00fcnk\u00fc onlar\u0131 karde\u015flerimiz, dostlar\u0131m\u0131z olarak g\u00f6r\u00fcyoruz. Mutluluk ve refah\u0131n temel ihtiya\u00e7lar\u0131 da gayet a\u00e7\u0131kt\u0131r. Temel hak ve \u00f6zg\u00fcrl\u00fcklerin garanti alt\u0131na al\u0131nd\u0131\u011f\u0131, demokratik, hukuk standartlar\u0131n\u0131n yerle\u015fmesi, ekonomik \u015feffafl\u0131\u011f\u0131n yerle\u015fmesi. \u00dcmit ediyoruz ki M\u0131s\u0131r&#8217;\u0131n gelece\u011fi \u015fu anda M\u0131s\u0131r Silahl\u0131 Kuvvetlerine tevdi edilmi\u015ftir, onlar\u0131n elindedir. M\u0131s\u0131r Silahl\u0131 Kuvvetleri de bu s\u00fcreci, bir karde\u015f m\u00fccadelesine, karde\u015f kan\u0131 akmas\u0131na f\u0131rsat vermeyecek \u015fekilde g\u00f6t\u00fcrm\u00fc\u015ft\u00fcr. Bundan sonra en k\u0131sa s\u00fcre i\u00e7erisinde sivil bir y\u00f6netime devretmek i\u00e7in \u00fcst\u00fcne d\u00fc\u015fen \u00e7abalar\u0131 h\u0131zl\u0131 bir \u015fekilde g\u00f6sterece\u011fini tahmin ediyoruz. Bunun i\u00e7in ge\u00e7en yapt\u0131\u011f\u0131m\u0131z h\u00fck\u00fcmet a\u00e7\u0131klamas\u0131nda da ifade edildi\u011fi gibi, bir Anayasal Cumhuriyetin M\u0131s\u0131r&#8217;da ger\u00e7ekle\u015fmesi, se\u00e7imlerin, gayet \u015feffaf, h\u00fcr, adil bir \u015fekilde yap\u0131lmas\u0131, hakim y\u00f6netiminde ve i\u00e7 ve d\u0131\u015f g\u00f6zlemcilerin serbest\u00e7e g\u00f6zleyebilece\u011fi bir \u015fekilde se\u00e7imlerin yap\u0131lmas\u0131, inan\u0131yorum ki M\u0131s\u0131r halk\u0131n\u0131 mutlu edecektir. M\u0131s\u0131r halk\u0131n\u0131n bu s\u00fcre\u00e7ten daha onurlu bir \u015fekilde \u00e7\u0131kmas\u0131, M\u0131s\u0131r devletinin \u00e7ok g\u00fc\u00e7l\u00fc bir \u015fekilde \u00e7\u0131kmas\u0131 ve hak ettikleri uluslararas\u0131 platformdaki yerine kavu\u015fmas\u0131, b\u00fct\u00fcn T\u00fcrk milletinin ve hepimizin arzusudur.&#8221;<\/p>\n<p style=\"text-align: justify;\"><strong>HERHANG\u0130 B\u0130R SAKINCA G\u00d6RMED\u0130M<\/strong><\/p>\n<p style=\"text-align: justify;\">Bir gazetecinin, &#8221;Yarg\u0131tay ve Dan\u0131\u015ftaya yeni daireler kurulmas\u0131na ili\u015fkin Kanunu onaylad\u0131n\u0131z. Y\u00fcksek yarg\u0131 organlar\u0131 ba\u015fkanlar\u0131yla g\u00f6r\u00fc\u015fmeler yapm\u0131\u015ft\u0131n\u0131z. Endi\u015feleri payla\u015fmad\u0131\u011f\u0131n\u0131z sonucuna ula\u015fabilir miyiz?&#8221; sorusu \u00fczerine, bug\u00fcn T\u00fcrk Ticaret Kanununu da onaylad\u0131\u011f\u0131n\u0131, yakla\u015f\u0131k 1600 maddelik bu Kanunun, 1957 y\u0131l\u0131ndan bu yana ilk defa T\u00fcrk ticari, ekonomik hayat\u0131n\u0131 de\u011fi\u015fikli\u011fe u\u011fratt\u0131\u011f\u0131n\u0131 belirtti.<\/p>\n<p style=\"text-align: justify;\">Y\u00fcksek yarg\u0131yla ilgili Kanunu da Ba\u015fbakanl\u0131\u011fa sevk etti\u011fini ifade eden G\u00fcl, yasay\u0131 ve yasayla ilgili kendisine iletilen kayg\u0131lar\u0131, fikirleri, g\u00f6r\u00fc\u015fleri hukuk b\u00fcrosundaki dan\u0131\u015fmanlar\u0131na inceletti\u011fini ifade ederek, \u015funlar\u0131 kaydetti:<\/p>\n<p style=\"text-align: justify;\">&#8221;Neticede hukuk b\u00fcromdaki dan\u0131\u015fmanlar\u0131m\u0131n bana verdikleri bilgi ve \u00f6neri \u00e7er\u00e7evesinde yay\u0131nlanmas\u0131nda herhangi bir sak\u0131nca, problem olmad\u0131\u011f\u0131n\u0131 g\u00f6rd\u00fcm ama daha da \u00f6nemlisi \u015fu a\u00e7\u0131k\u00e7as\u0131 benim bu yasay\u0131 onaylamamda, biliyorsunuz ki y\u00fcksek yarg\u0131lar\u0131m\u0131z\u0131n \u00f6n\u00fcnde inan\u0131lmaz bir y\u00fck vard\u0131r. Hatta Avrupa y\u00fcksek mahkemelerinin b\u00fct\u00fcn dosyalar\u0131n\u0131 toplasan\u0131z, bizim y\u00fcksek yarg\u0131n\u0131n dosyalar\u0131n\u0131n yar\u0131s\u0131 bile etmiyor. B\u00f6yle b\u00fcy\u00fck bir y\u00fckle kar\u015f\u0131 kar\u015f\u0131yalar. Bundan sonra adaletin tecellisi \u00e7ok gecikmektedir.<\/p>\n<p style=\"text-align: justify;\">\u0130nan\u0131lmaz bir ger\u00e7ekle kar\u015f\u0131 kar\u015f\u0131yay\u0131z, o da zaman a\u015f\u0131m\u0131. Bu sene 20-25 bin dosya zaman a\u015f\u0131m\u0131na u\u011frayacakt\u0131r. E\u011fer bu \u015fekilde devam ederse bana verilen bilgilere g\u00f6re, 4-5 sene i\u00e7inde Yarg\u0131taydaki ceza dosyalar\u0131ndan 200 bini zaman a\u015f\u0131m\u0131na u\u011frayacakt\u0131r. Zaman a\u015f\u0131m\u0131 ne demektir, herkesin yapt\u0131\u011f\u0131n\u0131n yan\u0131na kar kalmas\u0131 demektir. B\u00f6yle deh\u015fet bir durumla kar\u015f\u0131 kar\u015f\u0131ya oldu\u011fumuz bilgileri \u00f6n\u00fcme kondu. Buna ilave olarak bir de tahliyeleri d\u00fc\u015f\u00fcn\u00fcn, tahliye edilenleri. \u0130\u015fte ge\u00e7enlerde g\u00f6rd\u00fck, yer yerinden oynad\u0131. En son yaz\u0131k, \u0130zmir&#8217;de bir k\u0131zca\u011f\u0131z\u0131n ba\u015f\u0131 testereyle kesildi\u011fi i\u00e7in ceza alm\u0131\u015f ama yarg\u0131lama bitmedi\u011fi i\u00e7in 6 sene sonra tahliye edilmek zorunda kal\u0131nd\u0131.<\/p>\n<p style=\"text-align: justify;\">B\u00fct\u00fcn bunlardan dolay\u0131 y\u00fcksek mahkemeleri de su\u00e7lamamak gerekiyor \u00e7\u00fcnk\u00fc \u00f6nlerinde b\u00fcy\u00fck bir dosya say\u0131s\u0131 var. Bu durum kar\u015f\u0131s\u0131nda do\u011frusu adaletin h\u0131zlanmas\u0131na daha \u00e7ok \u00f6nem verdim. Muhakkak ki, bana iletilenlerden makul kar\u015f\u0131lanabilecek serzeni\u015fler de s\u00f6z konusudur. Ama \u015fu s\u00f6yledi\u011fim manzara, T\u00fcrkiye i\u00e7in inan\u0131lmaz bir manzarad\u0131r. O bak\u0131mdan bu yasan\u0131n yay\u0131nlanmas\u0131 i\u00e7in onay verdim. Ayr\u0131ca bu da yetmez; istinaf mahkemelerinin de s\u00fcratli bir \u015fekilde \u00e7\u0131kart\u0131lmas\u0131 laz\u0131m. Bunu da yak\u0131ndan takip edece\u011fim. Ancak bu \u015fekilde T\u00fcrkiye, bug\u00fcnk\u00fc yaralay\u0131c\u0131 durumdan kurtulabilir.&#8221;<\/p>\n<p style=\"text-align: justify;\"><strong>&#8221;T\u00dcRK\u0130YE FEDAKARLIKLARDA BULUNMAYA DEVAM EDECEKT\u0130R&#8221;<\/strong><\/p>\n<p style=\"text-align: justify;\">Bir gazetecinin KKTC&#8217;de ya\u015fanan geli\u015fmeleri hat\u0131rlat\u0131larak, &#8221;\u0130ki \u00fclke aras\u0131ndaki ili\u015fkilerin gerildi\u011fi yorumlar\u0131 yap\u0131l\u0131yor. Buna siz kat\u0131l\u0131yor musunuz? B\u00fcy\u00fckel\u00e7i de\u011fi\u015fikli\u011fine nas\u0131l bak\u0131yorsunuz?&#8221; sorusu \u00fczerine G\u00fcl, \u015funlar\u0131 s\u00f6yledi:<\/p>\n<p style=\"text-align: justify;\">&#8221;Bunlarda bir anormallik g\u00f6rm\u00fcyorum. \u00c7\u00fcnk\u00fc T\u00fcrkiye, yavru vatan KKTC&#8217;nin sa\u011flamla\u015fmas\u0131, k\u00f6kle\u015fmesi, demokrasisinin k\u00f6kle\u015fmesi, ekonomisinin kendi kendine yeterli hale gelmesi ve kendisini ispatlamas\u0131 i\u00e7in bir tak\u0131m fedakarl\u0131klarda bulunmaya devam edecektir. Her bak\u0131mdan siyasi, ekonomik bak\u0131mdan da KKTC&#8217;nin yan\u0131ndad\u0131r. KKTC&#8217;yi kimlerin y\u00f6netece\u011fini K\u0131br\u0131s halk\u0131 karar verecektir. Bu ili\u015fkilerin en sa\u011fl\u0131kl\u0131 bir \u015fekilde g\u00f6t\u00fcr\u00fclmesi ve KKTC&#8217;nin gelece\u011finin \u00e7ok g\u00fc\u00e7l\u00fc olmas\u0131 i\u00e7in T\u00fcrkiye&#8217;de elinden gelen gayretleri g\u00f6stermektedir. Bunlar\u0131 bunun bir par\u00e7as\u0131 olarak g\u00f6rmekte yarar vard\u0131r.&#8221;<\/p>\n<p style=\"text-align: justify;\">Twitter&#8217;da izledi\u011fi bir filme y\u00f6nelik yazd\u0131klar\u0131na ili\u015fkin &#8221;filmin korsan oldu\u011funa&#8221; y\u00f6nelik baz\u0131 tart\u0131\u015fmalar\u0131n ya\u015fand\u0131\u011f\u0131 an\u0131msat\u0131l\u0131p de\u011ferlendirmesinin sorulmas\u0131 \u00fczerine G\u00fcl, kendisine bazen se\u00e7me film ve kitaplar\u0131n geldi\u011fini, bunlar\u0131n hepsinin dan\u0131\u015fmanlar\u0131nca kendisine verildi\u011fini belirtti.<\/p>\n<p style=\"text-align: justify;\">&#8221;Herhangi bir \u015fekilde yasal olmayan bir film zaten bana verilmez&#8221; diyen G\u00fcl, filmin kendilerine geli\u015fi konusunda a\u00e7\u0131klama yap\u0131ld\u0131\u011f\u0131n\u0131 da an\u0131msatt\u0131. Cumhurba\u015fkan\u0131 G\u00fcl, &#8221;Bu konuda kamuoyunun hassasiyetini takdirle kar\u015f\u0131lad\u0131m. K\u00fclt\u00fcr ve sanat faaliyetlerinin k\u00f6k bulmas\u0131 i\u00e7in bu kurallar\u0131n tabi ki yerle\u015fmesi T\u00fcrkiye&#8217;de \u00e7ok do\u011frudur ve ben de zaman zaman konu\u015fmalar\u0131mda s\u00f6ylerim&#8221; diye konu\u015ftu.<\/p>\n<p style=\"text-align: justify;\">Bir gazetecinin \u0130ran ve T\u00fcrkiye aras\u0131ndaki ili\u015fkilerin geli\u015fmesine ra\u011fmen kurumsalla\u015ft\u0131\u011f\u0131n\u0131 s\u00f6ylemenin m\u00fcmk\u00fcn olup olmayaca\u011f\u0131n\u0131 sormas\u0131 \u00fczerine G\u00fcl, iki \u00fclke aras\u0131ndaki ticaretin geli\u015fmesi i\u00e7in b\u00fcy\u00fck bir potansiyelin oldu\u011funu belirtti. \u0130ran ile en \u00e7ok ticaret yapan \u00fclkeler aras\u0131nda T\u00fcrkiye&#8217;nin a\u015fa\u011f\u0131 s\u0131ralarda yer ald\u0131\u011f\u0131n\u0131 anlatan G\u00fcl, ancak iki \u00fclke aras\u0131ndaki ticaret potansiyelinin fazla oldu\u011funu s\u00f6yledi.<\/p>\n<p style=\"text-align: justify;\">Ticaretin serbestle\u015fmesiyle ilgili bir\u00e7ok tedbirin al\u0131nd\u0131\u011f\u0131n\u0131 da kaydeden G\u00fcl, kararlar\u0131n uygulamaya ge\u00e7mesine \u00f6nem verdiklerini bu y\u00f6ndeki g\u00f6r\u00fc\u015fmelerinin s\u00fcrece\u011fini s\u00f6yledi.<\/p>\n<p style=\"text-align: justify;\"><a href=\"http:\/\/www.gazeteport.com.tr\/SIYASET\/NEWS\/GP_852674\" target=\"_blank\"><span style=\"color: #888888;\">Kaynak : GAZETEPORT<\/span><\/a><\/p>\n","protected":false},"excerpt":{"rendered":"<\/p>\n<p style=\"text-align: justify;\">Cumhurba\u015fkan\u0131 Abdullah G\u00fcl, Yarg\u0131tay ve Dan\u0131\u015ftay kanununun onaylamas\u0131yla ilgili &#8221;Neticede hukuk b\u00fcromdaki dan\u0131\u015fmanlar\u0131m\u0131n bana verdikleri bilgi ve \u00f6neri \u00e7er\u00e7evesinde yay\u0131nlanmas\u0131nda herhangi bir sak\u0131nca, problem olmad\u0131\u011f\u0131n\u0131 g\u00f6rd\u00fcm&#8221; dedi.<\/p>\n","protected":false},"author":1,"featured_media":0,"comment_status":"open","ping_status":"closed","sticky":false,"template":"","format":"standard","meta":{"footnotes":""},"categories":[105],"tags":[],"class_list":["post-28290","post","type-post","status-publish","format-standard","hentry","category-gundem","odd"],"_links":{"self":[{"href":"http:\/\/www.korhanyilmaz.com\/index.php?rest_route=\/wp\/v2\/posts\/28290","targetHints":{"allow":["GET"]}}],"collection":[{"href":"http:\/\/www.korhanyilmaz.com\/index.php?rest_route=\/wp\/v2\/posts"}],"about":[{"href":"http:\/\/www.korhanyilmaz.com\/index.php?rest_route=\/wp\/v2\/types\/post"}],"author":[{"embeddable":true,"href":"http:\/\/www.korhanyilmaz.com\/index.php?rest_route=\/wp\/v2\/users\/1"}],"replies":[{"embeddable":true,"href":"http:\/\/www.korhanyilmaz.com\/index.php?rest_route=%2Fwp%2Fv2%2Fcomments&post=28290"}],"version-history":[{"count":0,"href":"http:\/\/www.korhanyilmaz.com\/index.php?rest_route=\/wp\/v2\/posts\/28290\/revisions"}],"wp:attachment":[{"href":"http:\/\/www.korhanyilmaz.com\/index.php?rest_route=%2Fwp%2Fv2%2Fmedia&parent=28290"}],"wp:term":[{"taxonomy":"category","embeddable":true,"href":"http:\/\/www.korhanyilmaz.com\/index.php?rest_route=%2Fwp%2Fv2%2Fcategories&post=28290"},{"taxonomy":"post_tag","embeddable":true,"href":"http:\/\/www.korhanyilmaz.com\/index.php?rest_route=%2Fwp%2Fv2%2Ftags&post=28290"}],"curies":[{"name":"wp","href":"https:\/\/api.w.org\/{rel}","templated":true}]}}