{"id":28287,"date":"2011-02-12T15:07:45","date_gmt":"2011-02-12T13:07:45","guid":{"rendered":"http:\/\/www.korhanyilmaz.com\/?p=28287"},"modified":"2011-02-12T15:07:45","modified_gmt":"2011-02-12T13:07:45","slug":"kilicdaroglu-vali-o-tesislerin-listesini-vermiyor","status":"publish","type":"post","link":"http:\/\/www.korhanyilmaz.com\/?p=28287","title":{"rendered":"K\u0131l\u0131\u00e7daro\u011flu: Vali o tesislerin listesini vermiyor"},"content":{"rendered":"<p style=\"text-align: center;\"><a href=\"http:\/\/www.korhanyilmaz.com\/wp-content\/uploads\/2011\/02\/332.jpg\"  class=\"lightview\"><img loading=\"lazy\" decoding=\"async\" class=\"size-full wp-image-28288 aligncenter\" src=\"http:\/\/www.korhanyilmaz.com\/wp-content\/uploads\/2011\/02\/332.jpg\" alt=\"\" width=\"448\" height=\"231\" \/><\/a><\/p>\n<p style=\"text-align: justify;\">Ba\u015fbakan Erdo\u011fan&#8217;\u0131n yapt\u0131\u011f\u0131 a\u00e7\u0131l\u0131\u015flar\u0131 ele\u015ftiren CHP lideri K\u0131l\u0131\u00e7daro\u011flu, &#8220;Ardahan&#8217;da yapt\u0131\u011f\u0131 a\u00e7\u0131l\u0131\u015ftan sonra validen bu yerlerin bir listesini istedik. Vali listeyi vermiyor. \u00c7\u00fcnk\u00fc gidip duvar a\u00e7\u0131l\u0131\u015f\u0131 yap\u0131yorlar, sonra da a\u00e7\u0131l\u0131\u015f yapt\u0131k diyorlar&#8221; dedi.<!--more--><\/p>\n<p style=\"text-align: justify;\">CHP Genel Ba\u015fkan\u0131 Kemal K\u0131l\u0131\u00e7daro\u011flu Adana\u2019da halka seslendi. Meydana gelen vatanda\u015flardan birinin a\u00e7t\u0131\u011f\u0131 &#8220;Aks\u0131r\u0131ncaya, t\u0131ks\u0131r\u0131ncaya kadar i\u015fsizim&#8221; pankart\u0131n\u0131 okuyan K\u0131l\u0131\u00e7daro\u011flu, &#8220;\u0130\u015fte bu y\u00fczden Adana&#8217;y\u0131 se\u00e7tim&#8221; dedi. \u0130\u015fte K\u0131l\u0131\u00e7daro\u011flu\u2019nun konu\u015fmas\u0131ndan sat\u0131r ba\u015flar\u0131:<\/p>\n<p style=\"text-align: justify;\">&#8220;Sekiz y\u0131ld\u0131r iktidardalar. Siz Ba\u015fbakan\u2019dan, i\u015fsizlik sorununu \u015f\u00f6yle \u00e7\u00f6zece\u011fiz dedi\u011fini duydunuz mu? Duymad\u0131n\u0131z. Bunlar sizin dertleriniz i\u00e7in iktidar olmad\u0131lar. Bunlar ceplerini doldurmak i\u00e7in  iktidar oldular. \u0130\u015fsizli\u011fin bu kadar patlad\u0131\u011f\u0131 bir \u00fclkede ben sana nas\u0131l Ak Parti diyece\u011fim? R\u00fc\u015fvette bir numara yapt\u0131n bu memleketi, ben sana nas\u0131l Ak Parti diyece\u011fim?<\/p>\n<p style=\"text-align: justify;\">Daha bir ay i\u00e7inde 30\u2019u a\u015fk\u0131n i\u015f\u00e7imiz, emek\u00e7imiz, al\u0131n teri d\u00f6ken yurtta\u015f\u0131m\u0131z hayat\u0131n\u0131 kaybetti i\u015f kazas\u0131ndan. Sen Avrupa\u2019da \u00f6l\u00fcmlerde T\u00fcrkiye\u2019yi bir numara yapt\u0131n, ben sana nas\u0131l Ak Parti diyece\u011fim? Bizim g\u00fcndemimizde i\u015fsizlik var, halk var. \u0130\u015fsizlik kader de\u011fildir diyoruz. Biz yola \u00e7\u0131kt\u0131k. Bir m\u00fccadeleyi ba\u015flatt\u0131k. Temiz T\u00fcrkiye i\u00e7in, al\u0131n terine de\u011fer veren T\u00fcrkiye i\u00e7in ve sizden bir \u015fey bekliyoruz. M\u00fccadeleyi beraber yapaca\u011f\u0131z. Kavgam\u0131z\u0131 beraber verece\u011fiz. Niye Adana? Adana, Mersin demektir, Hakkari demektir, Siirt demektir. Adana T\u00fcrkiye demektir. Adana, i\u015fsizlikte kapanan fabrikalar\u0131yla ilk s\u0131rada. Onun i\u00e7in buraday\u0131m.<\/p>\n<p style=\"text-align: justify;\">Ba\u015fbakan\u2019a sesleniyorum. \u015eu kapanan fabrikalar\u0131 bir g\u00f6rs\u00fcn. Onun boyunu ge\u00e7sin. 40 fabrika ka\u00e7t\u0131lar, 39 bin i\u015f\u00e7i i\u015fsiz kald\u0131. Evine ekmek g\u00f6t\u00fcremeyen birisinin ya\u015fad\u0131\u011f\u0131n\u0131 Ba\u015fbakan bilir mi?<\/p>\n<p style=\"text-align: justify;\">\u0130\u015fsizli\u011fi \u00e7\u00f6zece\u011fiz. \u0130\u015fsizlik nas\u0131l \u00e7\u00f6z\u00fcl\u00fcr? Ekonomiyi s\u0131cak para spek\u00fclat\u00f6rlerine teslim etmeyeceksiniz. Bu \u00fclkenin insanlar\u0131 \u00e7al\u0131\u015facak. Bu \u00fclkede \u00e7ift\u00e7i \u00fcretecek. Al\u0131n terine de\u011fer verilecek. Adana\u2019n\u0131n bereketli ovalar\u0131. \u00c7ukurova pamuk \u00fcretiyor mu?<\/p>\n<p style=\"text-align: justify;\">Bu \u00fclke \u00fcreten \u00fclke olacak. T\u00fcketen de\u011fil. Fabrikalar\u0131n bacalar\u0131 t\u00fctecek. \u00dcretece\u011fiz ki ekonomileri g\u00fc\u00e7lendirelim. \u015eimdi bak\u0131n, \u00e7oluk \u00e7ocu\u011funuzu al\u0131yorsunuz, \u00fcniversite okumaya g\u00f6nderiyorsunuz. \u00dcniversiteyi bitiriyor. Bekliyor, ben i\u015f bulabilir miyim diye. E\u011fer bir evde, bir gen\u00e7 i\u015fsizse o evde huzur yoktur. \u00d6nce anne baba bekler, kom\u015fu bekler, amcas\u0131 bekler, \u00e7ocu\u011fum i\u015f bulacak m\u0131 diye? H\u00fck\u00fcmet bunu d\u00fc\u015f\u00fcn\u00fcyor mu? D\u00fc\u015f\u00fcnm\u00fcyorsa, bir g\u00f6rev d\u00fc\u015f\u00fcyor bize. Ne s\u00f6yledim? Beraber yola \u00e7\u0131kt\u0131m dedim. M\u00fccadeleyi beraber yapaca\u011f\u0131z dedim. Bacalar\u0131 t\u00fcten bir T\u00fcrkiye yarataca\u011f\u0131m dedim.<\/p>\n<p style=\"text-align: justify;\">Ba\u015fbakan sormad\u0131 m\u0131 acaba. Sen 100\u2019den fazla gazetecinin i\u015fine son verdin orada. Sormad\u0131n m\u0131 ona? Ta\u015ferona ba\u015f kald\u0131r\u0131yoruz diyor bir afi\u015fimiz. S\u00f6yledim, yine s\u00f6yl\u00fcyorum. CHP iktidar\u0131nda g\u00f6receksiniz, hi\u00e7bir kamu kurulu\u015funda ta\u015feron i\u015f\u00e7i olmayacak. Herkes sendikal\u0131 kadrolu i\u015f\u00e7i olacak.<\/p>\n<p style=\"text-align: justify;\">8 y\u0131l\u0131 bitirdiler 9 oldu. Yoksulluk art\u0131yor. Emeklilerin durumu iyi mi. Umar\u0131m Ba\u015fbakan duymu\u015ftur. Telefonla s\u00f6ylerseniz duyar. \u00c7\u00fcnk\u00fc bunlarda bir telefon dinleme hastal\u0131\u011f\u0131 var. Telefonda s\u00f6ylerseniz duyarlar.<\/p>\n<p style=\"text-align: justify;\">Bu \u00fclkede AKP ile CHP aras\u0131nda fark var. biz her vatanda\u015f\u0131m\u0131z ister emekli olsun ister \u00e7ift\u00e7i olsun ister i\u015fsiz olsun ister sanayici olsun her vatanda\u015f\u0131m\u0131z\u0131n sorununu talibiz. AKP neye talip, AKP de bu \u00fclkenin sorunlar\u0131na de\u011fil rant\u0131na talip. Aram\u0131zdaki fark bu.<\/p>\n<p style=\"text-align: justify;\">Tekel i\u015f\u00e7ilerini biliyorsunuz de\u011fil mi. Buna izin vereceksiniz de\u011fil mi. 4C\u2019yi, halk\u0131n iktidar\u0131nda tarihe g\u00f6mece\u011fiz. Bunu yaparken beraber olmay\u0131 unutmayaca\u011f\u0131z. Beraber olmak haramilerin saltanat\u0131n\u0131 devirmek demektir. Aram\u0131zda \u00e7ok say\u0131da gen\u00e7 var. i\u015fsiz gen\u00e7 var. o gen\u00e7lere enerjinizi kullan\u0131n halk\u0131n iktidar\u0131m i\u00e7in \u00e7al\u0131\u015f\u0131n diyorum. G\u00fczel gelece\u011fimizi beraber var edelim. Tek bir umudum var o da sizlersiniz. Umut verin g\u00fc\u00e7 verin halk\u0131n iktidar\u0131n\u0131 kural\u0131m.<\/p>\n<p style=\"text-align: justify;\"><strong>\u0130KT\u0130DAR S\u0130Z\u0130N M\u00dcBAREK ELLER\u0130N\u0130ZDE<\/strong><\/p>\n<p style=\"text-align: justify;\">Ben bunlara bereketsiz iktidar diyorum. Bunlar\u0131n bereket,i yok olsa i\u015fsizli,k yoksulluk olmazd\u0131. Esnaf\u0131n y\u00fcz\u00fc g\u00fclerdi. \u00c7ift\u00e7i hayat\u0131ndan memnun olurdu. Bereketli halk i\u00e7in \u00e7al\u0131\u015fan bir iktidar\u0131 kurmak sizin m\u00fcbarek ellerinizde.<\/p>\n<p style=\"text-align: justify;\">Ba\u015fbakan \u201cher \u00fcniversiteyi bitiren i\u015f bulacak diye bir \u015fey yoktur\u201d dedi. Say\u0131n Ba\u015fbakan bunu s\u00f6yl\u00fcyorsun, senin \u00e7ocuklar\u0131n i\u00e7in dert de\u011fil peki Adanal\u0131 gariban\u0131n \u00e7ocu\u011fu i\u015f bulamazsa ne olacak bu adam.<\/p>\n<p style=\"text-align: justify;\">U\u011fur Mumcu meydan\u0131nda sana sesleniyorum madem okul bitirene i\u015f bulam\u0131yorsun senin ba\u015fbakanl\u0131k koltu\u011funda ne i\u015fin var.<\/p>\n<p style=\"text-align: justify;\"><strong>\u201cBOYASI YEN\u0130LENEN OKUL A\u00c7TILAR\u201d<\/strong><\/p>\n<p style=\"text-align: justify;\">Say\u0131n Ba\u015fbakan \u201cMardin\u2019de 178 tesisi a\u00e7t\u0131k\u201d diyor. O zaman buralarda binlerce adam \u00e7al\u0131\u015facak i\u015fsizlik biter dedim. Tesislerin listesini istedim. Bakt\u0131k, boyas\u0131 yenilenen okul, dam\u0131 aktar\u0131lan binan\u0131n ad\u0131 var listede. \u015eimdi art\u0131k tesislerin listesini vermiyor. Korkuyor ortaya \u00e7\u0131kar diye.<\/p>\n<p style=\"text-align: justify;\">Bunlar\u0131 iyi tan\u0131y\u0131n. Ahmed Arif\u2019in dedi\u011fi gibi bunlar a\u015f\u0131m\u0131za ekme\u011fimize g\u00f6z koyand\u0131r.<\/p>\n<p style=\"text-align: justify;\"><strong>ATANAMAYAN \u00d6\u011eRETMENLER<\/strong><\/p>\n<p style=\"text-align: justify;\">Ba\u015fbakan 2002\u2019den \u00f6nce \u201cbize oy verin atanamayan \u00f6\u011fretmenlerin sorunlar\u0131n\u0131 \u00e7\u00f6zece\u011fiz\u201d demi\u015fti. S\u00f6z\u00fcn\u00fc tutmad\u0131. Buradan t\u00fcm atanamayan \u00f6\u011fretmenlere ve ailelerine sesleniyorum. halk\u0131n iktidar\u0131 i\u015f ba\u015f\u0131na geldi\u011fi zaman bak\u0131n bakal\u0131m atanamayan \u00f6\u011fretmenlerin sorunu \u00e7\u00f6z\u00fclecek mi \u00e7\u00f6z\u00fclmeyecek mi.<\/p>\n<p style=\"text-align: justify;\">Bunlar milleti kand\u0131r\u0131yor. Art\u0131k yemeyece\u011fiz. Ne demi\u015f Mahsuni, \u201cYoksulun s\u0131rt\u0131ndan doyan doyana. Bunu g\u00f6ren y\u00fcrek nas\u0131l dayana. Yi\u011fit muhta\u00e7 olmu\u015f kuru so\u011fana. Bilsem s\u00f6ylesem mi s\u00f6ylemesem mi\u201d<\/p>\n<p style=\"text-align: justify;\"><strong>\u201cAK PART\u0130 DE\u011e\u0130L, ADALETTEN KA\u00c7ANLAR PART\u0130S\u0130&#8221;<\/strong><\/p>\n<p style=\"text-align: justify;\">Bir de \u00e7\u0131km\u0131\u015f \u201cBiz Ak Partiyiz\u201d diyorlar. Sen Ak de\u011fil kara partisin.<\/p>\n<p style=\"text-align: justify;\"><strong>BUNLAR A\u015eIMIZA G\u00d6Z KOYANLARDIR <\/strong><\/p>\n<p style=\"text-align: justify;\">K\u0131l\u0131\u00e7daro\u011flu, tek y\u00fcrek ve g\u00fc\u00e7l\u00fc olacaklar\u0131n\u0131 s\u00f6yledi.<\/p>\n<p style=\"text-align: justify;\">Bunu yaparken halk ile beraber olmay\u0131 unutmayacaklar\u0131n\u0131 belirten K\u0131l\u0131\u00e7daro\u011flu, &#8221;Beraber olmak, zam zulm\u00fcn hesab\u0131n\u0131 sormak, i\u015f-a\u015f i\u00e7in \u00e7al\u0131\u015fmak demektir. Beraber olmak haramilelerin iktidar\u0131n\u0131, haramilerin saltanat\u0131n\u0131 devirmek demektir&#8221; \u015feklinde konu\u015ftu.<\/p>\n<p style=\"text-align: justify;\">Gen\u00e7lerin i\u015fsiz oldu\u011funu ifade eden K\u0131l\u0131\u00e7daro\u011flu, &#8221;Enerjinizi kullan\u0131n. Beraber \u00e7al\u0131\u015fal\u0131m, g\u00fczel gelece\u011fimizi beraber kural\u0131m. Umut verin, g\u00fc\u00e7 verin, halk\u0131n iktidar\u0131n\u0131 kural\u0131m&#8221; dedi.<\/p>\n<p style=\"text-align: justify;\">Konu\u015fmas\u0131 s\u0131ras\u0131nda alandaki &#8221;aks\u0131rana t\u0131ks\u0131rana kadar i\u015fsizim&#8221; yaz\u0131l\u0131 pankart\u0131 okuyan K\u0131l\u0131\u00e7daro\u011flu, \u015f\u00f6yle devam etti:<\/p>\n<p style=\"text-align: justify;\">&#8221;Bunun i\u00e7in Adana&#8217;y\u0131 se\u00e7tik. Bunlar bereketsiz iktidar. Bunlar\u0131n bereketi yok, bunlar\u0131n bereketi olsayd\u0131, i\u015fsizlik olmazd\u0131. Bunlar bereketsiz. Bereketli halk iktidar\u0131n\u0131 kurmak sizlerin elinde. G\u00fcc\u00fcn\u00fcz\u00fc birle\u015ftirin, halk\u0131n iktidar\u0131n\u0131 beraber kural\u0131m.&#8221;<\/p>\n<p style=\"text-align: justify;\">K\u0131l\u0131\u00e7daro\u011flu, Ba\u015fbakan&#8217;\u0131n i\u015fsizlik sorununun \u00e7\u00f6z\u00fcm\u00fc i\u00e7in TOBB \u00fcyesi her i\u015f adam\u0131n\u0131n bir ki\u015fiyi i\u015fe almas\u0131 y\u00f6n\u00fcndeki iste\u011fini de ele\u015ftirerek,  &#8221;Bu ba\u015fbakan ekonomi bilmiyor, ekonomi politikas\u0131 yok. Ekonominin ve hayat\u0131n ger\u00e7ekleri var. Hayat\u0131n ger\u00e7eklerinden bunlar\u0131n haberi yok&#8221; \u015feklinde konu\u015ftu.<\/p>\n<p style=\"text-align: justify;\">Ba\u015fbakan&#8217;\u0131n, &#8221;her \u00fcniversiteyi bitiren i\u015f bulacak diye bir \u015fey yoktur&#8221; \u015feklinde s\u00f6zler s\u00f6yledi\u011fini de ifade eden K\u0131l\u0131\u00e7daro\u011flu, &#8221;Senin ba\u015fbakanl\u0131k koltu\u011funda ne i\u015fin var. Ba\u015fbakan\u0131n g\u00f6revi nedir, i\u015fsizli\u011fi \u00e7\u00f6zmek, fabrikalar\u0131n a\u00e7\u0131lmas\u0131n\u0131 sa\u011flamak, sanayinin \u00f6n\u00fcn\u00fc a\u00e7makt\u0131r&#8221; dedi.<\/p>\n<p style=\"text-align: justify;\">K\u0131l\u0131\u00e7daro\u011flu, Ba\u015fbakan&#8217;\u0131n Mardin ve Ardahan&#8217;daki toplu a\u00e7\u0131l\u0131\u015f t\u00f6renlerinin ard\u0131ndan tesis olarak bildirilen yerlerle ilgili listeleri inceletti\u011fini ve bunlar aras\u0131nda okul binas\u0131n\u0131n badanas\u0131n\u0131n yap\u0131lmas\u0131ndan, lojman \u00e7at\u0131s\u0131n\u0131n yenilenmesine kadar \u00e7e\u015fitli i\u015fler oldu\u011funu tespit ettirdi\u011fini vurgulayarak, &#8221;Milletle dalga ge\u00e7en bir ba\u015fbakan olur mu?&#8221; dedi.<\/p>\n<p style=\"text-align: justify;\"><strong>&#8221;Y\u0130\u011e\u0130D\u0130 KURU SO\u011eANA MUHTA\u00c7 ETT\u0130LER&#8221; <\/strong><\/p>\n<p style=\"text-align: justify;\">K\u0131l\u0131\u00e7daro\u011flu, Ahmet Arif&#8217;in bir \u015fiirinden &#8221;bunlar a\u015f\u0131m\u0131za, ekme\u011fimize g\u00f6z koyanlard\u0131r&#8221; dizelerini de okuyarak, konu\u015fmas\u0131na \u015f\u00f6yle devam etti:<\/p>\n<p style=\"text-align: justify;\">&#8221;Bunlar\u0131 bilece\u011fiz, bunlar\u0131 tan\u0131yaca\u011f\u0131z. Ba\u015fbakan 2002&#8217;den \u00f6nce atanamayan \u00f6\u011fretmenlere diyordu ki, &#8216;bize oy verin b\u00fct\u00fcn \u00f6\u011fretmenleri atayaca\u011f\u0131z&#8217;. S\u00f6z\u00fcn\u00fc tuttu mu? Tutmad\u0131. B\u00fct\u00fcn atanamayan \u00f6\u011fretmenlere sesleniyorum. Haziranda sand\u0131\u011fa gideceksiniz. Halk\u0131n iktidar\u0131na destek verin. CHP iktidar\u0131nda bir bak\u0131n bakal\u0131m atanamayan \u00f6\u011fretmen var m\u0131?<\/p>\n<p style=\"text-align: justify;\">\u0130\u015fsizler hak ar\u0131yor. Torba Yasaya h\u00fck\u00fcmler konuyor. \u0130\u015f\u00e7i eylem yap\u0131yor, meydanda derdini anlatacak. \u0130\u015f\u00e7ileri, \u00fcniversite \u00f6\u011frencilerini d\u00f6v\u00fcyorlar. Ba\u015fbakan utanmadan &#8216;onlar\u0131n elinde molotofkokteyli var&#8217; diyor. Hi\u00e7birisinin elinde bir \u015fey yok. Onlar\u0131n elinde kitap, defter var. Bunlar milleti kand\u0131rmada bir numara art\u0131k, kanmayaca\u011f\u0131z.<\/p>\n<p style=\"text-align: justify;\">Mahsuni ne demi\u015fti, &#8216;yoksulun s\u0131rt\u0131ndan doyan doyana, bunu g\u00f6ren y\u00fcrek nas\u0131l dayana, yi\u011fit muhta\u00e7 olmu\u015f kuru so\u011fana, bilmem s\u00f6ylesem mi s\u00f6ylemesem mi&#8217; diyor. Bunlar, yi\u011fidi kuru so\u011fana muhta\u00e7 ettiler. Bir de AK Partiyiz diyorlar. Ak de\u011fil kara partisin sen. Benim ad\u0131m ak demek i\u00e7in emeklinin, yoksulun, i\u015fsizin derdini, esnaf\u0131n derdini \u00e7\u00f6zmesi laz\u0131m ki ben ona ak diyeyim. Milleti dert yuma\u011f\u0131 yapt\u0131n, millet dert orta\u011f\u0131 oldu. Bir de s\u0131k\u0131lmadan kalk\u0131p bize ak deyin diyorsun. Sen ak de\u011fil AKP&#8217;sin, sen adaleti kand\u0131r\u0131yorsun, adaletten ka\u00e7anlar partisi diyoruz biz onlara.&#8221;<\/p>\n<p style=\"text-align: justify;\">Halk\u0131n en b\u00fcy\u00fck g\u00fc\u00e7 oldu\u011funu anlatan K\u0131l\u0131\u00e7daro\u011flu, s\u00f6zlerine \u015f\u00f6yle devam etti:<\/p>\n<p style=\"text-align: justify;\">&#8221;Onun i\u00e7in umudumuz sizsiniz. Sizden bir iste\u011fim dile\u011fim var. B\u00f6l\u00fcnmeyin. G\u00fczel halk\u0131m, sevgili halk\u0131m, i\u015fsizli\u011fi, haks\u0131zl\u0131\u011f\u0131 yenelim. Size inanarak, g\u00fcvenerek s\u00f6yl\u00fcyorum. Gelin bu g\u00fczel \u00fclkeyi, bu T\u00fcrkiye&#8217;yi beraber kural\u0131m. E\u011fer b\u00f6l\u00fcnmezsek, ayr\u0131\u015fmazsak, tuza\u011fa d\u00fc\u015fmezsek her \u015feyi yapar\u0131z. Gelin beraber yola \u00e7\u0131kal\u0131m, m\u00fccadelemizi yapal\u0131m.<\/p>\n<p style=\"text-align: justify;\">Yeniden bir ulusal kurtulu\u015f hareketini ba\u015flatal\u0131m. Babalar\u0131m\u0131z, dedelerimiz sava\u015f meydan\u0131nda verdiler sava\u015f\u0131, zaferi kazand\u0131lar. Ve \u015funu s\u00f6ylediler; &#8216;sava\u015f meydanlar\u0131nda kazan\u0131lan zafer, ekonomik zaferle ta\u00e7land\u0131r\u0131lmazsa bizim sorunumuz \u00e7\u00f6z\u00fclmez&#8217; dediler. Gelin beraber m\u00fccadeleyi yapal\u0131m, demokrasiyi yeniden in\u015fa edelim. \u00d6zg\u00fcrl\u00fckleri yeniden in\u015fa edelim. Karde\u015f\u00e7e, bar\u0131\u015f i\u00e7inde, herkesin karn\u0131n\u0131n doydu\u011fu g\u00fczel T\u00fcrkiye&#8217;yi beraber kural\u0131m. Umudum bu, beklentim bu.&#8221;<\/p>\n<p style=\"text-align: justify;\">K\u0131l\u0131\u00e7daro\u011flu, herkesin bar\u0131\u015f i\u00e7inde ya\u015fad\u0131\u011f\u0131 bir T\u00fcrkiye&#8217;yi beraber kurmak istediklerini belirterek, mitinge kat\u0131lanlarla birlikte &#8221;Adana&#8217;dan Bursa&#8217;ya, Adana&#8217;dan Hakkari&#8217;ye Kars&#8217;a Ardahan&#8217;a Sivas&#8217;a Hatay, Yozgat&#8217;a, \u00c7orum&#8217;a Edirne&#8217;ye selam olsun. Sizlere selam olsun. Halk\u0131n iktidar\u0131 geliyor. Haramilerin iktidar\u0131n\u0131 y\u0131k\u0131p halk\u0131n iktidar\u0131n\u0131 kuraca\u011f\u0131z. B\u00fct\u00fcn T\u00fcrkiye&#8217;ye selam olsun&#8221; diyerek s\u00f6zlerini tamamlad\u0131.<\/p>\n<p style=\"text-align: justify;\">Miting sonras\u0131, K\u0131l\u0131\u00e7daro\u011flu, g\u00f6ky\u00fcz\u00fcne &#8221;bar\u0131\u015f g\u00fcvercinleri&#8221; b\u0131rakt\u0131.<\/p>\n<p style=\"text-align: justify;\"><strong>M\u0130T\u0130NGTEN NOTLAR<\/strong><\/p>\n<p style=\"text-align: justify;\">K\u0131l\u0131\u00e7daro\u011flu, miting alan\u0131na gelmeden \u00f6nce kent merkezine tur atarak esnaf\u0131 ziyaret etti. K\u0131l\u0131\u00e7daro\u011flu gezisi s\u0131ras\u0131nda, &#8221;Kemal Oto Galeri&#8221;ye girerek i\u015fyeri sahipleriyle bir s\u00fcre sohbet etti.<\/p>\n<p style=\"text-align: justify;\">Daha sonra parti otob\u00fcs\u00fcne binen K\u0131l\u0131\u00e7daro\u011flu, kendisine uzat\u0131lan g\u00fcvercinleri g\u00f6ky\u00fcz\u00fcne b\u0131rakt\u0131. Ard\u0131ndan \u00e7ay evine giderek, \u00e7ay i\u00e7ip esnafla g\u00f6r\u00fc\u015ft\u00fc. K\u0131l\u0131\u00e7daro\u011flu, burada kendisine &#8221;yeter art\u0131k ba\u015fkan\u0131m. S\u0131ra sizde&#8221; diyen vatanda\u015fa, &#8221;Bize g\u00f6re de yeter art\u0131k&#8221; yan\u0131t\u0131n\u0131 verdi.<\/p>\n<p style=\"text-align: justify;\">K\u0131l\u0131\u00e7daro\u011flu, daha sonra halk\u0131 selamlayarak U\u011fur Mumcu Meydan\u0131&#8217;ndaki miting alan\u0131na geldi. K\u0131l\u0131\u00e7daro\u011flu&#8217;na konu\u015fmas\u0131 \u00f6ncesinde Adanaspor ve Adana Demirspor&#8217;un ka\u015fkollar\u0131 tak\u0131ld\u0131.<\/p>\n<p style=\"text-align: justify;\">K\u0131l\u0131\u00e7daro\u011flu, miting s\u0131ras\u0131nda ezan okunmas\u0131 nedeniyle konu\u015fmas\u0131na bir s\u00fcre ara verdi.<\/p>\n<p style=\"text-align: justify;\">Bu arada, s\u00f6zleri A\u015f\u0131k \u0130hsani&#8217;nin olan, d\u00fczenlemesi ve seslendirilmesi Onur Ak\u0131n taraf\u0131ndan yap\u0131lan &#8221;Bir \u0131sl\u0131k da sen \u00e7al&#8221;  ile s\u00f6zleri Ali Dilki&#8217;ye, m\u00fczi\u011fi Onur Ak\u0131n&#8217;a ait &#8221;Ak dediler kara \u00e7\u0131kt\u0131&#8221; se\u00e7im \u015fark\u0131lar\u0131 da miting s\u0131ras\u0131nda \u00e7al\u0131narak kalabal\u0131\u011f\u0131 co\u015fturdu.<\/p>\n<p style=\"text-align: justify;\">K\u0131l\u0131\u00e7daro\u011flu, miting sonras\u0131 ise ge\u00e7ti\u011fimiz ay u\u011frad\u0131\u011f\u0131 silahl\u0131 sald\u0131r\u0131da hayat\u0131n\u0131 kaybeden CHP&#8217;li Adana B\u00fcy\u00fck\u015fehir Belediye Meclisi \u00fcyesi Ahmet Cevdet Ya\u011f&#8217;\u0131n ailesini evinde ziyaret ederek ba\u015f sa\u011fl\u0131\u011f\u0131 diledi.<\/p>\n<p style=\"text-align: justify;\"><a href=\"http:\/\/www.gazeteport.com.tr\/SIYASET\/NEWS\/GP_852268\" target=\"_blank\"><span style=\"color: #888888;\">Kaynak : GAZETEPORT<\/span><\/a><\/p>\n","protected":false},"excerpt":{"rendered":"<p style=\"text-align: center;\">\n<p style=\"text-align: justify;\">Ba\u015fbakan Erdo\u011fan&#8217;\u0131n yapt\u0131\u011f\u0131 a\u00e7\u0131l\u0131\u015flar\u0131 ele\u015ftiren CHP lideri K\u0131l\u0131\u00e7daro\u011flu, &#8220;Ardahan&#8217;da yapt\u0131\u011f\u0131 a\u00e7\u0131l\u0131\u015ftan sonra validen bu yerlerin bir listesini istedik. Vali listeyi vermiyor. \u00c7\u00fcnk\u00fc gidip duvar a\u00e7\u0131l\u0131\u015f\u0131 yap\u0131yorlar, sonra da a\u00e7\u0131l\u0131\u015f yapt\u0131k diyorlar&#8221; dedi.<\/p>\n","protected":false},"author":1,"featured_media":0,"comment_status":"open","ping_status":"closed","sticky":false,"template":"","format":"standard","meta":{"footnotes":""},"categories":[105],"tags":[],"class_list":["post-28287","post","type-post","status-publish","format-standard","hentry","category-gundem","odd"],"_links":{"self":[{"href":"http:\/\/www.korhanyilmaz.com\/index.php?rest_route=\/wp\/v2\/posts\/28287","targetHints":{"allow":["GET"]}}],"collection":[{"href":"http:\/\/www.korhanyilmaz.com\/index.php?rest_route=\/wp\/v2\/posts"}],"about":[{"href":"http:\/\/www.korhanyilmaz.com\/index.php?rest_route=\/wp\/v2\/types\/post"}],"author":[{"embeddable":true,"href":"http:\/\/www.korhanyilmaz.com\/index.php?rest_route=\/wp\/v2\/users\/1"}],"replies":[{"embeddable":true,"href":"http:\/\/www.korhanyilmaz.com\/index.php?rest_route=%2Fwp%2Fv2%2Fcomments&post=28287"}],"version-history":[{"count":0,"href":"http:\/\/www.korhanyilmaz.com\/index.php?rest_route=\/wp\/v2\/posts\/28287\/revisions"}],"wp:attachment":[{"href":"http:\/\/www.korhanyilmaz.com\/index.php?rest_route=%2Fwp%2Fv2%2Fmedia&parent=28287"}],"wp:term":[{"taxonomy":"category","embeddable":true,"href":"http:\/\/www.korhanyilmaz.com\/index.php?rest_route=%2Fwp%2Fv2%2Fcategories&post=28287"},{"taxonomy":"post_tag","embeddable":true,"href":"http:\/\/www.korhanyilmaz.com\/index.php?rest_route=%2Fwp%2Fv2%2Ftags&post=28287"}],"curies":[{"name":"wp","href":"https:\/\/api.w.org\/{rel}","templated":true}]}}