{"id":28283,"date":"2011-02-13T13:09:03","date_gmt":"2011-02-13T11:09:03","guid":{"rendered":"http:\/\/www.korhanyilmaz.com\/?p=28283"},"modified":"2011-02-13T13:09:03","modified_gmt":"2011-02-13T11:09:03","slug":"sendikalarin-3-itirazi-torbadan-cikarildi","status":"publish","type":"post","link":"http:\/\/www.korhanyilmaz.com\/?p=28283","title":{"rendered":"Sendikalar\u0131n 3 itiraz\u0131 &#8216;Torba&#8217;dan \u00e7\u0131kar\u0131ld\u0131"},"content":{"rendered":"<p style=\"text-align: justify;\"><a href=\"http:\/\/www.korhanyilmaz.com\/wp-content\/uploads\/2011\/02\/331.jpg\"  class=\"lightview\"><img loading=\"lazy\" decoding=\"async\" class=\"size-full wp-image-28284 aligncenter\" src=\"http:\/\/www.korhanyilmaz.com\/wp-content\/uploads\/2011\/02\/331.jpg\" alt=\"\" width=\"292\" height=\"193\" \/><\/a><\/p>\n<p style=\"text-align: justify;\">Torba Kanun&#8217;da son dakika de\u011fi\u015fikli\u011fi ile sendikalar k\u0131smen rahatlad\u0131. \u0130tiraz ettikleri \u00fc\u00e7 madde; ki aralar\u0131nda esnek \u00e7al\u0131\u015fma modeli de var. Geri \u00e7ekildi. Uzla\u015fma, \u00c7al\u0131\u015fma ve Sosyal G\u00fcvenlik Bakan\u0131 \u00d6mer \u00c7elik ile de\u011fil, Ba\u015fbakan Yard\u0131mc\u0131s\u0131 Cemil \u00c7i\u00e7ek ve Devlet Bakan\u0131 Faruk \u00c7elik ile yap\u0131lan g\u00f6r\u00fc\u015fmeler sonucunda sa\u011fland\u0131. T\u00fcrk-\u0130\u015f \u015fimdi itiraz etti\u011fi di\u011fer maddelerin de veto edilmesi i\u00e7in Cumhurba\u015fkan\u0131&#8217;na mektup yazacak. <!--more--><\/p>\n<p style=\"text-align: justify;\">\u00c7al\u0131\u015fma Bakan\u0131 Din\u00e7er, sendikalar\u0131n Torba Tasar\u0131&#8217;da yer alan \u00e7al\u0131\u015fma hayat\u0131na ili\u015fkin d\u00fczenlemelere itiraz\u0131na, protestolar\u0131na tepki g\u00f6stermi\u015fti. Ama son dakika de\u011fi\u015fikli\u011fiyle onun de\u011fil sendikalar\u0131n dedi\u011fi oldu.<\/p>\n<p style=\"text-align: justify;\">\u00dcstelik o de\u011fi\u015fiklik i\u00e7in \u00c7al\u0131\u015fma Bakan\u0131 de\u011fil, Ba\u015fbakan Yard\u0131mc\u0131s\u0131 \u00c7i\u00e7ek ve Devlet Bakan\u0131 Faruk \u00c7elik devreye sokuldu.<\/p>\n<p style=\"text-align: justify;\">Konuyla ilgili yaz\u0131l\u0131 a\u00e7\u0131klama yapan T\u00fcrk-\u0130\u015f, &#8220;K\u0131smen de olsa giri\u015fimlerimiz sonu\u00e7 verdi&#8221; dedi, ve itiraz ettikleri \u00fc\u00e7 d\u00fczenlemenin tasar\u0131 Genel Kurul&#8217;dan ge\u00e7meden hemen \u00f6nce geri \u00e7ekildi\u011fini a\u00e7\u0131klad\u0131.<\/p>\n<p style=\"text-align: justify;\">En \u00f6nemlisi evden, uzaktan \u00e7al\u0131\u015fma. Yani esnek \u00e7al\u0131\u015fmay\u0131 yayg\u0131nla\u015ft\u0131racak madde. Bu madde tasar\u0131dan \u00e7\u0131kar\u0131ld\u0131. Deneme s\u00fcresini 4 ay uzatan madde ile turizm sekt\u00f6r\u00fcnde \u00e7al\u0131\u015fan i\u015f\u00e7ilerin denkle\u015ftirme s\u00fcresini 4 aya kadar uzatan madde de tasar\u0131da yer almad\u0131.<\/p>\n<p style=\"text-align: justify;\">11 \u015eubat Cuma g\u00fcn\u00fc Cemil \u00c7i\u00e7ek ve Faruk \u00c7elik ile T\u00fcrk-\u0130\u015f y\u00f6netimi bir araya geldi. Sonra AK Parti Grup Ba\u015fkan Vekilleri ile g\u00f6r\u00fc\u015f\u00fcld\u00fc. Konu Ba\u015fbakan&#8217;a da iletildi ve  i\u015f\u00e7ilerin hassas oldu\u011fu \u00fc\u00e7 maddenin tekriri m\u00fczakere ile geri \u00e7ekilmesi \u00f6nerisi AK Parti taraf\u0131ndan Genel Kurul&#8217;a sunuldu. \u00d6neri oy birli\u011fi ile kabul edildi..<\/p>\n<p style=\"text-align: justify;\">T\u00fcrk-\u0130\u015f de yaz\u0131l\u0131 a\u00e7\u0131klamas\u0131nda &#8220;\u00c7al\u0131\u015fma Bakan\u0131&#8217;n\u0131n s\u00fcre\u00e7 boyunca sergiledi\u011fi \u0131srarl\u0131 olumsuz tavra kar\u015f\u0131n ba\u015fta Ba\u015fbakan olmak \u00fczere h\u00fck\u00fcmet ve parti yetkililerinin son anda da olsa sergiledi\u011fi sa\u011fduyulu yakla\u015f\u0131m bu sonucun al\u0131nmas\u0131na olanak sa\u011flad\u0131&#8221; dedi.<\/p>\n<p style=\"text-align: justify;\">\u015eimdi Cumhurba\u015fkan\u0131&#8217;na bir mektup yaz\u0131lacak. Hala kanunda yer ald\u0131\u011f\u0131n\u0131 \u00f6ne s\u00fcrd\u00fckleri sak\u0131ncal\u0131 maddeleri veto etmesi i\u00e7in \u00e7a\u011fr\u0131 yap\u0131lacak.<\/p>\n<p style=\"text-align: justify;\"><a href=\"http:\/\/www.cnnturk.com\/2011\/turkiye\/02\/13\/sendikalarin.3.itirazi.torbadan.cikarildi\/606643.0\/index.html\" target=\"_blank\"><span style=\"color: #888888;\">CNN T\u00dcRK<\/span><\/a><\/p>\n","protected":false},"excerpt":{"rendered":"<p style=\"text-align: justify;\">\n<p style=\"text-align: justify;\">Torba Kanun&#8217;da son dakika de\u011fi\u015fikli\u011fi ile sendikalar k\u0131smen rahatlad\u0131. \u0130tiraz ettikleri \u00fc\u00e7 madde; ki aralar\u0131nda esnek \u00e7al\u0131\u015fma modeli de var. Geri \u00e7ekildi. Uzla\u015fma, \u00c7al\u0131\u015fma ve Sosyal G\u00fcvenlik Bakan\u0131 \u00d6mer \u00c7elik ile de\u011fil, Ba\u015fbakan Yard\u0131mc\u0131s\u0131 Cemil \u00c7i\u00e7ek ve Devlet Bakan\u0131 Faruk \u00c7elik ile yap\u0131lan g\u00f6r\u00fc\u015fmeler sonucunda sa\u011fland\u0131. T\u00fcrk-\u0130\u015f \u015fimdi itiraz etti\u011fi <\/p>\n","protected":false},"author":1,"featured_media":0,"comment_status":"open","ping_status":"closed","sticky":false,"template":"","format":"standard","meta":{"footnotes":""},"categories":[105],"tags":[],"class_list":["post-28283","post","type-post","status-publish","format-standard","hentry","category-gundem","odd"],"_links":{"self":[{"href":"http:\/\/www.korhanyilmaz.com\/index.php?rest_route=\/wp\/v2\/posts\/28283","targetHints":{"allow":["GET"]}}],"collection":[{"href":"http:\/\/www.korhanyilmaz.com\/index.php?rest_route=\/wp\/v2\/posts"}],"about":[{"href":"http:\/\/www.korhanyilmaz.com\/index.php?rest_route=\/wp\/v2\/types\/post"}],"author":[{"embeddable":true,"href":"http:\/\/www.korhanyilmaz.com\/index.php?rest_route=\/wp\/v2\/users\/1"}],"replies":[{"embeddable":true,"href":"http:\/\/www.korhanyilmaz.com\/index.php?rest_route=%2Fwp%2Fv2%2Fcomments&post=28283"}],"version-history":[{"count":0,"href":"http:\/\/www.korhanyilmaz.com\/index.php?rest_route=\/wp\/v2\/posts\/28283\/revisions"}],"wp:attachment":[{"href":"http:\/\/www.korhanyilmaz.com\/index.php?rest_route=%2Fwp%2Fv2%2Fmedia&parent=28283"}],"wp:term":[{"taxonomy":"category","embeddable":true,"href":"http:\/\/www.korhanyilmaz.com\/index.php?rest_route=%2Fwp%2Fv2%2Fcategories&post=28283"},{"taxonomy":"post_tag","embeddable":true,"href":"http:\/\/www.korhanyilmaz.com\/index.php?rest_route=%2Fwp%2Fv2%2Ftags&post=28283"}],"curies":[{"name":"wp","href":"https:\/\/api.w.org\/{rel}","templated":true}]}}