{"id":28278,"date":"2011-02-13T10:50:19","date_gmt":"2011-02-13T08:50:19","guid":{"rendered":"http:\/\/www.korhanyilmaz.com\/?p=28278"},"modified":"2011-02-13T10:50:19","modified_gmt":"2011-02-13T08:50:19","slug":"torba%e2%80%99dan-hoca-cikti","status":"publish","type":"post","link":"http:\/\/www.korhanyilmaz.com\/?p=28278","title":{"rendered":"Torba\u2019dan Hoca \u00e7\u0131kt\u0131"},"content":{"rendered":"<p style=\"text-align: center;\"><a href=\"http:\/\/www.korhanyilmaz.com\/wp-content\/uploads\/2011\/02\/329.jpg\"  class=\"lightview\"><img loading=\"lazy\" decoding=\"async\" class=\"aligncenter size-full wp-image-28279\" src=\"http:\/\/www.korhanyilmaz.com\/wp-content\/uploads\/2011\/02\/329.jpg\" alt=\"\" width=\"413\" height=\"219\" \/><\/a><\/p>\n<p style=\"text-align: justify;\">Devlet Bakan\u0131 Cevdet Y\u0131lmaz\u2019\u0131n \u00f6nergesiyle Torba Kanun Tasar\u0131s\u0131\u2019na eklenen ge\u00e7ici maddeyle, Erbakan ve arkada\u015flar\u0131 12.5 milyon TL\u2019lik \u2018kay\u0131p trilyon davas\u0131\u2019 borcundan, 18 taksitle 1 milyon TL \u00f6deyerek kurtulacak.<\/p>\n<p style=\"text-align: justify;\">Torba Kanun Tasar\u0131s\u0131\u2019na Devlet Bakan\u0131 Cevdet Y\u0131lmaz\u2019\u0131n verdi\u011fi \u00f6nergeyle eklenen ge\u00e7ici madde ile, kapat\u0131lan RP\u2019nin Genel Ba\u015fkan\u0131 Necmettin Erbakan\u2019a \u2018kay\u0131p trilyon\u2019 k\u0131ya\u011f\u0131 yap\u0131ld\u0131. <!--more--><\/p>\n<p style=\"text-align: justify;\"><img loading=\"lazy\" decoding=\"async\" class=\"alignleft size-full wp-image-28280\" style=\"margin-left: 10px; margin-right: 10px;\" src=\"http:\/\/www.korhanyilmaz.com\/wp-content\/uploads\/2011\/02\/330.jpg\" alt=\"\" width=\"193\" height=\"102\" \/>TBMM Genel Kurulu\u2019nda kabul edilen Erbakan\u2019\u0131n kay\u0131p trilyon davas\u0131 borcunu hafifleten ge\u00e7ici madde \u015f\u00f6yle: \u201cBu kanunun y\u00fcr\u00fcrl\u00fc\u011fe girdi\u011fi tarihten \u00f6nce haklar\u0131nda kapatma karar\u0131 verilen siyasi partilerden, kapatma karar\u0131n\u0131n verildi\u011fi tarihten \u00f6nceki d\u00f6neme ili\u015fkin olarak kesin hesab\u0131n verilmemi\u015f olmas\u0131 nedeniyle Anayasa Mahkemesi taraf\u0131ndan denetim yap\u0131lmad\u0131\u011f\u0131 i\u00e7in hesaplar\u0131 hakk\u0131nda karar verilmemi\u015f olanlar\u0131n Hazine\u2019ye intikal etmesi gereken mal varl\u0131\u011f\u0131na ili\u015fkin olarak, sorumlular aleyhine a\u00e7\u0131lm\u0131\u015f ve bu kanunun yay\u0131mland\u0131\u011f\u0131 tarih itibariyle kesin h\u00fckme ba\u011flanmam\u0131\u015f davalardan, daval\u0131lar\u0131n davaya konu alacak asl\u0131n\u0131n y\u00fczde 50\u2019sini ve bu tutara alaca\u011f\u0131n Hazine\u2019ye intikali gereken tarihten bu kanunun yay\u0131mland\u0131\u011f\u0131 tarihe kadar ge\u00e7en s\u00fcreye T\u00dcFE\/\u00dcFE ayl\u0131k de\u011fi\u015fim oranlar\u0131 esas al\u0131narak hesaplanacak tutar\u0131, bu kanunun 18. maddesinin \u00fc\u00e7\u00fcnc\u00fc f\u0131kras\u0131nda \u00f6ng\u00f6r\u00fclen s\u00fcre ve \u015fekilde \u00f6demeleri \u015fart\u0131yla, vazge\u00e7ilir ve kalan alacak asl\u0131 ile fer\u2019i tutarlar tahsil edilmez. Bu \u015fekilde hesaplanan fer\u2019i tutar bu maddeye g\u00f6re \u00f6denmesi gereken as\u0131l alacak tutar\u0131n\u0131n yar\u0131s\u0131n\u0131 ge\u00e7emez. Bu h\u00fck\u00fcmden yararlanmak isteyen daval\u0131lar\u0131n kanunun yay\u0131m\u0131n\u0131 izleyen 2. ay\u0131n sonuna kadar ba\u015fvuruda bulunmalar\u0131 \u015fartt\u0131r. Bu madde h\u00fckm\u00fcnden yararlan\u0131lmas\u0131 halinde yarg\u0131lama masraf\u0131 ve vekalet \u00fccretleri kar\u015f\u0131l\u0131kl\u0131 olarak talep edilmez. Madde h\u00fckm\u00fcnden yararlanmak \u00fczere ba\u015fvuruda bulunuldu\u011fu halde taksitlerden birinin \u00f6denmemesi halinde madde h\u00fckm\u00fcne g\u00f6re \u00f6denmesi gereken alaca\u011f\u0131n tamam\u0131 muaccel olur ve muaccel hale geldi\u011fi tarihten itibaren 6183 say\u0131l\u0131 Kanunu\u2019nun 51. maddesine g\u00f6re belirlenen gecikme zamm\u0131 oran\u0131nda bir faiz ile birlikte ba\u015fkaca bir i\u015fleme gerek kalmaks\u0131z\u0131n tahsil edilir.\u201d<\/p>\n<p style=\"text-align: justify;\"><strong>18 ay taksit hakk\u0131 da var<\/strong><\/p>\n<p style=\"text-align: justify;\">Buna g\u00f6re, Erbakan ve arkada\u015flar\u0131 kay\u0131p trilyon davas\u0131nda alacak asl\u0131n\u0131n yani 1 milyon TL\u2019nin yar\u0131s\u0131 ve enflasyon fark\u0131n\u0131 \u00f6dedikleri takdirde di\u011fer bor\u00e7lardan kurtulacak. \u00d6denecek enflasyon fark\u0131 da, alacak asl\u0131n\u0131n yar\u0131s\u0131n\u0131 ge\u00e7emeyecek. B\u00f6ylece Erbakan ve di\u011fer RP y\u00f6neticileri yakla\u015f\u0131k 1 milyon TL \u00f6deyerek, 12.5 milyon TL tutar\u0131ndaki bor\u00e7tan kurtulabilecek. \u00dcstelik \u00f6demeyi 18 aya kadar taksitle yapabilecek.<\/p>\n<p style=\"text-align: justify;\"><strong>Gerek\u00e7e: \u0130htilaflar\u0131n \u00e7\u00f6z\u00fclmesi<\/strong><\/p>\n<p style=\"text-align: justify;\">\u00d6nergenin gerek\u00e7esinde, d\u00fczenlemenin amac\u0131 \u015f\u00f6yle a\u00e7\u0131kland\u0131: \u201cKapat\u0131lan bir partinin kapat\u0131lma tarihinden \u00f6nceki d\u00f6nemine ili\u015fkin olarak sorumlular hakk\u0131nda a\u00e7\u0131lm\u0131\u015f olan davalardan kaynaklanan ihtilaflar\u0131n, g\u00f6r\u00fc\u015f\u00fclmekte olan yasa tasar\u0131s\u0131n\u0131n kamu alacaklar\u0131n\u0131n yeniden yap\u0131land\u0131r\u0131lmas\u0131n\u0131 \u00f6ng\u00f6ren h\u00fck\u00fcmleri \u00e7er\u00e7evesinde \u00e7\u00f6z\u00fcme kavu\u015fturulmas\u0131 ama\u00e7lanmaktad\u0131r.\u201d<\/p>\n<p style=\"text-align: justify;\"><strong>Muhalefet: Kay\u0131p trilyon aff\u0131<\/strong><\/p>\n<p style=\"text-align: justify;\">CHP\u2019li Mustafa \u00d6zy\u00fcrek konuya ili\u015fkin bunun \u2018adrese teslim\u2019 bir d\u00fczenleme oldu\u011funu ve Erbakan\u2019\u0131 kay\u0131p trilyon davas\u0131 borcundan kurtarmaya y\u00f6nelik oldu\u011funu s\u00f6yledi. \u00d6zy\u00fcrek, \u201cBuna uyan ba\u015fka bir parti yok. Bu tamamen kay\u0131p trilyon davas\u0131na y\u00f6neliktir. Ad\u0131 konmam\u0131\u015f ama tam tarifi yap\u0131lm\u0131\u015ft\u0131r\u201d dedi. \u00d6zy\u00fcrek, Genel Kurul\u2019da da \u201cAK Partili arkada\u015flar reddetse de, bu d\u00fczenleme RP y\u00f6neticilerine a\u00e7\u0131lan kay\u0131p trilyon davas\u0131yla ilgili. Ve \u00f6yle bir yap\u0131land\u0131rma yap\u0131l\u0131yor ki, di\u011fer yap\u0131land\u0131rmalardan \u00e7ok farkl\u0131\u201d dedi.<\/p>\n<p style=\"text-align: justify;\">MHP\u2019li Mehmet \u015eand\u0131r da \u201cBu, kay\u0131p trilyon davas\u0131yla ilgili geriye d\u00f6n\u00fck kamu alacaklar\u0131ndan vazge\u00e7me \u00f6nergesidir\u201d diye konu\u015ftu.<\/p>\n<p style=\"text-align: justify;\"><strong>Torba yasala\u015ft\u0131<\/strong><\/p>\n<p style=\"text-align: justify;\">KAMU alacaklar\u0131n yeniden yap\u0131land\u0131r\u0131lan, Sosyal Sigortalar ve Genel Sa\u011fl\u0131k Sigortas\u0131 Kanunu ile \u00e7ok say\u0131da kanunda de\u011fi\u015fiklik yapan \u201cTorba\u201d tasar\u0131 TBMM Genel Kurulu\u2019nda kabul edilerek yasala\u015ft\u0131. Yasayla yeniden yap\u0131land\u0131r\u0131lan bor\u00e7lar\u0131 36\u2019ya varan taksitlerle \u00f6deme imkan\u0131 getiriliyor.<\/p>\n<p style=\"text-align: justify;\"><strong>MECL\u0130S\u2019TE \u2018KAYIP TR\u0130LYON\u2019 KAPI\u015eMASI<\/strong><\/p>\n<p style=\"text-align: justify;\">\u00d6nergenin g\u00f6r\u00fc\u015fmelerinde iktidar ile muhalefet aras\u0131nda tart\u0131\u015fma \u00e7\u0131kt\u0131. Muhalefetin \u201ckay\u0131p trilyon davas\u0131\u201d ile ilgili d\u00fczenleme yap\u0131ld\u0131\u011f\u0131 ele\u015ftirilerine yan\u0131t veren AK Parti Grup Ba\u015fkanvekili Nurettin Canikli, \u201cBu kanun kamu alacaklar\u0131yla ilgili yap\u0131land\u0131rma \u00f6ng\u00f6r\u00fcyor. Kay\u0131p trilyon davas\u0131 kesinle\u015fti, d\u00fczenleme kesinle\u015fmeyen alacaklar i\u00e7in ge\u00e7erli\u201d a\u00e7\u0131klamas\u0131n\u0131 yapt\u0131.<\/p>\n<p style=\"text-align: justify;\">Bunun \u00fczerine MHP Grup Ba\u015fkanvekili Mehmet \u015eand\u0131r, \u201c\u00d6nergenin gerek\u00e7esi \u00e7ok a\u00e7\u0131k kapat\u0131lan bir partinin kapatma davas\u0131ndan \u00f6nceki d\u00f6nemine ili\u015fkin davalardan kaynaklanan ihtilaflar deniyor. Var m\u0131 bunun \u00f6rne\u011fi, var. Burdan a\u00e7\u0131k y\u00fcreklilikle \u2018B\u00f6yle bir dava var. Bunlar\u0131 di\u011fer kamu alacaklar\u0131ndan ayr\u0131 tutmuyoruz\u2019 derseniz milletin takdirine b\u0131rak\u0131r\u0131z. Bu hangi parti, kamu alacaklar\u0131ndan ne i\u00e7in ve kimin ad\u0131na vazge\u00e7iyoruz? a\u00e7\u0131klay\u0131n\u201d dedi.<\/p>\n<p style=\"text-align: justify;\"><strong>Anadol: Hangi parti?<\/strong><\/p>\n<p style=\"text-align: justify;\">CHP Grup Ba\u015fkanvekili Kemal Anadol da, \u201cGerek\u00e7ede, \u2018kapat\u0131lm\u0131\u015f bir partinin kapat\u0131lma tarihinden \u00f6ncesi d\u00f6nemine ili\u015fkin davalardan kaynaklanan ihtilaflar\u0131n \u00e7\u00f6z\u00fcme kavu\u015fmas\u0131 ama\u00e7lanmaktad\u0131r\u2019 deniyor. Soruyorum, kapat\u0131lan parti hangi partidir? O zamanki d\u00f6neme ait sorumlular kimlerdir ve ka\u00e7 lirad\u0131r?\u201d diye sordu. \u00d6nerge sahibi Bakan Y\u0131lmaz\u2019\u0131n \u201cKa\u00e7 lira bilemeyiz\u201d yan\u0131t\u0131na sinirlenen Anadol, \u201cBilemeyiz olur mu? Alt\u0131n\u0131 imzalam\u0131\u015fs\u0131n\u0131z. Cevap istiyorum\u201d diye ba\u011f\u0131rd\u0131. Tart\u0131\u015fmalar\u0131n ard\u0131ndan \u00f6nerge AK Partililer\u2019in oylar\u0131yla kabul edildi. (Vatan)<\/p>\n<p style=\"text-align: justify;\"><a href=\"http:\/\/www.gazeteport.com.tr\/GUNCEL\/NEWS\/GP_852526\" target=\"_blank\"><span style=\"color: #888888;\">Kaynak : GAZETEPORT<\/span><\/a><\/p>\n","protected":false},"excerpt":{"rendered":"<p style=\"text-align: center;\">\n<p style=\"text-align: justify;\">Devlet Bakan\u0131 Cevdet Y\u0131lmaz\u2019\u0131n \u00f6nergesiyle Torba Kanun Tasar\u0131s\u0131\u2019na eklenen ge\u00e7ici maddeyle, Erbakan ve arkada\u015flar\u0131 12.5 milyon TL\u2019lik \u2018kay\u0131p trilyon davas\u0131\u2019 borcundan, 18 taksitle 1 milyon TL \u00f6deyerek kurtulacak.<\/p>\n<p style=\"text-align: justify;\">Torba Kanun Tasar\u0131s\u0131\u2019na Devlet Bakan\u0131 Cevdet Y\u0131lmaz\u2019\u0131n verdi\u011fi \u00f6nergeyle eklenen ge\u00e7ici madde ile, kapat\u0131lan RP\u2019nin Genel Ba\u015fkan\u0131 Necmettin Erbakan\u2019a \u2018kay\u0131p <\/p>\n","protected":false},"author":1,"featured_media":0,"comment_status":"open","ping_status":"closed","sticky":false,"template":"","format":"standard","meta":{"footnotes":""},"categories":[105],"tags":[],"class_list":["post-28278","post","type-post","status-publish","format-standard","hentry","category-gundem","odd"],"_links":{"self":[{"href":"http:\/\/www.korhanyilmaz.com\/index.php?rest_route=\/wp\/v2\/posts\/28278","targetHints":{"allow":["GET"]}}],"collection":[{"href":"http:\/\/www.korhanyilmaz.com\/index.php?rest_route=\/wp\/v2\/posts"}],"about":[{"href":"http:\/\/www.korhanyilmaz.com\/index.php?rest_route=\/wp\/v2\/types\/post"}],"author":[{"embeddable":true,"href":"http:\/\/www.korhanyilmaz.com\/index.php?rest_route=\/wp\/v2\/users\/1"}],"replies":[{"embeddable":true,"href":"http:\/\/www.korhanyilmaz.com\/index.php?rest_route=%2Fwp%2Fv2%2Fcomments&post=28278"}],"version-history":[{"count":0,"href":"http:\/\/www.korhanyilmaz.com\/index.php?rest_route=\/wp\/v2\/posts\/28278\/revisions"}],"wp:attachment":[{"href":"http:\/\/www.korhanyilmaz.com\/index.php?rest_route=%2Fwp%2Fv2%2Fmedia&parent=28278"}],"wp:term":[{"taxonomy":"category","embeddable":true,"href":"http:\/\/www.korhanyilmaz.com\/index.php?rest_route=%2Fwp%2Fv2%2Fcategories&post=28278"},{"taxonomy":"post_tag","embeddable":true,"href":"http:\/\/www.korhanyilmaz.com\/index.php?rest_route=%2Fwp%2Fv2%2Ftags&post=28278"}],"curies":[{"name":"wp","href":"https:\/\/api.w.org\/{rel}","templated":true}]}}