{"id":28274,"date":"2011-02-13T13:55:34","date_gmt":"2011-02-13T11:55:34","guid":{"rendered":"http:\/\/www.korhanyilmaz.com\/?p=28274"},"modified":"2011-02-13T13:55:34","modified_gmt":"2011-02-13T11:55:34","slug":"kilicdaroglu-akp-tuzu-kokuttu","status":"publish","type":"post","link":"http:\/\/www.korhanyilmaz.com\/?p=28274","title":{"rendered":"K\u0131l\u0131\u00e7daro\u011flu: AKP tuzu kokuttu"},"content":{"rendered":"<p style=\"text-align: justify;\"><a href=\"http:\/\/www.korhanyilmaz.com\/wp-content\/uploads\/2011\/02\/328.jpg\"  class=\"lightview\"><img loading=\"lazy\" decoding=\"async\" class=\"aligncenter size-full wp-image-28275\" src=\"http:\/\/www.korhanyilmaz.com\/wp-content\/uploads\/2011\/02\/328.jpg\" alt=\"\" width=\"336\" height=\"178\" \/><\/a><\/p>\n<p style=\"text-align: justify;\">\u0130stanbul\u2019daki pro\u011framlar\u0131 \u00f6ncesi \u00f6ncesi Sar\u0131yer\u2019de vatanda\u015flarla bulu\u015fan Cumhuriyet Halk Partisi Genel Ba\u015fkan\u0131 Kemal K\u0131l\u0131\u00e7daro\u011flu, &#8220;AKP tuzu kokuttu&#8221; dedi.<\/p>\n<p style=\"text-align: justify;\">Gazete okuyan K\u0131l\u0131\u00e7daro\u011flu kurmaylar\u0131yla birlikte \u00e7ay i\u00e7ti. Sar\u0131yer Emirgan\u2019da vatanda\u015flarla bir aya gelen K\u0131l\u0131\u00e7daro\u011flu, foto\u011fraf \u00e7ektirdi.<!--more--><\/p>\n<p style=\"text-align: justify;\">DHA\u2019ya konu\u015fan K\u0131l\u0131\u00e7daro\u011flu Balyoz soru\u015fturmas\u0131 hakk\u0131nda geli\u015fmeleri kayg\u0131yla izlediklerini s\u00f6yleyerek \u015f\u00f6yle konu\u015ftu: &#8220;Emirgan\u2019a \u00e7ay i\u00e7meye geldim. Yurtta\u015flarla beraber olmak en az\u0131ndan onlarla daha s\u0131cak bir ili\u015fki kurmak i\u00e7in buraday\u0131m. Gazetelere bak\u0131yoruz geli\u015fmeleri kayg\u0131yla izliyoruz. Hava, atmosfer g\u00fczel ama sonunda i\u00e7imizdeki kayg\u0131lar\u0131 bir \u015fekilde d\u0131\u015far\u0131 vurmak durumunday\u0131z. Haks\u0131zl\u0131klar yap\u0131l\u0131yor bu konuda ciddi kayg\u0131 duyuyoruz. Balyoz tutuklamalar\u0131na ili\u015fkin d\u00fc\u015f\u00fcncelerimi daha \u00f6nce belirttim. Yarg\u0131 siyasalla\u015ft\u0131r\u0131lm\u0131\u015f ve g\u00fcven sars\u0131lacakt\u0131r. Tuzun kokmamas\u0131 laz\u0131m. AKP tuzu kokuttu. Zaten sorun da buradan ba\u015fl\u0131yor&#8221;.<\/p>\n<p style=\"text-align: justify;\">K\u0131l\u0131\u00e7daro\u011flu Mara\u015f\u2019taki g\u00f6\u00e7\u00fckle ilgili CHP ad\u0131na heyet gitti\u011fini ve gelecek raporu bekledi\u011fini s\u00f6yledi. K\u0131l\u0131\u00e7daro\u011flu daha sonra Galatasaray \u00dcniversitesindeki program\u0131na kat\u0131lmak \u00fczere arac\u0131na binerek Emirgan\u2019dan ayr\u0131ld\u0131.<\/p>\n<p style=\"text-align: justify;\"><a href=\"http:\/\/www.gazeteport.com.tr\/SIYASET\/NEWS\/GP_852652\" target=\"_blank\"><span style=\"color: #888888;\">Kaynak : GAZETEPORT<\/span><\/a><\/p>\n","protected":false},"excerpt":{"rendered":"<p style=\"text-align: justify;\">\n<p style=\"text-align: justify;\">\u0130stanbul\u2019daki pro\u011framlar\u0131 \u00f6ncesi \u00f6ncesi Sar\u0131yer\u2019de vatanda\u015flarla bulu\u015fan Cumhuriyet Halk Partisi Genel Ba\u015fkan\u0131 Kemal K\u0131l\u0131\u00e7daro\u011flu, &#8220;AKP tuzu kokuttu&#8221; dedi.<\/p>\n<p style=\"text-align: justify;\">Gazete okuyan K\u0131l\u0131\u00e7daro\u011flu kurmaylar\u0131yla birlikte \u00e7ay i\u00e7ti. Sar\u0131yer Emirgan\u2019da vatanda\u015flarla bir aya gelen K\u0131l\u0131\u00e7daro\u011flu, foto\u011fraf \u00e7ektirdi.<\/p>\n","protected":false},"author":1,"featured_media":0,"comment_status":"open","ping_status":"closed","sticky":false,"template":"","format":"standard","meta":{"footnotes":""},"categories":[105],"tags":[],"class_list":["post-28274","post","type-post","status-publish","format-standard","hentry","category-gundem","odd"],"_links":{"self":[{"href":"http:\/\/www.korhanyilmaz.com\/index.php?rest_route=\/wp\/v2\/posts\/28274","targetHints":{"allow":["GET"]}}],"collection":[{"href":"http:\/\/www.korhanyilmaz.com\/index.php?rest_route=\/wp\/v2\/posts"}],"about":[{"href":"http:\/\/www.korhanyilmaz.com\/index.php?rest_route=\/wp\/v2\/types\/post"}],"author":[{"embeddable":true,"href":"http:\/\/www.korhanyilmaz.com\/index.php?rest_route=\/wp\/v2\/users\/1"}],"replies":[{"embeddable":true,"href":"http:\/\/www.korhanyilmaz.com\/index.php?rest_route=%2Fwp%2Fv2%2Fcomments&post=28274"}],"version-history":[{"count":0,"href":"http:\/\/www.korhanyilmaz.com\/index.php?rest_route=\/wp\/v2\/posts\/28274\/revisions"}],"wp:attachment":[{"href":"http:\/\/www.korhanyilmaz.com\/index.php?rest_route=%2Fwp%2Fv2%2Fmedia&parent=28274"}],"wp:term":[{"taxonomy":"category","embeddable":true,"href":"http:\/\/www.korhanyilmaz.com\/index.php?rest_route=%2Fwp%2Fv2%2Fcategories&post=28274"},{"taxonomy":"post_tag","embeddable":true,"href":"http:\/\/www.korhanyilmaz.com\/index.php?rest_route=%2Fwp%2Fv2%2Ftags&post=28274"}],"curies":[{"name":"wp","href":"https:\/\/api.w.org\/{rel}","templated":true}]}}