{"id":28266,"date":"2011-02-13T13:18:57","date_gmt":"2011-02-13T11:18:57","guid":{"rendered":"http:\/\/www.korhanyilmaz.com\/?p=28266"},"modified":"2011-02-13T13:18:57","modified_gmt":"2011-02-13T11:18:57","slug":"gulden-tartismali-kanuna-onay","status":"publish","type":"post","link":"http:\/\/www.korhanyilmaz.com\/?p=28266","title":{"rendered":"G\u00fcl&#8217;den tart\u0131\u015fmal\u0131 kanuna onay"},"content":{"rendered":"<p style=\"text-align: center;\"><a href=\"http:\/\/www.korhanyilmaz.com\/wp-content\/uploads\/2011\/02\/326.jpg\"  class=\"lightview\"><img loading=\"lazy\" decoding=\"async\" class=\"aligncenter size-full wp-image-28267\" src=\"http:\/\/www.korhanyilmaz.com\/wp-content\/uploads\/2011\/02\/326.jpg\" alt=\"\" width=\"414\" height=\"221\" \/><\/a><\/p>\n<p style=\"text-align: justify;\">Cumhurba\u015fkan\u0131 Abdullah G\u00fcl, Yarg\u0131tay ve Dan\u0131\u015ftay&#8217;a yeni daireler kurulmas\u0131n\u0131 \u00f6ng\u00f6ren 6110 say\u0131l\u0131 Baz\u0131 Kanunlarda De\u011fi\u015fiklik Yap\u0131lmas\u0131na Dair Kanun&#8217;u onaylad\u0131.<\/p>\n<p style=\"text-align: justify;\">ANKARA-Yasaya g\u00f6re, Dan\u0131\u015ftay\u0131n daire say\u0131s\u0131 13&#8217;ten 15&#8217;e \u00e7\u0131kar\u0131lacak. Dan\u0131\u015ftay 14&#8217;\u00fc dava, 1&#8217;i idari daire olmak \u00fczere 15 daireden olu\u015facak. Dan\u0131\u015ftaya da 95 olan \u00fcye say\u0131s\u0131, 61 art\u0131r\u0131larak 156&#8217;ya \u00e7\u0131kar\u0131lacak. <!--more--><\/p>\n<p style=\"text-align: justify;\">Her dairede bir ba\u015fkan ile yeteri kadar \u00fcye bulunacak. Heyetler, 1 ba\u015fkan ve 4 \u00fcyenin kat\u0131l\u0131m\u0131yla toplanacak, salt \u00e7o\u011funlukla karar verecek. Say\u0131n\u0131n yeterli olmas\u0131 halinde birden fazla heyet olu\u015fturulabilecek. Bu durumda olu\u015fturulan di\u011fer heyetlere, heyette yer alan en k\u0131demli \u00fcye ba\u015fkanl\u0131k edecek. M\u00fczakereler gizli yap\u0131lacak.<\/p>\n<p style=\"text-align: justify;\">\u0130dari Dava Daireleri Kurulu, idari dava dairelerinin ba\u015fkanlar\u0131 ile \u00fcyelerinden, Vergi Dava Daireleri Kurulu da vergi dava dairelerinin ba\u015fkanlar\u0131 ile \u00fcyelerinden olu\u015facak.<\/p>\n<p style=\"text-align: justify;\">Toplant\u0131 ve g\u00f6r\u00fc\u015fme yeter say\u0131s\u0131 \u0130dari Dava Daireleri Kurulu i\u00e7in 31, Vergi Dava Daireleri Kurulu i\u00e7in 13 olacak. \u0130dari Dava Daireleri ile Vergi Dava Dairelerinin ilk derece mahkemesi olarak verdikleri kararlar\u0131n temyiz veya itiraz yoluyla incelenmesinde ve iki dava dairesinin birlikte yapaca\u011f\u0131 toplant\u0131da verilen kararlar\u0131n incelenmesinde, bu dairelerde karara kat\u0131lm\u0131\u015f olanlar, idari ve vergi dava daireleri kurullar\u0131nda bulunamayacak.<\/p>\n<p style=\"text-align: justify;\">Dava dairelerinden 3, 4, 7 ve 9&#8217;uncu daireler vergi dava dairesi, di\u011fer dava daireleri ise idari dava dairesi olarak g\u00f6rev yapacak.<\/p>\n<p style=\"text-align: justify;\">\u0130dari dava daireleri ile vergi dava daireleri kendi aralar\u0131nda i\u015f b\u00f6l\u00fcm\u00fc esas\u0131na g\u00f6re \u00e7al\u0131\u015facak. \u00d6zel kanunlarda ba\u015fka h\u00fck\u00fcm bulunmad\u0131\u011f\u0131 takdirde, dava daireleri aras\u0131ndaki i\u015f b\u00f6l\u00fcm\u00fc karar tasar\u0131s\u0131 Ba\u015fkanl\u0131k Kurulunca haz\u0131rlanacak. Bu karar tasar\u0131s\u0131, toplant\u0131 tarihinden 7 g\u00fcn \u00f6nce ilan edilerek, Genel Kurul&#8217;un onay\u0131na sunulacak. Genel Kurul, i\u015f b\u00f6l\u00fcm\u00fc karar tasar\u0131s\u0131n\u0131 aynen onaylayabilece\u011fi gibi \u00fcye tam say\u0131s\u0131n\u0131n en az \u00fc\u00e7te birinin teklifi \u00fczerine de\u011fi\u015ftirerek de onaylayabilecek.<\/p>\n<p style=\"text-align: justify;\">\u0130ptal davalar\u0131 ve idari s\u00f6zle\u015fmelerden do\u011fan davalar y\u00f6n\u00fcnden daireler aras\u0131ndaki i\u015f b\u00f6l\u00fcm\u00fcn\u00fcn belirlenmesinde, uyu\u015fmazl\u0131\u011f\u0131n kaynakland\u0131\u011f\u0131 mevzuat esas al\u0131nacak.<\/p>\n<p style=\"text-align: justify;\">Temyiz incelemesi yapmakla g\u00f6revli daire, ayn\u0131 konuda ilk derece mahkemesi olarak Dan\u0131\u015ftayda g\u00f6r\u00fclecek davalara bakmak ve ola\u011fan\u00fcst\u00fc kanun yollar\u0131 incelemelerini de yapmakla g\u00f6revli olacak.<\/p>\n<p style=\"text-align: justify;\">\u0130dare mahkemeleri aras\u0131nda g\u00f6rev ve yetkiye ili\u015fkin uyu\u015fmazl\u0131klarda ve ba\u011flant\u0131l\u0131 davalarda merci tayini, uyu\u015fmazl\u0131\u011f\u0131n esas\u0131n\u0131 \u00e7\u00f6z\u00fcmlemekle g\u00f6revli idari dava dairesince yap\u0131lacak.<\/p>\n<p style=\"text-align: justify;\">Vergi mahkemeleri aras\u0131nda g\u00f6rev ve yetkiye ili\u015fkin uyu\u015fmazl\u0131klarda ve ba\u011flant\u0131l\u0131 davalarda merci tayini, uyu\u015fmazl\u0131\u011f\u0131n esas\u0131n\u0131 \u00e7\u00f6z\u00fcmlemekle g\u00f6revli vergi dava dairesince yap\u0131lacak.<\/p>\n<p style=\"text-align: justify;\">\u0130\u015f b\u00f6l\u00fcm\u00fcnde idari ve vergi dava dairelerinden herhangi birinin g\u00f6revinde oldu\u011fu belirlenmemi\u015f davalara bakmak \u00fczere birer idari ve vergi dava dairesi g\u00f6revlendirilecek. \u0130\u015f b\u00f6l\u00fcm\u00fcnde ayn\u0131 mevzuattan kaynaklanan uyu\u015fmazl\u0131klar\u0131n birden fazla dairede \u00e7\u00f6z\u00fcmlenmesi konusunda farkl\u0131 esaslar belirlenebilecek.<\/p>\n<p style=\"text-align: justify;\">Dairelerden birinin y\u0131l i\u00e7inde gelen i\u015fleri, normal \u00e7al\u0131\u015fma ile kar\u015f\u0131lanamayacak oranda artm\u0131\u015f ve daireler aras\u0131nda i\u015f bak\u0131m\u0131ndan bir dengesizlik meydana gelmi\u015fse bir k\u0131s\u0131m i\u015fler ba\u015fka daireye verilebilecek.<\/p>\n<p style=\"text-align: justify;\"><strong>YARGITAY \u00dcYE SAYISI 387 OLACAK<\/strong><\/p>\n<p style=\"text-align: justify;\">Yarg\u0131tayda 32 olan daire say\u0131s\u0131 38&#8217;e, \u00fcye say\u0131s\u0131 ise 250&#8217;den 137 art\u0131r\u0131larak 387&#8217;ye \u00e7\u0131kar\u0131l\u0131yor.<\/p>\n<p style=\"text-align: justify;\">Yarg\u0131tayda \u00fcye say\u0131s\u0131n\u0131n yeterli olmas\u0131 halinde birden fazla heyet olu\u015fturulabilecek. Bu durumda olu\u015fturulan di\u011fer heyetlere, heyette yer alan en k\u0131demli \u00fcye ba\u015fkanl\u0131k edecek.<\/p>\n<p style=\"text-align: justify;\">Hakim ve savc\u0131lar\u0131n bir soru\u015fturma, kovu\u015fturma veya davayla ilgili olarak yapt\u0131klar\u0131 i\u015flem, y\u00fcr\u00fctt\u00fckleri faaliyet veya verdikleri her t\u00fcrl\u00fc kararlar nedeniyle ancak devlet aleyhine tazminat davas\u0131 a\u00e7\u0131labilecek.<\/p>\n<p style=\"text-align: justify;\">Ki\u015fisel kusur, haks\u0131z fiil veya di\u011fer sorumluluk sebeplerine dayan\u0131larak da olsa hakim veya savc\u0131 aleyhine tazminat davas\u0131 a\u00e7\u0131lamayacak. Devlet aleyhine a\u00e7\u0131lacak tazminat davas\u0131 ancak dava konusu i\u015flem, faaliyet veya karar\u0131n dayana\u011f\u0131 olan soru\u015fturma sonucunda verilen kovu\u015fturmaya yer olmad\u0131\u011f\u0131na dair karar\u0131n veya kamu davas\u0131 a\u00e7\u0131lm\u0131\u015f ise kovu\u015fturma sonucunda verilen h\u00fckm\u00fcn, dava sonunda verilen h\u00fckm\u00fcn kesinle\u015fti\u011fi tarihten itibaren bir y\u0131l i\u00e7inde a\u00e7\u0131labilecek.<\/p>\n<p style=\"text-align: justify;\">Kovu\u015fturmaya yer olmad\u0131\u011f\u0131na dair karar\u0131n veya h\u00fckm\u00fcn kesinle\u015fmesinden \u00f6nce hakim veya savc\u0131n\u0131n s\u00f6z konusu i\u015flem, faaliyet ya da karar\u0131yla ilgili olarak g\u00f6revinin gereklerine ayk\u0131r\u0131 hareket etmek suretiyle g\u00f6revini k\u00f6t\u00fcye kullanmaktan mahkumiyeti halinde ise tazminat davas\u0131 h\u00fckm\u00fcn kesinle\u015fmesinden itibaren bir y\u0131l i\u00e7inde a\u00e7\u0131labilecek.<\/p>\n<p style=\"text-align: justify;\">Devlet, \u00f6dedi\u011fi tazminattan dolay\u0131, tazminat davas\u0131na konu i\u015flem, faaliyet veya kararla ilgili olarak g\u00f6revinin gereklerine ayk\u0131r\u0131 hareket etmek suretiyle g\u00f6revini k\u00f6t\u00fcye kullanmaktan hakim veya savc\u0131ya r\u00fccu edecek. Kanun yoluna ba\u015fvurulmas\u0131 i\u00e7in miktar veya de\u011fere ili\u015fkin olarak \u00f6ng\u00f6r\u00fclen s\u0131n\u0131rlamalar, hakim ve savc\u0131lar\u0131n i\u015flem, faaliyet veya kararlar\u0131na dayan\u0131larak a\u00e7\u0131lan her t\u00fcrl\u00fc tazminat ve r\u00fccu davalar\u0131nda uygulanmayacak.<\/p>\n<p style=\"text-align: justify;\">Bu h\u00fck\u00fcmler, y\u00fcksek mahkemelerin ba\u015fkanlar\u0131, ba\u015fkanvekilleri, daire ba\u015fkanlar\u0131 ve \u00fcyeleri ile Yarg\u0131tay Cumhuriyet Ba\u015fsavc\u0131s\u0131, Dan\u0131\u015ftay Ba\u015fsavc\u0131s\u0131 ve Yarg\u0131tay Cumhuriyet Ba\u015fsavc\u0131vekilinin bir soru\u015fturma, kovu\u015fturma veya davayla ilgili olarak yapt\u0131klar\u0131 i\u015flem, y\u00fcr\u00fctt\u00fckleri faaliyet veya verdikleri her t\u00fcrl\u00fc kararlar, Hakimler ve Savc\u0131lar Y\u00fcksek Kurulu (HSYK) m\u00fcfetti\u015fleri ile adalet m\u00fcfetti\u015flerinin, yetkilerini kullan\u0131rken yapt\u0131klar\u0131 i\u015flem, y\u00fcr\u00fctt\u00fckleri faaliyet ve verdikleri her t\u00fcrl\u00fc kararlar nedeniyle a\u00e7\u0131lacak tazminat davalar\u0131 hakk\u0131nda da uygulanacak.<\/p>\n<p style=\"text-align: justify;\">Asliye ticaret mahkemeleri tek hakimli olacak.<\/p>\n<p style=\"text-align: justify;\"><strong>YARGITAY VE DANI\u015eTAY BA\u015eKANLARININ SE\u00c7\u0130M\u0130<\/strong><\/p>\n<p style=\"text-align: justify;\">Yarg\u0131tay Ba\u015fkan\u0131 ve birinci ba\u015fkanvekilleri ile daire ba\u015fkanlar\u0131n\u0131n se\u00e7iminde Yarg\u0131tay B\u00fcy\u00fck Genel Kurulunun toplanabilmesi i\u00e7in \u00fcye tam say\u0131s\u0131n\u0131n salt \u00e7o\u011funlu\u011funun haz\u0131r bulunmas\u0131 yeterli olacak. Mevcut d\u00fczenlemede, B\u00fcy\u00fck Genel Kurulun toplanabilmesi i\u00e7in \u00fcyelerin \u00fc\u00e7te ikisinin haz\u0131r bulunmas\u0131 gerekiyor. Dan\u0131\u015ftayda Ba\u015fkan, ba\u015fkanvekilleri, ba\u015fsavc\u0131 ve daire ba\u015fkanlar\u0131 se\u00e7iminde de ayn\u0131 h\u00fck\u00fcm ge\u00e7erli olacak.<\/p>\n<p style=\"text-align: justify;\">Yasayla, Dan\u0131\u015ftay Kanunu&#8217;ndaki baz\u0131 daireler i\u00e7in yap\u0131lan g\u00f6rev tan\u0131mlamalar\u0131 metinden \u00e7\u0131kar\u0131ld\u0131. Birinci Ba\u015fkanl\u0131k Kurulu \u00fcyeli\u011fine se\u00e7ilebilmek i\u00e7in en az 4 y\u0131l Yarg\u0131tay \u00fcyeli\u011fi yapmak \u015fart\u0131 kald\u0131r\u0131ld\u0131.<\/p>\n<p style=\"text-align: justify;\">\u0130stinaf mahkemeleri, hakim ve savc\u0131lar ile ilgili a\u00e7\u0131lacak tazminat davalar\u0131na bakamayacak.<\/p>\n<p style=\"text-align: justify;\">Dan\u0131\u015ftay Ba\u015fkanl\u0131k Kurulu ve Yarg\u0131tay Ba\u015fkanlar Kurulu, ihdas edilen \u00fcye kadrolar\u0131na se\u00e7im yap\u0131lmas\u0131ndan ve dairelerde \u00e7al\u0131\u015facak \u00fcyelerin belirlenmesinden itibaren bir ay i\u00e7inde toplanarak daireler aras\u0131ndaki i\u015f b\u00f6l\u00fcm\u00fcne ili\u015fkin karar tasar\u0131s\u0131n\u0131 haz\u0131rlayacak ve Dan\u0131\u015ftayda Genel Kurulun, Yarg\u0131tayda ise B\u00fcy\u00fck Genel Kurulun onay\u0131na sunacak.<\/p>\n<p style=\"text-align: justify;\">Daha \u00f6nce ba\u015fka dairelerde g\u00f6r\u00fclmekte olup da dairesi de\u011fi\u015ftirilen dava dosyalar\u0131, mevcut halleriyle ilgili daireye g\u00f6nderilecek.<\/p>\n<p style=\"text-align: justify;\">Yarg\u0131tayda ihdas edilen \u00fcye kadrolar\u0131na se\u00e7im yap\u0131lmas\u0131ndan itibaren 15 g\u00fcn i\u00e7inde Birinci Ba\u015fkanl\u0131k Kurulu yeniden belirlenecek. \u00dcyelerin hangi dairelerde g\u00f6rev yapaca\u011f\u0131n\u0131, dairelerin i\u015f durumunu ve ihtiya\u00e7lar\u0131n\u0131 g\u00f6z \u00f6n\u00fcnde tutarak, olu\u015fturulan yeni Ba\u015fkanl\u0131k Kurulu belirleyecek.<\/p>\n<p style=\"text-align: justify;\"><strong>HAK\u0130MLER HAKKINDA DAVA<\/strong><\/p>\n<p style=\"text-align: justify;\">Yeni Hukuk Muhakemeleri Kanunu y\u00fcr\u00fcrl\u00fc\u011fe girinceye kadar, hakimler hakk\u0131nda a\u00e7\u0131lacak tazminat ve r\u00fccu davalar\u0131nda, hakimlerin bir soru\u015fturma, kovu\u015fturma veya davayla ilgili olarak yapt\u0131klar\u0131 i\u015flem, y\u00fcr\u00fctt\u00fckleri faaliyet veya verdikleri her t\u00fcrl\u00fc kararlar nedeniyle devlet aleyhine a\u00e7\u0131lan tazminat davas\u0131, Yarg\u0131tay ilgili hukuk dairesinde, Yarg\u0131tay Ba\u015fkan ve \u00fcyeleri ile kanunen onlarla ayn\u0131 konumda olanlar\u0131n fiil ve kararlar\u0131ndan dolay\u0131 Yarg\u0131tay Hukuk Genel Kurulunda a\u00e7\u0131lacak ve ilk derece mahkemesi s\u0131fat\u0131yla g\u00f6r\u00fclecek.<\/p>\n<p style=\"text-align: justify;\">Yarg\u0131tay ilgili hukuk dairesinin tazminat davas\u0131 sonucunda vermi\u015f oldu\u011fu kararlara ili\u015fkin temyiz incelemesi Yarg\u0131tay Hukuk Genel Kurulunca, bu kurulun ilk derece mahkemesi s\u0131fat\u0131yla tazminat davas\u0131 sonucunda vermi\u015f oldu\u011fu kararlara ili\u015fkin temyiz incelemesi ise Yarg\u0131tay B\u00fcy\u00fck Genel Kurulunca yap\u0131lacak.<\/p>\n<p style=\"text-align: justify;\">Devletin sorumlu hakime kar\u015f\u0131 a\u00e7aca\u011f\u0131 r\u00fccu davas\u0131, tazminat davas\u0131n\u0131 karara ba\u011flayan mahkemede g\u00f6r\u00fclecek.<\/p>\n<p style=\"text-align: justify;\">Bu konuda halen g\u00f6r\u00fclmekte olan davalar, kesinle\u015fmemi\u015f h\u00fck\u00fcmler, temyiz veya karar d\u00fczeltme yolu a\u00e7\u0131lan h\u00fck\u00fcmler a\u00e7\u0131s\u0131ndan temyiz veya karar d\u00fczeltme s\u00fcresi ge\u00e7meyenler bak\u0131m\u0131ndan da uygulanacak ve davaya devlet aleyhine devam olunacak.<\/p>\n<p style=\"text-align: justify;\">D\u00fczenlemenin y\u00fcr\u00fcrl\u00fc\u011fe girdi\u011fi tarih itibar\u0131yla temyiz veya karar d\u00fczeltme s\u00fcresi ge\u00e7meyen h\u00fck\u00fcmler i\u00e7in yasan\u0131n y\u00fcr\u00fcrl\u00fc\u011fe girdi\u011fi tarihten itibaren iki hafta i\u00e7inde temyiz veya karar d\u00fczeltme yoluna ba\u015fvurulabilecek.<\/p>\n<p style=\"text-align: justify;\">Yasan\u0131n y\u00fcr\u00fcrl\u00fc\u011fe girdi\u011fi tarihten \u00f6nce verilen ve miktar veya de\u011feri itibar\u0131yla temyiz veya karar d\u00fczeltme yoluna ba\u015fvurulamayan h\u00fck\u00fcmler i\u00e7in yasan\u0131n y\u00fcr\u00fcrl\u00fc\u011fe girdi\u011fi tarihten itibaren iki hafta i\u00e7inde temyiz veya karar d\u00fczeltme istenebilecek. Bu f\u0131kra uyar\u0131nca yap\u0131lan kanun yolu ba\u015fvurular\u0131 \u00fczerine verilen kararlar, tahsil edilmi\u015f tazminat bedelinin geri istenmesi hakk\u0131n\u0131 do\u011furmayacak.<\/p>\n<p style=\"text-align: justify;\">Yasayla, Dan\u0131\u015ftay, Yarg\u0131tay ve Adli T\u0131p Kurumuna toplam 777 kadro tahsis ediliyor.<\/p>\n<p style=\"text-align: justify;\">Yarg\u0131tayda &#8221;Bilgi \u0130\u015flem M\u00fcd\u00fcrl\u00fc\u011f\u00fc&#8221; kurulmas\u0131 \u00f6ng\u00f6r\u00fcl\u00fcyor.<\/p>\n<p style=\"text-align: justify;\">Y\u00fcksek mahkemelere \u00fcye se\u00e7ileceklerde aranacak \u015fartlarda birli\u011fin sa\u011flanmas\u0131 amac\u0131yla, &#8221;\u0130dari g\u00f6revlerden Dan\u0131\u015ftay \u00fcyeli\u011fine se\u00e7ileceklerin y\u00fcksek \u00f6\u011frenimlerini tamamlad\u0131ktan sonra devlet hizmetlerinde 20 y\u0131l, di\u011fer g\u00f6revlerde toplam olarak en az 3 y\u0131l \u00e7al\u0131\u015fm\u0131\u015f bulunmalar\u0131&#8221; \u015fart\u0131 kald\u0131r\u0131l\u0131yor.<\/p>\n<p style=\"text-align: justify;\"><strong>ADL\u0130 TIP<\/strong><\/p>\n<p style=\"text-align: justify;\">Yasaya g\u00f6re; Adli T\u0131p Kurumunun ba\u015fkan yard\u0131mc\u0131s\u0131 say\u0131s\u0131 2&#8217;den 5&#8217;e y\u00fckseltilecek. Ba\u015fkan yard\u0131mc\u0131lar\u0131ndan en az 2&#8217;si adli t\u0131p uzman\u0131 olacak.<\/p>\n<p style=\"text-align: justify;\">Kurumun d\u00f6ner sermayesinden yap\u0131lacak bir k\u0131s\u0131m \u00f6demelerde oranlar art\u0131r\u0131lacak. \u0130kinci g\u00f6revle bu kurumda \u00e7al\u0131\u015fanlar da d\u00f6ner sermaye \u00f6demelerinden yararlanabilecek. \u0130kinci g\u00f6revli olarak bu kurumda \u00e7al\u0131\u015fanlar, Adli T\u0131p Kurumunda \u00e7al\u0131\u015fmas\u0131 nedeniyle kendi kurumundan alamad\u0131\u011f\u0131 d\u00f6ner sermaye \u00fccretini, Adli T\u0131p Kurumundan alabilecek.<\/p>\n<p style=\"text-align: justify;\"><a href=\"http:\/\/www.gazeteport.com.tr\/SIYASET\/NEWS\/GP_852632\" target=\"_blank\"><span style=\"color: #888888;\">Kaynak : GAZETEPORT<\/span><\/a><\/p>\n","protected":false},"excerpt":{"rendered":"<p style=\"text-align: center;\">\n<p style=\"text-align: justify;\">Cumhurba\u015fkan\u0131 Abdullah G\u00fcl, Yarg\u0131tay ve Dan\u0131\u015ftay&#8217;a yeni daireler kurulmas\u0131n\u0131 \u00f6ng\u00f6ren 6110 say\u0131l\u0131 Baz\u0131 Kanunlarda De\u011fi\u015fiklik Yap\u0131lmas\u0131na Dair Kanun&#8217;u onaylad\u0131.<\/p>\n<p style=\"text-align: justify;\">ANKARA-Yasaya g\u00f6re, Dan\u0131\u015ftay\u0131n daire say\u0131s\u0131 13&#8217;ten 15&#8217;e \u00e7\u0131kar\u0131lacak. Dan\u0131\u015ftay 14&#8217;\u00fc dava, 1&#8217;i idari daire olmak \u00fczere 15 daireden olu\u015facak. Dan\u0131\u015ftaya da 95 olan \u00fcye say\u0131s\u0131, 61 art\u0131r\u0131larak 156&#8217;ya \u00e7\u0131kar\u0131lacak. <\/p>\n","protected":false},"author":1,"featured_media":0,"comment_status":"open","ping_status":"closed","sticky":false,"template":"","format":"standard","meta":{"footnotes":""},"categories":[105],"tags":[],"class_list":["post-28266","post","type-post","status-publish","format-standard","hentry","category-gundem","odd"],"_links":{"self":[{"href":"http:\/\/www.korhanyilmaz.com\/index.php?rest_route=\/wp\/v2\/posts\/28266","targetHints":{"allow":["GET"]}}],"collection":[{"href":"http:\/\/www.korhanyilmaz.com\/index.php?rest_route=\/wp\/v2\/posts"}],"about":[{"href":"http:\/\/www.korhanyilmaz.com\/index.php?rest_route=\/wp\/v2\/types\/post"}],"author":[{"embeddable":true,"href":"http:\/\/www.korhanyilmaz.com\/index.php?rest_route=\/wp\/v2\/users\/1"}],"replies":[{"embeddable":true,"href":"http:\/\/www.korhanyilmaz.com\/index.php?rest_route=%2Fwp%2Fv2%2Fcomments&post=28266"}],"version-history":[{"count":0,"href":"http:\/\/www.korhanyilmaz.com\/index.php?rest_route=\/wp\/v2\/posts\/28266\/revisions"}],"wp:attachment":[{"href":"http:\/\/www.korhanyilmaz.com\/index.php?rest_route=%2Fwp%2Fv2%2Fmedia&parent=28266"}],"wp:term":[{"taxonomy":"category","embeddable":true,"href":"http:\/\/www.korhanyilmaz.com\/index.php?rest_route=%2Fwp%2Fv2%2Fcategories&post=28266"},{"taxonomy":"post_tag","embeddable":true,"href":"http:\/\/www.korhanyilmaz.com\/index.php?rest_route=%2Fwp%2Fv2%2Ftags&post=28266"}],"curies":[{"name":"wp","href":"https:\/\/api.w.org\/{rel}","templated":true}]}}