{"id":28261,"date":"2011-02-12T20:32:22","date_gmt":"2011-02-12T18:32:22","guid":{"rendered":"http:\/\/www.korhanyilmaz.com\/?p=28261"},"modified":"2011-02-12T20:32:22","modified_gmt":"2011-02-12T18:32:22","slug":"dolmabahcede-surpriz-zirve","status":"publish","type":"post","link":"http:\/\/www.korhanyilmaz.com\/?p=28261","title":{"rendered":"Dolmabah\u00e7e&#8217;de s\u00fcrpriz zirve!.."},"content":{"rendered":"<p style=\"text-align: center;\"><a href=\"http:\/\/www.korhanyilmaz.com\/wp-content\/uploads\/2011\/02\/325.jpg\"  class=\"lightview\"><img loading=\"lazy\" decoding=\"async\" class=\"aligncenter size-full wp-image-28262\" src=\"http:\/\/www.korhanyilmaz.com\/wp-content\/uploads\/2011\/02\/325.jpg\" alt=\"\" width=\"307\" height=\"236\" \/><\/a><\/p>\n<p style=\"text-align: justify;\">&#8220;Balyoz Davas\u0131&#8221;nda aralar\u0131nda kuvvet komutanlar\u0131n\u0131n da bulundu\u011fu 163 san\u0131k i\u00e7in tutuklama karar\u0131 verilmesinin ard\u0131ndan Ba\u015fbakan Recep Tayyip Erdo\u011fan ve Genelkurmay Ba\u015fkan\u0131 Orgeneral I\u015f\u0131k Ko\u015faner s\u00fcrpriz bir \u015fekilde Dolmabah\u00e7e&#8217;de bir araya geldi. <!--more--><\/p>\n<p style=\"text-align: justify;\">&#8220;Balyoz darbe plan\u0131&#8221; davas\u0131ndan d\u00fcn tutuklama karar\u0131 \u00e7\u0131kt\u0131.<\/p>\n<p style=\"text-align: justify;\">Aralar\u0131nda eski Deniz Kuvvetleri Komutan\u0131 emekli Oramiral \u00d6zden \u00d6rnek ve Eski Hava Kuvvetleri Komutan\u0131 emekli Orgeneral Halil \u0130brahim F\u0131rt\u0131na&#8217;n\u0131n da bulundu\u011fu 163 san\u0131k tutukland\u0131.<\/p>\n<p style=\"text-align: justify;\">29 san\u0131k hakk\u0131nda ise yakalama karar\u0131 \u00e7\u0131kar\u0131ld\u0131.<\/p>\n<p style=\"text-align: justify;\">G\u00fcndemi sarsan bu geli\u015fmenin ard\u0131ndan bug\u00fcn s\u00fcrpriz bir g\u00f6r\u00fc\u015fme ya\u015fand\u0131.<\/p>\n<p style=\"text-align: justify;\">Ba\u015fbakan Erdo\u011fan ve Genelkurmay Ba\u015fkan\u0131 Org. Ko\u015faner, Dolmabah\u00e7e&#8217;deki Ba\u015fbakanl\u0131k \u00c7al\u0131\u015fma Ofisi&#8217;nde bir araya geldi.<\/p>\n<p style=\"text-align: justify;\">Saat 18.35&#8217;te bas\u0131na kapal\u0131 olarak ba\u015flayan g\u00f6r\u00fc\u015fme, saat 19.15&#8217;te tamamland\u0131.<\/p>\n<p style=\"text-align: justify;\">Ofisten \u00e7\u0131k\u0131\u015f yapanlar aras\u0131nda Milli Savunma Bakan\u0131 Vecdi G\u00f6n\u00fcl&#8217;\u00fcn de bulundu\u011fu g\u00f6r\u00fcld\u00fc.<\/p>\n<p style=\"text-align: justify;\"><a href=\"http:\/\/www.cnnturk.com\/2011\/turkiye\/02\/12\/dolmabahcede.surpriz.zirve\/606589.0\/index.html\" target=\"_blank\"><span style=\"color: #888888;\">CNN T\u00dcRK<\/span><\/a><\/p>\n","protected":false},"excerpt":{"rendered":"<p style=\"text-align: center;\">\n<p style=\"text-align: justify;\">&#8220;Balyoz Davas\u0131&#8221;nda aralar\u0131nda kuvvet komutanlar\u0131n\u0131n da bulundu\u011fu 163 san\u0131k i\u00e7in tutuklama karar\u0131 verilmesinin ard\u0131ndan Ba\u015fbakan Recep Tayyip Erdo\u011fan ve Genelkurmay Ba\u015fkan\u0131 Orgeneral I\u015f\u0131k Ko\u015faner s\u00fcrpriz bir \u015fekilde Dolmabah\u00e7e&#8217;de bir araya geldi. <\/p>\n","protected":false},"author":1,"featured_media":0,"comment_status":"open","ping_status":"closed","sticky":false,"template":"","format":"standard","meta":{"footnotes":""},"categories":[105],"tags":[],"class_list":["post-28261","post","type-post","status-publish","format-standard","hentry","category-gundem","odd"],"_links":{"self":[{"href":"http:\/\/www.korhanyilmaz.com\/index.php?rest_route=\/wp\/v2\/posts\/28261","targetHints":{"allow":["GET"]}}],"collection":[{"href":"http:\/\/www.korhanyilmaz.com\/index.php?rest_route=\/wp\/v2\/posts"}],"about":[{"href":"http:\/\/www.korhanyilmaz.com\/index.php?rest_route=\/wp\/v2\/types\/post"}],"author":[{"embeddable":true,"href":"http:\/\/www.korhanyilmaz.com\/index.php?rest_route=\/wp\/v2\/users\/1"}],"replies":[{"embeddable":true,"href":"http:\/\/www.korhanyilmaz.com\/index.php?rest_route=%2Fwp%2Fv2%2Fcomments&post=28261"}],"version-history":[{"count":0,"href":"http:\/\/www.korhanyilmaz.com\/index.php?rest_route=\/wp\/v2\/posts\/28261\/revisions"}],"wp:attachment":[{"href":"http:\/\/www.korhanyilmaz.com\/index.php?rest_route=%2Fwp%2Fv2%2Fmedia&parent=28261"}],"wp:term":[{"taxonomy":"category","embeddable":true,"href":"http:\/\/www.korhanyilmaz.com\/index.php?rest_route=%2Fwp%2Fv2%2Fcategories&post=28261"},{"taxonomy":"post_tag","embeddable":true,"href":"http:\/\/www.korhanyilmaz.com\/index.php?rest_route=%2Fwp%2Fv2%2Ftags&post=28261"}],"curies":[{"name":"wp","href":"https:\/\/api.w.org\/{rel}","templated":true}]}}