{"id":28257,"date":"2011-02-12T16:49:07","date_gmt":"2011-02-12T14:49:07","guid":{"rendered":"http:\/\/www.korhanyilmaz.com\/?p=28257"},"modified":"2011-02-12T16:49:07","modified_gmt":"2011-02-12T14:49:07","slug":"gul-twitterda-sinema-elestirmenligi-yapti","status":"publish","type":"post","link":"http:\/\/www.korhanyilmaz.com\/?p=28257","title":{"rendered":"G\u00fcl, twitter&#8217;da sinema ele\u015ftirmenli\u011fi yapt\u0131"},"content":{"rendered":"<p style=\"text-align: justify;\"><a href=\"http:\/\/www.korhanyilmaz.com\/wp-content\/uploads\/2011\/02\/324.jpg\"  class=\"lightview\"><img loading=\"lazy\" decoding=\"async\" class=\"aligncenter size-full wp-image-28258\" src=\"http:\/\/www.korhanyilmaz.com\/wp-content\/uploads\/2011\/02\/324.jpg\" alt=\"\" width=\"400\" height=\"267\" \/><\/a>Cumhurba\u015fkan\u0131 Abdullah G\u00fcl&#8217;\u00fcn twitter&#8217;da payla\u015ft\u0131\u011f\u0131 bir mesaj sanal alemi kar\u0131\u015ft\u0131rd\u0131.<\/p>\n<p style=\"text-align: justify;\">G\u00fcl, \u2018cbabdullahgul\u2019 ismiyle bu ak\u015fam\u00fczeri twitter\u2019dan \u00fc\u00e7 konu \u00fczerine yorum yapt\u0131. \u0130ran\u2019a bir iadei ziyarette bulunaca\u011f\u0131n\u0131 ve yeni sa\u011fl\u0131k d\u00fczenlemeleriyle ilgili Sa\u011fl\u0131k Bakan\u0131\u2019yla g\u00f6r\u00fc\u015fece\u011fini s\u00f6yleyen Cumhurba\u015fkan\u0131, e\u015fiyle birlikte bir film izlediklerini ve filmin ger\u00e7ekten g\u00fczel bir film oldu\u011funu da yazd\u0131. <!--more--><\/p>\n<p style=\"text-align: justify;\"><strong>F\u0130LM HEN\u00dcZ V\u0130ZYONA G\u0130RMED\u0130<\/strong><\/p>\n<p style=\"text-align: justify;\">Twitter\u2019\u0131 kar\u0131\u015ft\u0131ran da, Cumhurba\u015fkan\u0131\u2019n\u0131n izledi\u011fi bu film oldu. G\u00fcl ve e\u015finin evde izlediklerini s\u00f6yledi\u011fi film, ba\u015frollerini Helena Bonham Carter, Colin Firth ve Geoffrey Rush\u2019\u0131n payla\u015ft\u0131\u011f\u0131 ve Oscar\u2019\u0131n en g\u00fc\u00e7l\u00fc adaylar\u0131ndan The King&#8217;s Speech. G\u00fcl twitter&#8217;da \u201cGe\u00e7en g\u00fcn e\u015fimle beraber evde The King&#8217;s Speech filmini izledik. Ger\u00e7ekten \u00e7ok g\u00fczel bir film. Filmin \u00e7ok konu\u015fulaca\u011f\u0131n\u0131 ve bir\u00e7ok \u00f6d\u00fcl alaca\u011f\u0131n\u0131 tahmin ediyorum.\u201d diye yazd\u0131.<\/p>\n<p style=\"text-align: justify;\">Bas\u0131n g\u00f6sterimi ge\u00e7ti\u011fimiz hafta yap\u0131lan film T\u00fcrkiye\u2019de 18 \u015eubat\u2019ta vizyona girmeye haz\u0131rlan\u0131yor. Yani sinema yazarlar\u0131 d\u0131\u015f\u0131nda filmi sadece korsan kopya sahipleri izleyebiliyor. Filmin DVD\u2019si ise, ABD\u2019de Nisan ay\u0131nda piyasaya \u00e7\u0131kacak.<\/p>\n<p style=\"text-align: justify;\">Bu durum da, twitter\u2019da Cumhurba\u015fkan\u0131\u2019n\u0131 takip eden onlarca ki\u015finin akl\u0131na ayn\u0131 soruyu getirdi: Cumhurba\u015fkan\u0131 i\u00e7in \u00f6zel bir g\u00f6sterim mi yap\u0131ld\u0131 yoksa G\u00fcl ve e\u015fi filmi korsan kopyadan m\u0131 izledi?<\/p>\n<p style=\"text-align: justify;\">Radikal bu soruyu Cumhurba\u015fkanl\u0131\u011f\u0131 yetkililerine de sordu. Ancak \u00c7ankaya bu konuda hen\u00fcz bir a\u00e7\u0131klama yapmad\u0131.<\/p>\n<p style=\"text-align: justify;\"><a href=\"http:\/\/www.radikal.com.tr\/Radikal.aspx?aType=RadikalDetayV3&amp;ArticleID=1039771&amp;Date=12.02.2011&amp;CategoryID=79\" target=\"_blank\">Kaynak : Radikal<\/a><\/p>\n","protected":false},"excerpt":{"rendered":"<p style=\"text-align: justify;\">Cumhurba\u015fkan\u0131 Abdullah G\u00fcl&#8217;\u00fcn twitter&#8217;da payla\u015ft\u0131\u011f\u0131 bir mesaj sanal alemi kar\u0131\u015ft\u0131rd\u0131.<\/p>\n<p style=\"text-align: justify;\">G\u00fcl, \u2018cbabdullahgul\u2019 ismiyle bu ak\u015fam\u00fczeri twitter\u2019dan \u00fc\u00e7 konu \u00fczerine yorum yapt\u0131. \u0130ran\u2019a bir iadei ziyarette bulunaca\u011f\u0131n\u0131 ve yeni sa\u011fl\u0131k d\u00fczenlemeleriyle ilgili Sa\u011fl\u0131k Bakan\u0131\u2019yla g\u00f6r\u00fc\u015fece\u011fini s\u00f6yleyen Cumhurba\u015fkan\u0131, e\u015fiyle birlikte bir film izlediklerini ve filmin ger\u00e7ekten g\u00fczel bir film oldu\u011funu da yazd\u0131. <\/p>\n","protected":false},"author":1,"featured_media":0,"comment_status":"open","ping_status":"closed","sticky":false,"template":"","format":"standard","meta":{"footnotes":""},"categories":[105],"tags":[],"class_list":["post-28257","post","type-post","status-publish","format-standard","hentry","category-gundem","odd"],"_links":{"self":[{"href":"http:\/\/www.korhanyilmaz.com\/index.php?rest_route=\/wp\/v2\/posts\/28257","targetHints":{"allow":["GET"]}}],"collection":[{"href":"http:\/\/www.korhanyilmaz.com\/index.php?rest_route=\/wp\/v2\/posts"}],"about":[{"href":"http:\/\/www.korhanyilmaz.com\/index.php?rest_route=\/wp\/v2\/types\/post"}],"author":[{"embeddable":true,"href":"http:\/\/www.korhanyilmaz.com\/index.php?rest_route=\/wp\/v2\/users\/1"}],"replies":[{"embeddable":true,"href":"http:\/\/www.korhanyilmaz.com\/index.php?rest_route=%2Fwp%2Fv2%2Fcomments&post=28257"}],"version-history":[{"count":0,"href":"http:\/\/www.korhanyilmaz.com\/index.php?rest_route=\/wp\/v2\/posts\/28257\/revisions"}],"wp:attachment":[{"href":"http:\/\/www.korhanyilmaz.com\/index.php?rest_route=%2Fwp%2Fv2%2Fmedia&parent=28257"}],"wp:term":[{"taxonomy":"category","embeddable":true,"href":"http:\/\/www.korhanyilmaz.com\/index.php?rest_route=%2Fwp%2Fv2%2Fcategories&post=28257"},{"taxonomy":"post_tag","embeddable":true,"href":"http:\/\/www.korhanyilmaz.com\/index.php?rest_route=%2Fwp%2Fv2%2Ftags&post=28257"}],"curies":[{"name":"wp","href":"https:\/\/api.w.org\/{rel}","templated":true}]}}