{"id":28251,"date":"2011-02-12T15:36:25","date_gmt":"2011-02-12T13:36:25","guid":{"rendered":"http:\/\/www.korhanyilmaz.com\/?p=28251"},"modified":"2011-02-12T15:36:25","modified_gmt":"2011-02-12T13:36:25","slug":"asker-yakinlari-yolu-kapatti","status":"publish","type":"post","link":"http:\/\/www.korhanyilmaz.com\/?p=28251","title":{"rendered":"Asker yak\u0131nlar\u0131 yolu kapatt\u0131"},"content":{"rendered":"<p style=\"text-align: justify;\"><a href=\"http:\/\/www.korhanyilmaz.com\/wp-content\/uploads\/2011\/02\/323.jpg\"  class=\"lightview\"><img loading=\"lazy\" decoding=\"async\" class=\"aligncenter size-full wp-image-28252\" src=\"http:\/\/www.korhanyilmaz.com\/wp-content\/uploads\/2011\/02\/323.jpg\" alt=\"\" width=\"360\" height=\"288\" \/><\/a><\/p>\n<p style=\"text-align: justify;\">Genelkurmay Ba\u015fkan\u0131 Org. Ko\u015faner Balyoz Davas\u0131nda haklar\u0131nda tutuklama karar\u0131 \u00e7\u0131kar\u0131lan san\u0131klar\u0131n yak\u0131nlar\u0131yla bulu\u015ftu. harbiye Orduevi&#8217;ndeki g\u00f6r\u00fc\u015fme hala devam ediyor.<!--more--><\/p>\n<p style=\"text-align: justify;\">&#8220;Balyoz&#8221; davas\u0131 kapsam\u0131nda haklar\u0131nda yakalama ve tutuklama karar\u0131 verilen san\u0131klar\u0131n yak\u0131nlar\u0131 Be\u015fikta\u015f\u2019taki \u0130stanbul Adliyesi \u00f6n\u00fcnde eylem yapt\u0131. Yakla\u015f\u0131k 100 ki\u015filik grup, saat 13.00 s\u0131ralar\u0131nda adliye \u00f6n\u00fcnde biraraya geldi.Grup, adliye \u00f6n\u00fcndeki \u00c7\u0131ra\u011fan Caddesi\u2019ni bir s\u00fcre trafi\u011fe kapatarak karara tepki g\u00f6sterdi. Grup daha sonra, &#8220;T\u00fcrkiye laiktir, laik kalacak&#8221; sloganlar\u0131 atarak alk\u0131\u015fla tepkilerini dile getirdi. Eylem yakla\u015f\u0131k 15 dakika s\u00fcrd\u00fc. \u00d6te yandan Balyoz Davas\u0131\u2019nda haklar\u0131nda yakalama karar\u0131 \u00e7\u0131kar\u0131lar bir grup asker, adliyeye geldi.<\/p>\n<p style=\"text-align: justify;\"><strong>ORG. KO\u015eANER SANIK YAKINLARIYLA BULU\u015eTU<\/strong><\/p>\n<p style=\"text-align: justify;\">Bu arada saat 14:15 civar\u0131nda Harbiye Orduevi&#8217;ne gelen Genelkurmay Ba\u015fkan\u0131 Org. I\u015f\u0131k Ko\u015faner tutuklama karar\u0131 \u00e7\u0131kar\u0131lan Balyoz Davas\u0131 san\u0131klar\u0131n\u0131n yak\u0131nlar\u0131yla bulu\u015ftu. G\u00f6r\u00fc\u015fmenin hala s\u00fcrd\u00fc\u011f\u00fc \u00f6\u011frenildi.<\/p>\n<p style=\"text-align: justify;\"><strong>ORDUEV\u0130 \u00d6N\u00dcNDE EYLEM<\/strong><\/p>\n<p style=\"text-align: justify;\">\u0130\u015f\u00e7i Partisi (\u0130P) \u0130stanbul \u0130l \u00d6rg\u00fct\u00fc, &#8216;Balyoz G\u00fcvenlik Harekat Plan\u0131\u2019 kapsam\u0131nda g\u00f6r\u00fclen davada, 163 subay hakk\u0131nda al\u0131nan tutuklama karar\u0131n\u0131 protesto etti. Tutuklamalar\u0131n T\u00fcrk Ordusu\u2019nu hedef ald\u0131\u011f\u0131n\u0131 \u00f6ne s\u00fcren \u0130\u015f\u00e7i Partisi Genel Ba\u015fkan Yard\u0131mc\u0131s\u0131 Erkan \u00d6nsel, &#8220;Hukuk, guguk olmu\u015ftur. Amerikan Gladyosu\u2019nun sava\u015f hukuku y\u00fcr\u00fcrl\u00fcktedir. Orduya ve millete kar\u015f\u0131 bir amerikan darbesi yap\u0131l\u0131yor&#8221; dedi.<\/p>\n<p style=\"text-align: justify;\">Fenerbah\u00e7e Orduevi \u00f6n\u00fcnde toplanan \u0130\u015f\u00e7i Partisi \u0130stanbul \u0130l \u00d6rg\u00fct\u00fc \u00fcyesi yakla\u015f\u0131k 300 ki\u015fi, &#8220;Halk\u0131m\u0131z orduya sahip \u00e7\u0131k\u0131yor&#8221; , &#8220;Ordu millet el ele tam ba\u011f\u0131ms\u0131z T\u00fcrkiye&#8221; ve &#8220;Amerikan u\u015fa\u011f\u0131 y\u0131ld\u0131r\u0131maz bizleri&#8221; yaz\u0131l\u0131 pankartlar\u0131 a\u00e7t\u0131. Ellerinde &#8220;ABD; AKP y\u0131k\u0131lacak, T\u00fcrkiye kazanacak&#8221; , &#8220;Yurtseverler serbest b\u0131rak\u0131ls\u0131n&#8221; , &#8220;T\u00fcrk Ordusu\u2019na darbeye son&#8221; , &#8220;Mustafa Kemal\u2019in askerleriyiz&#8221; , &#8220;ABD ka\u011f\u0131ttan kaplan, AKP ka\u011f\u0131ttan kukla&#8221; , &#8220;Ergenekon, Kafes, Balyoz amerikan yalan\u0131&#8221; ve &#8220;Komutanlar\u0131 tutuklayan S\u00fcpernato\u2019dur. Nato\u2019dan \u00e7\u0131kal\u0131m&#8221; yaz\u0131l\u0131 d\u00f6vizler ta\u015f\u0131yan topluluk, caddeden otomobilleriyle ge\u00e7en vatanda\u015flardan klakson \u00e7alarak protestoya destek vermelerini istedi.<\/p>\n<p style=\"text-align: justify;\"><strong>Ak Parti&#8217;YE PROTESTO<\/strong><\/p>\n<p style=\"text-align: justify;\">T\u00fcrkiye Gen\u00e7lik Birli\u011fi (TGB) \u00fcyeleri, \u201cBalyoz Darbe Plan\u0131\u201d davas\u0131nda eski kuvvet komutanlar\u0131n\u0131n tutuklanmas\u0131na tepki amac\u0131yla Ak Parti Ankara \u0130l Ba\u015fkanl\u0131\u011f\u0131 binas\u0131 \u00f6n\u00fcnde eylem yapt\u0131.<\/p>\n<p style=\"text-align: justify;\">Ellerinde \u00e7uvallarla Ak Parti \u0130l Ba\u015fkanl\u0131\u011f\u0131na y\u00fcr\u00fcyen TGB \u00fcyeleri, polis taraf\u0131ndan durduruldu. Gruptakiler, burada \u00e7e\u015fitli sloganlar att\u0131.<\/p>\n<p style=\"text-align: justify;\"><a href=\"http:\/\/haber.gazetevatan.com\/asker-yakinlari-yolu-kapatti\/358895\/1\/Gundem\" target=\"_blank\"><span style=\"color: #888888;\">Kaynak : VATAN<\/span><\/a><\/p>\n","protected":false},"excerpt":{"rendered":"<p style=\"text-align: justify;\">\n<p style=\"text-align: justify;\">Genelkurmay Ba\u015fkan\u0131 Org. Ko\u015faner Balyoz Davas\u0131nda haklar\u0131nda tutuklama karar\u0131 \u00e7\u0131kar\u0131lan san\u0131klar\u0131n yak\u0131nlar\u0131yla bulu\u015ftu. harbiye Orduevi&#8217;ndeki g\u00f6r\u00fc\u015fme hala devam ediyor.<\/p>\n","protected":false},"author":1,"featured_media":0,"comment_status":"open","ping_status":"closed","sticky":false,"template":"","format":"standard","meta":{"footnotes":""},"categories":[105],"tags":[],"class_list":["post-28251","post","type-post","status-publish","format-standard","hentry","category-gundem","odd"],"_links":{"self":[{"href":"http:\/\/www.korhanyilmaz.com\/index.php?rest_route=\/wp\/v2\/posts\/28251","targetHints":{"allow":["GET"]}}],"collection":[{"href":"http:\/\/www.korhanyilmaz.com\/index.php?rest_route=\/wp\/v2\/posts"}],"about":[{"href":"http:\/\/www.korhanyilmaz.com\/index.php?rest_route=\/wp\/v2\/types\/post"}],"author":[{"embeddable":true,"href":"http:\/\/www.korhanyilmaz.com\/index.php?rest_route=\/wp\/v2\/users\/1"}],"replies":[{"embeddable":true,"href":"http:\/\/www.korhanyilmaz.com\/index.php?rest_route=%2Fwp%2Fv2%2Fcomments&post=28251"}],"version-history":[{"count":0,"href":"http:\/\/www.korhanyilmaz.com\/index.php?rest_route=\/wp\/v2\/posts\/28251\/revisions"}],"wp:attachment":[{"href":"http:\/\/www.korhanyilmaz.com\/index.php?rest_route=%2Fwp%2Fv2%2Fmedia&parent=28251"}],"wp:term":[{"taxonomy":"category","embeddable":true,"href":"http:\/\/www.korhanyilmaz.com\/index.php?rest_route=%2Fwp%2Fv2%2Fcategories&post=28251"},{"taxonomy":"post_tag","embeddable":true,"href":"http:\/\/www.korhanyilmaz.com\/index.php?rest_route=%2Fwp%2Fv2%2Ftags&post=28251"}],"curies":[{"name":"wp","href":"https:\/\/api.w.org\/{rel}","templated":true}]}}