{"id":28248,"date":"2011-02-12T16:45:31","date_gmt":"2011-02-12T14:45:31","guid":{"rendered":"http:\/\/www.korhanyilmaz.com\/?p=28248"},"modified":"2011-02-12T16:45:31","modified_gmt":"2011-02-12T14:45:31","slug":"bahceli-fitil-fitil-burunlarindan-getirecegim","status":"publish","type":"post","link":"http:\/\/www.korhanyilmaz.com\/?p=28248","title":{"rendered":"Bah\u00e7eli: Fitil fitil burunlar\u0131ndan getirece\u011fim"},"content":{"rendered":"<p style=\"text-align: justify;\"><a href=\"http:\/\/www.korhanyilmaz.com\/wp-content\/uploads\/2011\/02\/322.jpg\"  class=\"lightview\"><img loading=\"lazy\" decoding=\"async\" class=\"aligncenter size-full wp-image-28249\" src=\"http:\/\/www.korhanyilmaz.com\/wp-content\/uploads\/2011\/02\/322.jpg\" alt=\"\" width=\"292\" height=\"187\" \/><\/a><\/p>\n<p style=\"text-align: justify;\">MHP Genel Ba\u015fkan\u0131 Devlet Bah\u00e7eli, &#8220;\u0130ktidara geldi\u011fimiz zaman iki \u015feyi yapaca\u011f\u0131m; birincisi TOK\u0130&#8217;nin \u015fimdiye kadar yapt\u0131\u011f\u0131 b\u00fct\u00fcn \u00e7al\u0131\u015fmalar\u0131 didik didik inceleyece\u011fim, ikincisi h\u00fck\u00fcmetin kademelerinde g\u00f6rev alan AKP&#8217;lilerin b\u00fct\u00fcn mal varl\u0131klar\u0131n\u0131 inceleyece\u011fim. Fitil fitil burunlar\u0131ndan getirece\u011fim&#8221; dedi. <!--more--><\/p>\n<p style=\"text-align: justify;\">Bah\u00e7eli, partisinin Ni\u011fde il ba\u015fkanl\u0131\u011f\u0131 \u00f6n\u00fcnde vatanda\u015flara hitap etti.<\/p>\n<p style=\"text-align: justify;\">MHP&#8217;nin siyasi m\u00fccadelesinde Ni\u011fde&#8217;nin ayr\u0131 bir \u00f6nemi oldu\u011funu belirten Bah\u00e7eli, &#8220;MHP&#8217;nin k\u00f6kle\u015fmesi ve geli\u015fmesi Ni\u011fde&#8217;nin katk\u0131lar\u0131yla olmu\u015ftur&#8221; diye konu\u015ftu.<\/p>\n<p style=\"text-align: justify;\">Hen\u00fcz se\u00e7im takviminin belli olmad\u0131\u011f\u0131n\u0131 ama se\u00e7imin b\u00fcy\u00fck \u00f6l\u00e7\u00fcde haziran ay\u0131nda yap\u0131laca\u011f\u0131n\u0131 ifade eden Bah\u00e7eli, se\u00e7imlere y\u00fcksek kat\u0131l\u0131m olmas\u0131n\u0131 temenni etti.<\/p>\n<p style=\"text-align: justify;\">Yaz aylar\u0131nda yap\u0131lan se\u00e7imlere kat\u0131l\u0131m\u0131n az oldu\u011funa dikkati \u00e7eken Bah\u00e7eli, \u015funlar\u0131 s\u00f6yledi:<\/p>\n<p style=\"text-align: justify;\">&#8220;Belli b\u00f6lgeler yaz tatiline gidiyor, \u00e7ift\u00e7imiz, k\u00f6yl\u00fcm\u00fcz tarlada oluyor. Okullar kapan\u0131nca se\u00e7men memleketine gidiyor. B\u00fct\u00fcn bunlar se\u00e7imlerin y\u00fcksek kat\u0131l\u0131mla ger\u00e7ekle\u015fmesine engel oluyor. Se\u00e7imlerin 29 May\u0131s&#8217;ta olmas\u0131 gerekir.<\/p>\n<p style=\"text-align: justify;\">Bu se\u00e7im kader se\u00e7imi olacakt\u0131r. AKP iktidar\u0131 millete i\u015fsizlik, yoksulluk ve yolsuzluk sunmu\u015ftur. MHP olarak bunlar\u0131 yenmeye s\u00f6z veriyorum. \u0130ktidara geldi\u011fimiz zaman iki \u015feyi yapaca\u011f\u0131m; birincisi TOK\u0130&#8217;nin \u015fimdiye kadar yapt\u0131\u011f\u0131 b\u00fct\u00fcn \u00e7al\u0131\u015fmalar\u0131 didik didik inceleyece\u011fim, ikincisi h\u00fck\u00fcmetin kademelerinde g\u00f6rev alan AKP&#8217;lilerin b\u00fct\u00fcn mal varl\u0131klar\u0131n\u0131 inceleyece\u011fim. Fitil fitil burunlar\u0131ndan getirece\u011fim, bunun i\u00e7in \u015ferefim \u00fczerine s\u00f6z veriyorum.&#8221;<\/p>\n<p style=\"text-align: justify;\">Altunhisar il\u00e7esinde de H\u00fck\u00fcmet Meydan\u0131&#8217;nda vatanda\u015flara seslenen Bah\u00e7eli, bu se\u00e7imlerin temel tercihlerin yeniden g\u00f6zden ge\u00e7irilece\u011fi se\u00e7im olaca\u011f\u0131n\u0131, millet iradesiyle iktidara gelenlerin millet iradesiyle geri g\u00f6nderilece\u011fini s\u00f6yledi.<\/p>\n<p style=\"text-align: justify;\">Vatanda\u015flardan se\u00e7ime kat\u0131lmalar\u0131n\u0131 isteyen Bah\u00e7eli, &#8220;Bu se\u00e7im AKP&#8217;nin iktidardan uzakla\u015ft\u0131\u011f\u0131 se\u00e7imdir. \u0130\u015fsizlik, yoksulluk ve yolsuzluk gibi toplumumuzun temel ekonomik sorunlar\u0131n\u0131n tedavi edilmeyerek, sadece yanda\u015f ve yolda\u015flar\u0131n\u0131 besleyen iktidar\u0131n sonu olacakt\u0131r. Y\u0131llardan beri devam eden, b\u00f6l\u00fcc\u00fc ter\u00f6r\u00fcn de k\u00f6k\u00fcn\u00fcn kaz\u0131naca\u011f\u0131 bir se\u00e7im olarak \u00f6nem arz edecektir&#8221; dedi.<\/p>\n<p style=\"text-align: justify;\">Bor il\u00e7esinde de partisinin il\u00e7e ba\u015fkanl\u0131\u011f\u0131 \u00f6n\u00fcnde vatanda\u015flara hitap eden Bah\u00e7eli, MHP olarak se\u00e7ime y\u00f6nelik haz\u0131rl\u0131klar\u0131n\u0131 tamamlad\u0131klar\u0131n\u0131, il il, il\u00e7e il\u00e7e gezerek iktidara geldiklerinde neler yapacaklar\u0131n\u0131 anlatt\u0131klar\u0131n\u0131 belirtti.<\/p>\n<p style=\"text-align: justify;\">Sekiz y\u0131l\u0131 a\u015fk\u0131n s\u00fcredir iktidarda olan AK Parti&#8217;nin vaatlerini yerine getirmedi\u011fini \u00f6ne s\u00fcren Bah\u00e7eli, \u015f\u00f6yle konu\u015ftu:<\/p>\n<p style=\"text-align: justify;\">&#8220;Tek ba\u015f\u0131na iktidar olan AKP, milletimize ne vaat etmi\u015fse onu yapmaya say\u0131sal olarak da imkan\u0131 varken bekleneni vermemi\u015f, s\u00f6zlerini yerine getirmemi\u015ftir. 8 y\u0131ld\u0131r tek ba\u015f\u0131na iktidar olan AKP, bug\u00fcn \u00fclkeye dert \u00fcst\u00fcne dert eklemi\u015ftir. T\u00fcrkiye&#8217;yi yol ayr\u0131m\u0131nda b\u0131rakm\u0131\u015ft\u0131r.<\/p>\n<p style=\"text-align: justify;\">AKP&#8217;lilere buradan sesleniyorum: 8 y\u0131l iktidar oldunuz. 341 milletvekili ile y\u00fczde 46,8 ile iktidar oldunuz ne yapt\u0131n\u0131z? K\u0131rm\u0131z\u0131 hal\u0131lar \u00fczerinde, ba\u015fbakanl\u0131\u011f\u0131n jetiyle t\u00f6rene geliyorsunuz ayn\u0131 anda temel at\u0131yor, ayn\u0131 anda a\u00e7\u0131l\u0131\u015f yap\u0131yorsunuz. Televizyonlardaki yanda\u015flar\u0131n\u0131z da bunun propagandas\u0131n\u0131 yap\u0131yor. Sabahtan ak\u015fama kadar dizi film gibi bunu seyrettiriyorsunuz. Bu kadar a\u00e7\u0131l\u0131\u015f yapt\u0131n\u0131z, bu kadar temel att\u0131n\u0131z, i\u015fsizli\u011fe \u00e7are buldunuz mu?&#8221;<\/p>\n<p style=\"text-align: justify;\"><a href=\"http:\/\/www.cnnturk.com\/2011\/turkiye\/02\/12\/bahceli.fitil.fitil.burunlarindan.getirecegim\/606582.0\/index.html\" target=\"_blank\"><span style=\"color: #888888;\">CNN T\u00dcRK<\/span><\/a><\/p>\n","protected":false},"excerpt":{"rendered":"<p style=\"text-align: justify;\">\n<p style=\"text-align: justify;\">MHP Genel Ba\u015fkan\u0131 Devlet Bah\u00e7eli, &#8220;\u0130ktidara geldi\u011fimiz zaman iki \u015feyi yapaca\u011f\u0131m; birincisi TOK\u0130&#8217;nin \u015fimdiye kadar yapt\u0131\u011f\u0131 b\u00fct\u00fcn \u00e7al\u0131\u015fmalar\u0131 didik didik inceleyece\u011fim, ikincisi h\u00fck\u00fcmetin kademelerinde g\u00f6rev alan AKP&#8217;lilerin b\u00fct\u00fcn mal varl\u0131klar\u0131n\u0131 inceleyece\u011fim. Fitil fitil burunlar\u0131ndan getirece\u011fim&#8221; dedi. <\/p>\n","protected":false},"author":1,"featured_media":0,"comment_status":"open","ping_status":"closed","sticky":false,"template":"","format":"standard","meta":{"footnotes":""},"categories":[105],"tags":[],"class_list":["post-28248","post","type-post","status-publish","format-standard","hentry","category-gundem","odd"],"_links":{"self":[{"href":"http:\/\/www.korhanyilmaz.com\/index.php?rest_route=\/wp\/v2\/posts\/28248","targetHints":{"allow":["GET"]}}],"collection":[{"href":"http:\/\/www.korhanyilmaz.com\/index.php?rest_route=\/wp\/v2\/posts"}],"about":[{"href":"http:\/\/www.korhanyilmaz.com\/index.php?rest_route=\/wp\/v2\/types\/post"}],"author":[{"embeddable":true,"href":"http:\/\/www.korhanyilmaz.com\/index.php?rest_route=\/wp\/v2\/users\/1"}],"replies":[{"embeddable":true,"href":"http:\/\/www.korhanyilmaz.com\/index.php?rest_route=%2Fwp%2Fv2%2Fcomments&post=28248"}],"version-history":[{"count":0,"href":"http:\/\/www.korhanyilmaz.com\/index.php?rest_route=\/wp\/v2\/posts\/28248\/revisions"}],"wp:attachment":[{"href":"http:\/\/www.korhanyilmaz.com\/index.php?rest_route=%2Fwp%2Fv2%2Fmedia&parent=28248"}],"wp:term":[{"taxonomy":"category","embeddable":true,"href":"http:\/\/www.korhanyilmaz.com\/index.php?rest_route=%2Fwp%2Fv2%2Fcategories&post=28248"},{"taxonomy":"post_tag","embeddable":true,"href":"http:\/\/www.korhanyilmaz.com\/index.php?rest_route=%2Fwp%2Fv2%2Ftags&post=28248"}],"curies":[{"name":"wp","href":"https:\/\/api.w.org\/{rel}","templated":true}]}}