{"id":28243,"date":"2011-02-12T15:12:30","date_gmt":"2011-02-12T13:12:30","guid":{"rendered":"http:\/\/www.korhanyilmaz.com\/?p=28243"},"modified":"2011-02-12T15:12:30","modified_gmt":"2011-02-12T13:12:30","slug":"mhpli-vural-balyoz-davasi-borsa-gibi","status":"publish","type":"post","link":"http:\/\/www.korhanyilmaz.com\/?p=28243","title":{"rendered":"MHP&#8217;li Vural: &#8220;Balyoz davas\u0131 borsa gibi&#8221;"},"content":{"rendered":"<p style=\"text-align: justify;\"><a href=\"http:\/\/www.korhanyilmaz.com\/wp-content\/uploads\/2011\/02\/321.jpg\"  class=\"lightview\"><img loading=\"lazy\" decoding=\"async\" class=\"aligncenter size-full wp-image-28244\" src=\"http:\/\/www.korhanyilmaz.com\/wp-content\/uploads\/2011\/02\/321.jpg\" alt=\"\" width=\"292\" height=\"203\" \/><\/a><\/p>\n<p style=\"text-align: justify;\">MHP Grup Ba\u015fkanvekili Oktay Vural, &#8220;Balyoz Plan\u0131&#8221; davas\u0131 kapsam\u0131ndaki tutuklamalara ili\u015fkin, &#8220;Biz davalar\u0131n ne avukat\u0131y\u0131z ne savc\u0131s\u0131y\u0131z. Arad\u0131\u011f\u0131m\u0131z tek \u015fey hak ve hakikat. Bu tutuklamalar biraz da borsa gibi oldu. Ne zaman nerede ne olaca\u011f\u0131 bilinmiyor&#8221; dedi.<!--more--><\/p>\n<p style=\"text-align: justify;\">\u0130zmir&#8217;de bulunan MHP&#8217;li Vural, &#8220;Balyoz Plan\u0131&#8221; davas\u0131ndaki tutuklamalara ili\u015fkin sorular\u0131 yan\u0131tlad\u0131.<\/p>\n<p style=\"text-align: justify;\">Vural, &#8220;Biz davalar\u0131n ne avukat\u0131y\u0131z ne savc\u0131s\u0131y\u0131z. Arad\u0131\u011f\u0131m\u0131z tek \u015fey vard\u0131r hak ve hakikat. Bu tutuklamalar biraz da borsa gibi oldu. Ne zaman nerede ne olaca\u011f\u0131 bilinmiyor. Ama vatanda\u015flar\u0131m\u0131z\u0131n akl\u0131 kar\u0131\u015f\u0131k. Herkesin kafas\u0131 kar\u0131\u015f\u0131k. Adaletin bir an \u00f6nce tecelli etmesi ve yarg\u0131n\u0131n siyasal bir ara\u00e7 olarak kullan\u0131lmamas\u0131 ve siyasile\u015ftirilmemesi gerekmektedir. S\u00fcreci takip ediyoruz&#8221; dedi.<\/p>\n<p style=\"text-align: justify;\">&#8220;Hi\u00e7 kimsenin zul\u00fcmle, haks\u0131zl\u0131kla kar\u015f\u0131la\u015fmas\u0131n\u0131 istemeyiz&#8221; diyen Vural, &#8220;Hak nam\u0131na haks\u0131zl\u0131\u011fa tapanlardan de\u011filiz. Hakk\u0131n, hakikatin, adaletin pe\u015findeyiz. Hepimiz bunu aramal\u0131y\u0131z. Davalar\u0131 siyasile\u015ftirmek, davalar\u0131 siyasi taraflar haline d\u00f6n\u00fc\u015ft\u00fcrmek do\u011fru bir \u015fey de\u011fildir. Yapmam\u0131z gereken ger\u00e7e\u011fin bir an \u00f6nce ortaya \u00e7\u0131kmas\u0131n\u0131 temin etmektir&#8221; dedi.<\/p>\n<p style=\"text-align: justify;\"><strong>&#8220;Se\u00e7imler mert\u00e7e olsun&#8221; <\/strong><\/p>\n<p style=\"text-align: justify;\">Milletin topunun t\u00fcfe\u011finin olmad\u0131\u011f\u0131n\u0131, tek g\u00fcc\u00fcn\u00fcn oy oldu\u011funu, oyun iyi kullan\u0131lmas\u0131 halinde sorunlar\u0131n \u00e7\u00f6z\u00fclece\u011fini dile getiren Vural, &#8220;Se\u00e7imlerin mert\u00e7e olmas\u0131n\u0131 istiyoruz, namert\u00e7e de\u011fil. Ma\u011fduriyet ve g\u00f6zya\u015f\u0131 edebiyat\u0131na ba\u011fl\u0131 pazarlamalarla de\u011fil, Davos kahramanlar\u0131 eksenindeki pazarlamalarla de\u011fil, er meydan\u0131nda bu milletin sorunlar\u0131n\u0131 tart\u0131\u015farak se\u00e7imlere gitmek istiyoruz&#8221; dedi.<\/p>\n<p style=\"text-align: justify;\">Vural, &#8220;Anadolu&#8217;nun her yerini geziyorum. Art\u0131k AKP&#8217;den d\u00f6nme vakti gelmi\u015f, tela\u015f ondan. Bunlar anketler yapt\u0131r\u0131yorlar, peki bu tela\u015f neden? Gece yar\u0131s\u0131 kanunlar \u00e7\u0131kartmalar, bunlar gidici. Abbas yolcu gidiyor. O bak\u0131mdan tek ba\u015f\u0131na iktidar yok art\u0131k. Biz buna inan\u0131yoruz ve ger\u00e7ekten art\u0131k h\u00fcrriyetimize, kimli\u011fimize, mal\u0131m\u0131za, hakk\u0131m\u0131za uzanan bu iradeye haddini bildirmenin yolu da yine demokrasiden ge\u00e7iyor. Ya\u015fas\u0131n demokrasi, ya\u015fas\u0131n millet iradesi&#8221; diye konu\u015ftu.<\/p>\n<p style=\"text-align: justify;\"><a href=\"http:\/\/www.cnnturk.com\/2011\/turkiye\/02\/12\/mhpli.vural.balyoz.davasi.borsa.gibi\/606566.0\/index.html\" target=\"_blank\"><span style=\"color: #888888;\">CNN T\u00dcRK<\/span><\/a><\/p>\n","protected":false},"excerpt":{"rendered":"<p style=\"text-align: justify;\">\n<p style=\"text-align: justify;\">MHP Grup Ba\u015fkanvekili Oktay Vural, &#8220;Balyoz Plan\u0131&#8221; davas\u0131 kapsam\u0131ndaki tutuklamalara ili\u015fkin, &#8220;Biz davalar\u0131n ne avukat\u0131y\u0131z ne savc\u0131s\u0131y\u0131z. Arad\u0131\u011f\u0131m\u0131z tek \u015fey hak ve hakikat. Bu tutuklamalar biraz da borsa gibi oldu. Ne zaman nerede ne olaca\u011f\u0131 bilinmiyor&#8221; dedi.<\/p>\n","protected":false},"author":1,"featured_media":0,"comment_status":"open","ping_status":"closed","sticky":false,"template":"","format":"standard","meta":{"footnotes":""},"categories":[105],"tags":[],"class_list":["post-28243","post","type-post","status-publish","format-standard","hentry","category-gundem","odd"],"_links":{"self":[{"href":"http:\/\/www.korhanyilmaz.com\/index.php?rest_route=\/wp\/v2\/posts\/28243","targetHints":{"allow":["GET"]}}],"collection":[{"href":"http:\/\/www.korhanyilmaz.com\/index.php?rest_route=\/wp\/v2\/posts"}],"about":[{"href":"http:\/\/www.korhanyilmaz.com\/index.php?rest_route=\/wp\/v2\/types\/post"}],"author":[{"embeddable":true,"href":"http:\/\/www.korhanyilmaz.com\/index.php?rest_route=\/wp\/v2\/users\/1"}],"replies":[{"embeddable":true,"href":"http:\/\/www.korhanyilmaz.com\/index.php?rest_route=%2Fwp%2Fv2%2Fcomments&post=28243"}],"version-history":[{"count":0,"href":"http:\/\/www.korhanyilmaz.com\/index.php?rest_route=\/wp\/v2\/posts\/28243\/revisions"}],"wp:attachment":[{"href":"http:\/\/www.korhanyilmaz.com\/index.php?rest_route=%2Fwp%2Fv2%2Fmedia&parent=28243"}],"wp:term":[{"taxonomy":"category","embeddable":true,"href":"http:\/\/www.korhanyilmaz.com\/index.php?rest_route=%2Fwp%2Fv2%2Fcategories&post=28243"},{"taxonomy":"post_tag","embeddable":true,"href":"http:\/\/www.korhanyilmaz.com\/index.php?rest_route=%2Fwp%2Fv2%2Ftags&post=28243"}],"curies":[{"name":"wp","href":"https:\/\/api.w.org\/{rel}","templated":true}]}}