{"id":28240,"date":"2011-02-12T15:45:31","date_gmt":"2011-02-12T13:45:31","guid":{"rendered":"http:\/\/www.korhanyilmaz.com\/?p=28240"},"modified":"2011-02-12T15:45:31","modified_gmt":"2011-02-12T13:45:31","slug":"dsp-balbay-ve-ozkani-aday-gosterecek","status":"publish","type":"post","link":"http:\/\/www.korhanyilmaz.com\/?p=28240","title":{"rendered":"DSP Balbay ve \u00d6zkan&#8217;\u0131 aday g\u00f6sterecek"},"content":{"rendered":"<p style=\"text-align: center;\"><a href=\"http:\/\/www.korhanyilmaz.com\/wp-content\/uploads\/2011\/02\/320.jpg\"  class=\"lightview\"><img loading=\"lazy\" decoding=\"async\" class=\"aligncenter size-full wp-image-28241\" src=\"http:\/\/www.korhanyilmaz.com\/wp-content\/uploads\/2011\/02\/320.jpg\" alt=\"\" width=\"307\" height=\"236\" \/><\/a><\/p>\n<p style=\"text-align: justify;\">DSP Genel Sekreteri Hasan Er\u00e7elebi, &#8220;\u00d6zg\u00fcr bas\u0131n Silivri&#8217;de yat\u0131yor. Mustafa Balbay ile Tuncay \u00d6zkan&#8217;\u0131 12 Haziran se\u00e7imlerinde aday g\u00f6sterece\u011fiz&#8221; dedi.<\/p>\n<p style=\"text-align: justify;\">DSP&#8217;li Hasan Er\u00e7elebi, partisinin Denizli \u0130l Ba\u015fkanl\u0131\u011f\u0131&#8217;nda d\u00fczenledi\u011fi bas\u0131n toplant\u0131s\u0131nda, Ergenekon Davas\u0131&#8217;n\u0131n tutuklu san\u0131klar\u0131 Mustafa Balbay ve Tuncay \u00d6zkan ile y\u00fcz y\u00fcze g\u00f6r\u00fc\u015fmediklerini, milletvekilli\u011fi adayl\u0131\u011f\u0131 i\u00e7in dolayl\u0131 olarak kendilerine haber g\u00f6nderdiklerini s\u00f6yledi. <!--more--><\/p>\n<p style=\"text-align: justify;\">Balbay ile \u00d6zkan&#8217;\u0131n hangi ilden aday olmak isterlerse o ilden milletvekili aday\u0131 g\u00f6sterilece\u011fini kaydeden Er\u00e7elebi, &#8220;Bas\u0131n\u0131n d\u00fc\u015f\u00fcnce \u00f6zg\u00fcrl\u00fc\u011f\u00fcn\u00fc savunuyoruz. 12 Eyl\u00fcl fa\u015fizmi, merhum genel ba\u015fkan\u0131m\u0131z B\u00fclent Ecevit&#8217;i d\u00fc\u015f\u00fcncelerinden dolay\u0131 cezaevine g\u00f6nderdi. Balbay ve \u00d6zkan&#8217;\u0131n \u00f6zg\u00fcrl\u00fcklerine kavu\u015fmas\u0131 i\u00e7in elimizden ne geliyorsa yapaca\u011f\u0131z. M\u00fccadelemiz, hak, hukuk ve \u00f6zg\u00fcrl\u00fck m\u00fccadelesidir. Haks\u0131zl\u0131klara papu\u00e7 b\u0131rakmayaca\u011f\u0131z&#8221; diye konu\u015ftu.<\/p>\n<p style=\"text-align: justify;\">Er\u00e7elebi, T\u00fcrkiye&#8217;deki demokrasinin Ba\u015fbakan Recep Tayyip Erdo\u011fan&#8217;\u0131n vesayeti alt\u0131nda oldu\u011funu iddia etti ve 12 Haziran se\u00e7imlerinde \u00f6zg\u00fcrl\u00fcklerin \u00e7\u0131\u011fr\u0131n\u0131n a\u00e7\u0131laca\u011f\u0131n\u0131 s\u00f6yledi.<\/p>\n<p style=\"text-align: justify;\">Er\u00e7elebi, &#8220;T\u00fcrkiye&#8217;de halk kutupla\u015ft\u0131r\u0131ld\u0131. Bir tarafta federal ve \u00f6zerklik isteyenler di\u011fer tarafta laikli\u011fin, cumhuriyetin savunucusu ve \u00fcniter yap\u0131n\u0131n bozulmas\u0131n\u0131 istemeyen kesim bulunuyor. \u00dclkeyi bu hale AKP getirdi. \u00dclkede demokrasi yok. Demokrasi, Tayyip Erdo\u011fan demokrasisidir. Kendinden olmayanlara her t\u00fcrl\u00fc bask\u0131y\u0131 uyguluyorlar. \u00d6zg\u00fcr bas\u0131n\u0131 susturmak istiyorlar. Bunun \u00f6rne\u011fi Balbay ve \u00d6zkan&#8217;d\u0131r. \u00d6zg\u00fcr bas\u0131n Silivri&#8217;de yat\u0131yor. Mustafa Balbay ile Tuncay \u00d6zkan&#8217;\u0131 12 Haziran se\u00e7imlerinde aday g\u00f6sterece\u011fiz&#8221; dedi.<\/p>\n<p style=\"text-align: justify;\"><strong>&#8220;\u0130svi\u00e7re&#8217;de paras\u0131 olanlar d\u00fc\u015f\u00fcns\u00fcn&#8221; <\/strong><\/p>\n<p style=\"text-align: justify;\">M\u0131s\u0131r&#8217;da ya\u015fanan son geli\u015fmelere de de\u011finen Er\u00e7elebi, &#8220;M\u0131s\u0131r&#8217;da M\u00fcbarek y\u0131k\u0131ld\u0131. \u0130svi\u00e7re&#8217;deki paralar\u0131na da el konuldu. Birilerinin uykusu ka\u00e7t\u0131. Bizler rahat uyuduk. E\u011fer, \u0130svi\u00e7re&#8217;de paras\u0131 olan varsa onlar d\u00fc\u015f\u00fcns\u00fcn. M\u0131s\u0131r&#8217;daki demokrasi dalgas\u0131 elbet T\u00fcrkiye&#8217;ye de gelecektir&#8221; diye konu\u015ftu.<\/p>\n<p style=\"text-align: justify;\"><a href=\"http:\/\/www.cnnturk.com\/2011\/turkiye\/02\/12\/dsp.balbay.ve.ozkani.aday.gosterecek\/606578.0\/index.html\" target=\"_blank\"><span style=\"color: #888888;\">CNN T\u00dcRK<\/span><\/a><\/p>\n","protected":false},"excerpt":{"rendered":"<p style=\"text-align: center;\">\n<p style=\"text-align: justify;\">DSP Genel Sekreteri Hasan Er\u00e7elebi, &#8220;\u00d6zg\u00fcr bas\u0131n Silivri&#8217;de yat\u0131yor. Mustafa Balbay ile Tuncay \u00d6zkan&#8217;\u0131 12 Haziran se\u00e7imlerinde aday g\u00f6sterece\u011fiz&#8221; dedi.<\/p>\n<p style=\"text-align: justify;\">DSP&#8217;li Hasan Er\u00e7elebi, partisinin Denizli \u0130l Ba\u015fkanl\u0131\u011f\u0131&#8217;nda d\u00fczenledi\u011fi bas\u0131n toplant\u0131s\u0131nda, Ergenekon Davas\u0131&#8217;n\u0131n tutuklu san\u0131klar\u0131 Mustafa Balbay ve Tuncay \u00d6zkan ile y\u00fcz y\u00fcze g\u00f6r\u00fc\u015fmediklerini, milletvekilli\u011fi adayl\u0131\u011f\u0131 i\u00e7in dolayl\u0131 olarak <\/p>\n","protected":false},"author":1,"featured_media":0,"comment_status":"open","ping_status":"closed","sticky":false,"template":"","format":"standard","meta":{"footnotes":""},"categories":[105],"tags":[],"class_list":["post-28240","post","type-post","status-publish","format-standard","hentry","category-gundem","odd"],"_links":{"self":[{"href":"http:\/\/www.korhanyilmaz.com\/index.php?rest_route=\/wp\/v2\/posts\/28240","targetHints":{"allow":["GET"]}}],"collection":[{"href":"http:\/\/www.korhanyilmaz.com\/index.php?rest_route=\/wp\/v2\/posts"}],"about":[{"href":"http:\/\/www.korhanyilmaz.com\/index.php?rest_route=\/wp\/v2\/types\/post"}],"author":[{"embeddable":true,"href":"http:\/\/www.korhanyilmaz.com\/index.php?rest_route=\/wp\/v2\/users\/1"}],"replies":[{"embeddable":true,"href":"http:\/\/www.korhanyilmaz.com\/index.php?rest_route=%2Fwp%2Fv2%2Fcomments&post=28240"}],"version-history":[{"count":0,"href":"http:\/\/www.korhanyilmaz.com\/index.php?rest_route=\/wp\/v2\/posts\/28240\/revisions"}],"wp:attachment":[{"href":"http:\/\/www.korhanyilmaz.com\/index.php?rest_route=%2Fwp%2Fv2%2Fmedia&parent=28240"}],"wp:term":[{"taxonomy":"category","embeddable":true,"href":"http:\/\/www.korhanyilmaz.com\/index.php?rest_route=%2Fwp%2Fv2%2Fcategories&post=28240"},{"taxonomy":"post_tag","embeddable":true,"href":"http:\/\/www.korhanyilmaz.com\/index.php?rest_route=%2Fwp%2Fv2%2Ftags&post=28240"}],"curies":[{"name":"wp","href":"https:\/\/api.w.org\/{rel}","templated":true}]}}