{"id":28236,"date":"2011-02-12T13:40:02","date_gmt":"2011-02-12T11:40:02","guid":{"rendered":"http:\/\/www.korhanyilmaz.com\/?p=28236"},"modified":"2011-02-12T13:40:02","modified_gmt":"2011-02-12T11:40:02","slug":"kilicdaroglu-balyoz-surecini-kaygiyla-izliyoruz","status":"publish","type":"post","link":"http:\/\/www.korhanyilmaz.com\/?p=28236","title":{"rendered":"K\u0131l\u0131\u00e7daro\u011flu: &#8220;Balyoz s\u00fcrecini kayg\u0131yla izliyoruz&#8221;"},"content":{"rendered":"<p style=\"text-align: justify;\"><a href=\"http:\/\/www.korhanyilmaz.com\/wp-content\/uploads\/2011\/02\/319.jpg\"  class=\"lightview\"><img loading=\"lazy\" decoding=\"async\" class=\"aligncenter size-full wp-image-28237\" src=\"http:\/\/www.korhanyilmaz.com\/wp-content\/uploads\/2011\/02\/319.jpg\" alt=\"\" width=\"284\" height=\"211\" \/><\/a><\/p>\n<p style=\"text-align: justify;\">CHP lideri Kemal K\u0131l\u0131\u00e7daro\u011flu, &#8220;Balyoz Darbe Plan\u0131&#8221; davas\u0131nda, eski kuvvet komutanlar\u0131n\u0131n tutuklanmas\u0131yla ilgili olarak, &#8220;\u00d6nemli bir s\u00fcre\u00e7. Herkes olay\u0131 b\u00fcy\u00fck bir dikkatle izlemeye \u00e7al\u0131\u015f\u0131yor. Biz de hem dikkatle hem de kayg\u0131yla izliyoruz&#8221; dedi.<!--more--><\/p>\n<p style=\"text-align: justify;\">K\u0131l\u0131\u00e7daro\u011flu, Adana&#8217;ya hareketinden \u00f6nce Atat\u00fcrk Havaliman\u0131&#8217;nda bas\u0131n mensuplar\u0131n\u0131n sorular\u0131n\u0131 yan\u0131tlad\u0131.<\/p>\n<p style=\"text-align: justify;\">&#8220;Balyoz Plan\u0131&#8221; davas\u0131nda mahkemenin verdi\u011fi ara kararlara ili\u015fkin bir soru \u00fczerine K\u0131l\u0131\u00e7daro\u011flu, referandum s\u00fcrecinde, anayasa oylamas\u0131 s\u0131ras\u0131nda yarg\u0131n\u0131n siyasalla\u015fmas\u0131n\u0131n do\u011furaca\u011f\u0131 tehlikeleri b\u00fct\u00fcn ayr\u0131nt\u0131lar\u0131yla anlatmaya \u00e7al\u0131\u015ft\u0131\u011f\u0131n\u0131 ve kararlar\u0131n \u00e7o\u011fu kez siyasi mekanizmalar taraf\u0131ndan al\u0131naca\u011f\u0131n\u0131, yarg\u0131n\u0131n da al\u0131nan bu kararlar\u0131 yarg\u0131 karar\u0131ym\u0131\u015f gibi onaylayaca\u011f\u0131n\u0131, ortaya \u00e7\u0131kacak b\u00f6yle bir durumunun T\u00fcrkiye&#8217;de demokrasi ve \u00f6zg\u00fcrl\u00fckler a\u00e7\u0131s\u0131ndan son derece b\u00fcy\u00fck risk olu\u015fturaca\u011f\u0131n\u0131 ifade etti\u011fini kaydetti.<\/p>\n<p style=\"text-align: justify;\">&#8220;\u0130\u015fin ger\u00e7e\u011fi \u015fu: Yarg\u0131 siyasalla\u015ft\u0131\u011f\u0131 \u00f6l\u00e7\u00fcde T\u00fcrkiye bedel \u00f6deyecektir, insanlar bedel \u00f6deyecektir&#8221; diyen K\u0131l\u0131\u00e7daro\u011flu, &#8220;Biz isteriz ki yarg\u0131 siyasalla\u015fmas\u0131n, insanlar oraya kendileri geldiler. Deliller topland\u0131ysa tutuklanmalar\u0131na gerek yok. Ama deliller toplanmad\u0131 ve ger\u00e7ekten ciddi bulgular varsa o zaman bu konuda kamuoyunu tatmin edici a\u00e7\u0131klama yapmalar\u0131 gerekiyor. Yarg\u0131n\u0131n siyasalla\u015fmas\u0131ndan duydu\u011fumuz endi\u015fe \u015fu: Bu davan\u0131n siyasalla\u015ft\u0131\u011f\u0131 ta ba\u015f\u0131ndan beri belliydi. Say\u0131n Ba\u015fbakan (Bu davan\u0131n savc\u0131s\u0131 oldu\u011funu) daha \u00f6nce defalarca ifade etmi\u015fti. Bak\u0131n\u0131z bir &#8216;Deniz Feneri&#8217; davas\u0131 var. Daha dava bile a\u00e7\u0131lmad\u0131. 2 y\u0131ldan fazla s\u00fcre ge\u00e7ti. Ne oldu bu Deniz Feneri&#8217;ne hala sorar\u0131z. Sonu\u00e7land\u0131 m\u0131? Sonu\u00e7lanmad\u0131 m\u0131? Ne oldu? Almanya&#8217;da yarg\u0131land\u0131lar, Almanya&#8217;da mahkum oldular. Faillerin T\u00fcrkiye&#8217;de oldu\u011fu s\u00f6ylendi. Ama hi\u00e7 kimse bir \u015fey yapm\u0131yor. Herkes yine elini kolunu sallayarak geziyor. O nedenle davan\u0131n siyasalla\u015fmas\u0131 T\u00fcrkiye&#8217;de demokrasinin \u00f6n\u00fcne \u00e7\u0131kacak en b\u00fcy\u00fck engel olarak kendisini g\u00f6steriyor&#8221; dedi.<\/p>\n<p style=\"text-align: justify;\">&#8220;Bu s\u00fcre\u00e7te ilk kez kuvvet komutanlar\u0131 tutuklan\u0131yor. Bu anlamda neler s\u00f6yleyeceksiniz?&#8221; \u015feklindeki soru \u00fczerine de Kemal K\u0131l\u0131\u00e7daro\u011flu, &#8220;\u00d6nemli bir s\u00fcre\u00e7. Herkes olay\u0131 b\u00fcy\u00fck bir dikkatle izlemeye \u00e7al\u0131\u015f\u0131yor. Biz de hem dikkatle hem kayg\u0131yla izliyoruz&#8221; yan\u0131t\u0131n\u0131 verdi.<\/p>\n<p style=\"text-align: justify;\">Ortada nelerin olup olmad\u0131\u011f\u0131n\u0131 bilmediklerini belirten K\u0131l\u0131\u00e7daro\u011flu, ancak medyaya yans\u0131d\u0131\u011f\u0131 kadar\u0131yla tutars\u0131z baz\u0131 delillerin oldu\u011fu, belli ki\u015filerin toplant\u0131ya kat\u0131ld\u0131\u011f\u0131 ve iddia edilen tarihte yurt d\u0131\u015f\u0131nda g\u00f6revde olduklar\u0131n\u0131n s\u00f6ylendi\u011finin yaz\u0131ld\u0131\u011f\u0131n\u0131 ifade etti.<\/p>\n<p style=\"text-align: justify;\">Kemal K\u0131l\u0131\u00e7daro\u011flu, &#8220;Tabii i\u015fin ilgin\u00e7 taraf\u0131 \u015fu: Bir davada kendinizin beklentilerine uygun olarak karar verecek yarg\u0131\u00e7lar\u0131 atamaya kalkarsan\u0131z, kamuoyuna b\u00f6yle bir imaj verirseniz, \u00e7\u0131kan karar ne olursa olsun her zaman tart\u0131\u015fmal\u0131 olur. Yarg\u0131\u00e7lar\u0131n de\u011fi\u015ftirilmesi ger\u00e7ekten kamuoyunu tatmin etmi\u015f de\u011fil. En az\u0131ndan bizi tatmin etmi\u015f de\u011fil. Hangi gerek\u00e7e ile ni\u00e7in yarg\u0131\u00e7lar\u0131 de\u011fi\u015ftiriyorsunuz? Bu konuda kayg\u0131lar\u0131m\u0131z var&#8221; dedi.<\/p>\n<p style=\"text-align: justify;\">Bundan sonraki s\u00fcrece ili\u015fkin bir soru \u00fczerine de CHP Genel Ba\u015fkan\u0131 K\u0131l\u0131\u00e7daro\u011flu, &#8220;Bizler de takip edece\u011fiz. Haks\u0131zl\u0131k, hukuksuzluk var m\u0131d\u0131r diye. Zaten onlar\u0131 yak\u0131ndan takip ediyoruz. Arkada\u015flar\u0131m\u0131z gidiyorlar, bak\u0131yorlar nerede bir insan haklar\u0131 ihlali varsa o ihlallere ilgi g\u00f6steriyorlar onlar\u0131 kamuoyuyla payla\u015fmaya \u00e7al\u0131\u015f\u0131yoruz. Bu bizim g\u00f6revlerimizden birisi. \u00c7\u00fcnk\u00fc biz sonu\u00e7ta bu \u00fclkede demokrasi istiyoruz. Bu \u00fclkede \u00f6zg\u00fcrl\u00fckleri istiyoruz. Bu \u00fclkede hukukun \u00fcst\u00fcnl\u00fc\u011f\u00fcn\u00fc istiyoruz. Hukukun \u00fcst\u00fcnl\u00fc\u011f\u00fcn\u00fc halka g\u00f6t\u00fcr\u00fcp, (Biz hukukun \u00fcst\u00fcnl\u00fc\u011f\u00fcn\u00fc sa\u011flayaca\u011f\u0131z) diye meydanlarda ba\u011f\u0131racaks\u0131n\u0131z sonra kendi hukukunuzu olu\u015fturacaks\u0131n\u0131z. Bu olmaz. \u00dcst\u00fcnlerin hukuku olu\u015fturuluyor \u015fu anda. G\u00fc\u00e7l\u00fclerin hukuku olu\u015fturuluyor. \u015eu anda aileler peri\u015fan ediliyor. Dolay\u0131s\u0131yla biz yarg\u0131lama s\u00fcreci objektif oldu\u011fu s\u00fcrece buna sayg\u0131m\u0131z var, ama yarg\u0131lama s\u00fcreci siyasalla\u015ft\u0131\u011f\u0131 s\u00fcrece bundan kayg\u0131m\u0131z var&#8221; dedi.<\/p>\n<p style=\"text-align: justify;\"><a href=\"http:\/\/www.cnnturk.com\/2011\/turkiye\/02\/12\/kilicdaroglu.balyoz.surecini.kaygiyla.izliyoruz\/606555.0\/index.html\" target=\"_blank\"><span style=\"color: #888888;\">CNN T\u00dcRK<\/span><\/a><\/p>\n","protected":false},"excerpt":{"rendered":"<p style=\"text-align: justify;\">\n<p style=\"text-align: justify;\">CHP lideri Kemal K\u0131l\u0131\u00e7daro\u011flu, &#8220;Balyoz Darbe Plan\u0131&#8221; davas\u0131nda, eski kuvvet komutanlar\u0131n\u0131n tutuklanmas\u0131yla ilgili olarak, &#8220;\u00d6nemli bir s\u00fcre\u00e7. Herkes olay\u0131 b\u00fcy\u00fck bir dikkatle izlemeye \u00e7al\u0131\u015f\u0131yor. Biz de hem dikkatle hem de kayg\u0131yla izliyoruz&#8221; dedi.<\/p>\n","protected":false},"author":1,"featured_media":0,"comment_status":"open","ping_status":"closed","sticky":false,"template":"","format":"standard","meta":{"footnotes":""},"categories":[105],"tags":[],"class_list":["post-28236","post","type-post","status-publish","format-standard","hentry","category-gundem","odd"],"_links":{"self":[{"href":"http:\/\/www.korhanyilmaz.com\/index.php?rest_route=\/wp\/v2\/posts\/28236","targetHints":{"allow":["GET"]}}],"collection":[{"href":"http:\/\/www.korhanyilmaz.com\/index.php?rest_route=\/wp\/v2\/posts"}],"about":[{"href":"http:\/\/www.korhanyilmaz.com\/index.php?rest_route=\/wp\/v2\/types\/post"}],"author":[{"embeddable":true,"href":"http:\/\/www.korhanyilmaz.com\/index.php?rest_route=\/wp\/v2\/users\/1"}],"replies":[{"embeddable":true,"href":"http:\/\/www.korhanyilmaz.com\/index.php?rest_route=%2Fwp%2Fv2%2Fcomments&post=28236"}],"version-history":[{"count":0,"href":"http:\/\/www.korhanyilmaz.com\/index.php?rest_route=\/wp\/v2\/posts\/28236\/revisions"}],"wp:attachment":[{"href":"http:\/\/www.korhanyilmaz.com\/index.php?rest_route=%2Fwp%2Fv2%2Fmedia&parent=28236"}],"wp:term":[{"taxonomy":"category","embeddable":true,"href":"http:\/\/www.korhanyilmaz.com\/index.php?rest_route=%2Fwp%2Fv2%2Fcategories&post=28236"},{"taxonomy":"post_tag","embeddable":true,"href":"http:\/\/www.korhanyilmaz.com\/index.php?rest_route=%2Fwp%2Fv2%2Ftags&post=28236"}],"curies":[{"name":"wp","href":"https:\/\/api.w.org\/{rel}","templated":true}]}}