{"id":28224,"date":"2011-02-12T00:06:40","date_gmt":"2011-02-11T22:06:40","guid":{"rendered":"http:\/\/www.korhanyilmaz.com\/?p=28224"},"modified":"2011-02-12T00:06:40","modified_gmt":"2011-02-11T22:06:40","slug":"tsknin-yuzde-onbesi-tutuklandi","status":"publish","type":"post","link":"http:\/\/www.korhanyilmaz.com\/?p=28224","title":{"rendered":"TSK&#8217;n\u0131n y\u00fczde onbe\u015fi tutukland\u0131"},"content":{"rendered":"<p style=\"text-align: center;\"><a href=\"http:\/\/www.korhanyilmaz.com\/wp-content\/uploads\/2011\/02\/318.jpg\"  class=\"lightview\"><img loading=\"lazy\" decoding=\"async\" class=\"aligncenter size-full wp-image-28225\" src=\"http:\/\/www.korhanyilmaz.com\/wp-content\/uploads\/2011\/02\/318.jpg\" alt=\"\" width=\"386\" height=\"198\" \/><\/a><\/p>\n<p style=\"text-align: justify;\">&#8216;Balyoz Plan\u0131&#8217; davas\u0131nda, emekli orgeneraller F\u0131rt\u0131na, \u00d6rnek ve Alan&#8217;\u0131n da aralar\u0131nda bulundu\u011fu 134 san\u0131\u011f\u0131n tutuklanmas\u0131na, 29 san\u0131k hakk\u0131nda da yakalama karar\u0131 \u00e7\u0131kar\u0131lmas\u0131na karar verdi.<\/p>\n<p style=\"text-align: justify;\">Eski 1&#8217;inci Ordu Komutan\u0131 emekli Orgeneral \u00c7etin Do\u011fan hakk\u0131nda ise yakalama karar\u0131 \u00e7\u0131kar\u0131ld\u0131. Karar\u0131n a\u00e7\u0131klamas\u0131n\u0131n ard\u0131ndan salonda bulunan san\u0131klar da hep bir a\u011f\u0131zdan Harbiye Mar\u015f\u0131n\u0131 okudular.<!--more--><\/p>\n<p style=\"text-align: justify;\">\u0130STANBUL &#8211; &#8221;Balyoz Plan\u0131&#8221; davas\u0131na bakan \u0130stanbul 10. A\u011f\u0131r Ceza Mahkemesi, &#8221;dosyadaki delil durumu, dosyada kuvvetli su\u00e7 \u015f\u00fcphesini g\u00f6steren olgular\u0131n bulunmas\u0131, delillerin tam olarak toplan\u0131lmam\u0131\u015f olmas\u0131, san\u0131klar\u0131n konumlar\u0131 itibariyle delillere etki yapma ihtimalinin olmas\u0131, tan\u0131klar\u0131n hen\u00fcz dinlenilmemi\u015f olu\u015fu, at\u0131l\u0131 su\u00e7un CMK&#8217;n\u0131n 100. maddesinde belirtilen katalog su\u00e7lardan olmas\u0131, belirtilen bu sebeplerle adli kontrol h\u00fck\u00fcmlerinin uygulanmas\u0131n\u0131n yetersiz kalaca\u011f\u0131&#8221; gerek\u00e7eleriyle 134 san\u0131\u011f\u0131n tutuklanmas\u0131na, 29 san\u0131k hakk\u0131nda da yakalama karar\u0131 \u00e7\u0131kar\u0131lmas\u0131na karar verdi.<\/p>\n<p style=\"text-align: justify;\">\u0130stanbul 10. A\u011f\u0131r Ceza Mahkemesince Silivri Ceza ve \u0130nfaz Kurumlar\u0131 yerle\u015fkesindeki salonda g\u00f6r\u00fclen duru\u015fmada s\u00f6z alan Mahkeme Heyeti Ba\u015fkan\u0131 \u00d6mer Diken, san\u0131klar ile avukatlar\u0131na iki g\u00fcn boyunca yeterli konu\u015fma s\u00fcresi verildi\u011fini belirterek, saatin ge\u00e7 olmas\u0131 nedeniyle tekrar s\u00f6z vermeyece\u011fini s\u00f6yledi.<\/p>\n<p style=\"text-align: justify;\">Bunun \u00fczerine avukatlar &#8221;tutuklama karar\u0131 verecekseniz bize de tutuklama karar\u0131na kar\u015f\u0131 diyece\u011fimizi sormak i\u00e7in ayr\u0131ca konu\u015fma izni vermek zorundas\u0131n\u0131z&#8221; diye itirazda bulundu.<\/p>\n<p style=\"text-align: justify;\">Ba\u015fkan \u00d6mer Diken&#8217;in de duru\u015fman\u0131n bitti\u011fini ve ara karar\u0131n okunaca\u011f\u0131n\u0131 s\u00f6ylemesi \u00fczerine avukatlar &#8221;Savunma makam\u0131 yok say\u0131lmaktad\u0131r&#8221; dedi.<\/p>\n<p style=\"text-align: justify;\">Karar\u0131 okuyan Mahkeme Heyeti \u00dcyesi Ali Efendi Peksak, Eski Hava Kuvvetleri Komutan\u0131 emekli Orgeneral Halil \u0130brahim F\u0131rt\u0131na, eski Deniz Kuvvetleri Komutan\u0131 emekli Oramiral \u00d6zden \u00d6rnek, emekli Korgeneral Engin Alan, S\u00fcha Tanyeri, Feyyaz \u00d6\u011f\u00fct\u00e7\u00fc, Mehmet Otuzbiro\u011flu, \u015e\u00fckr\u00fc Sar\u0131\u0131\u015f\u0131k, Kadir Sa\u011fd\u0131\u00e7&#8217;\u0131n da aralar\u0131nda bulundu\u011fu 133 san\u0131k hakk\u0131nda tutuklama karar\u0131 verildi\u011fini a\u00e7\u0131klad\u0131.<\/p>\n<p style=\"text-align: justify;\">Tutuklama karar\u0131 verilenler aras\u0131nda, T\u00fcmgeneral G\u00fcrb\u00fcz Kaya, Jandarma T\u00fcmgeneral Halil Helvac\u0131o\u011flu ve Tu\u011famiral Abdullah Gavremo\u011flu da yer ald\u0131.<\/p>\n<p style=\"text-align: justify;\">Duru\u015fmaya kat\u0131lmayan san\u0131klar eski 1. Ordu Komutan\u0131 emekli Orgeneral \u00c7etin Do\u011fan, emekli Orgeneral Nejat Bek ve emekli Orgeneral Ergin Saygun&#8217;un da aralar\u0131nda bulundu\u011fu 29 san\u0131k hakk\u0131nda ise yakalama karar\u0131 \u00e7\u0131kar\u0131ld\u0131\u011f\u0131n\u0131 ifade  eden Peksak, ayr\u0131ca yine duru\u015fmaya kat\u0131lmayan ba\u015fka su\u00e7tan tutuklu san\u0131k Albay Dursun \u00c7i\u00e7ek&#8217;in de tutuklama karar\u0131n\u0131n y\u00fcz\u00fcne okunmas\u0131 i\u00e7in tutuklu bulundu\u011fu cezaevi arac\u0131l\u0131\u011f\u0131yla mahkemede haz\u0131r edilmesine karar verildi.<\/p>\n<p style=\"text-align: justify;\">Peksak, tutuklama karar\u0131n\u0131n delillerin hen\u00fcz toplanmam\u0131\u015f olmas\u0131, kuvvetli su\u00e7 \u015f\u00fcphesi, adli kontrol h\u00fck\u00fcmlerinin su\u00e7 \u015f\u00fcphesi kar\u015f\u0131s\u0131nda yeterli olmayaca\u011f\u0131, delilleri karartma ihtimaliyle CMK 100. maddesindeki katalog su\u00e7lardan olmas\u0131 gerek\u00e7esiyle al\u0131nd\u0131\u011f\u0131n\u0131 s\u00f6yledi.<\/p>\n<p style=\"text-align: justify;\">Karar\u0131n okunmas\u0131n\u0131n ard\u0131ndan izleyici b\u00f6l\u00fcm\u00fcnde bulunan san\u0131k yak\u0131nlar\u0131, verilen karar\u0131 alk\u0131\u015flarla protesto etti.<\/p>\n<p style=\"text-align: justify;\">Baz\u0131 san\u0131k yak\u0131nlar\u0131n\u0131 bulundu\u011fu b\u00f6l\u00fcmden mahkeme heyetine y\u00f6nelik, &#8221;\u00c7ocuklar\u0131n\u0131za iyi sar\u0131l\u0131n bu gece&#8221; diye ba\u011f\u0131rd\u0131klar\u0131 ve \u00e7e\u015fitli s\u00f6zlerle protesto ettikleri duyulurken, san\u0131klar da bulunduklar\u0131 yerden hep birlikte \u00f6nce Harbiye Mar\u015f\u0131, ard\u0131ndan da Deniz Harp Okulu Mar\u015f\u0131n\u0131 okudu.<\/p>\n<p style=\"text-align: justify;\">Duru\u015fma salonunda hakk\u0131nda tutuklanmas\u0131 istenenlerden baz\u0131lar\u0131 g\u00f6revli askerlere tepki g\u00f6sterdikleri ve san\u0131klar aras\u0131nda general r\u00fctbesinde askerlerin bulundu\u011funu belirterek, &#8221;Size onlar\u0131 teslim etmeyiz. Buraya onlar\u0131 teslim almak i\u00e7in Orgeneral gelecek&#8221; dedikleri duyuldu.<\/p>\n<p style=\"text-align: justify;\">San\u0131klar yakla\u015f\u0131k bir saat boyunca bulunduklar\u0131 yeri terk etmezken bas\u0131n mensuplar\u0131 da salondan \u00e7\u0131kar\u0131ld\u0131.<\/p>\n<p style=\"text-align: justify;\">Duru\u015fman\u0131n g\u00f6r\u00fcld\u00fc\u011f\u00fc salona ek olarak yakla\u015f\u0131k 30 askeri personel getirilirken, duru\u015fma salonunun bulundu\u011fu b\u00f6l\u00fcme giri\u015fe ve binadan \u00e7\u0131kanlar\u0131n i\u00e7eri giri\u015flerine izin verilmiyor.<\/p>\n<p style=\"text-align: justify;\"><strong>TUTUKLAMA KARARI \u00c7IKARILANLAR<\/strong><\/p>\n<p style=\"text-align: justify;\">Mahkeme Heyeti, &#8221;dosyadaki delil durumu, dosyada kuvvetli su\u00e7 \u015f\u00fcphesini g\u00f6steren olgular\u0131n bulunmas\u0131, delillerin tam olarak toplan\u0131lmam\u0131\u015f olmas\u0131, san\u0131klar\u0131n konumlar\u0131 itibariyle delillere etki yapma ihtimalinin olmas\u0131, tan\u0131klar\u0131n hen\u00fcz dinlenilmemi\u015f olu\u015fu, at\u0131l\u0131 su\u00e7un CMK&#8217;n\u0131n 100. maddesinde belirtilen katalog su\u00e7lardan olmas\u0131, belirtilen bu sebeplerle adli kontrol h\u00fck\u00fcmlerinin uygulanmas\u0131n\u0131n yetersiz kalaca\u011f\u0131&#8221; gerek\u00e7eleriyle, CMK&#8217;n\u0131n 100. ve 101. maddeleri gere\u011fince 134 san\u0131\u011f\u0131n ayr\u0131 ayr\u0131 tutuklanmalar\u0131na karar verdi.<\/p>\n<p style=\"text-align: justify;\"><span style=\"text-decoration: underline;\">Tutuklanmalar\u0131na karar verilen san\u0131klar \u015funlar: <\/span><\/p>\n<p style=\"text-align: justify;\">&#8221;\u00d6zden \u00d6rnek, Halil \u0130brahim F\u0131rt\u0131na, Mustafa Korkut \u00d6zarslan, Engin Alan, \u015e\u00fckr\u00fc Sar\u0131\u0131\u015f\u0131k, Ayhan Ta\u015f, Ramazan Cem G\u00fcrdeniz, \u0130zzet Ocak, S\u00fcha Tanyeri, B\u00fclent Tun\u00e7ay, Mehmet Kemal G\u00f6n\u00fclda\u015f, Orkun G\u00f6kalp, Mustafa Kemal Tutkun, G\u00fcrb\u00fcz Kaya, Mustafa \u00c7al\u0131\u015f, Nurettin I\u015f\u0131k, Hasan Basri Aslan, Ali R\u0131za S\u00f6zen, \u0130lkay Nerat, Veli Murat Tulga,<\/p>\n<p style=\"text-align: justify;\">Behzat Balta, Halil Kalkanl\u0131, Tuncay \u00c7akan, Hasan Fehmi Canan, Salim Erkal Bekta\u015f, Ahmet Yavuz, Ahmet K\u00fc\u00e7\u00fck\u015fahin, Recai Elmaz, Erdal Akyazan, Ahmet \u015eent\u00fcrk, M\u00fcmtaz Can, Ahmet Topda\u011f\u0131, Cemal Candan, Fatih Altun, Faruk Oktay Memio\u011flu, Mehmet Kaya Varol, Recep Y\u0131ld\u0131z, Bekir Memi\u015f, Ali \u0130hsan \u00c7uhadaro\u011flu, Mehmet Yoleri, Nam\u0131k Ko\u00e7, Fuat Pakdil, Beh\u00e7et Alper G\u00fcney, Metin Yavuz Yal\u00e7\u0131n, Yurdaer Olcan, \u0130hsan Balabanl\u0131, Emin K\u00fc\u00e7\u00fckk\u0131l\u0131\u00e7, Kas\u0131m Erdem, Kemal Din\u00e7er, \u0130krami \u00d6zturan, Burhan G\u00f6gce, Mustafa Erdal Hamzao\u011fullar\u0131, Do\u011fan Fatih K\u00fc\u00e7\u00fck, Dursun Tolga Kaplama, Do\u011fan Temel, Hayri G\u00fcner, Mehmet Fikri Karada\u011f, Hasan Hakan Dereli, G\u00f6khan G\u00f6kay, Fatih Musa \u00c7\u0131nar,<\/p>\n<p style=\"text-align: justify;\">Zafer Karata\u015f, Aytekin Candemir, Nihat \u00d6zkan, S\u0131rr\u0131 Y\u0131lmaz, Barboros Kasar, Soydan G\u00f6rg\u00fcl\u00fc, \u0130smet K\u0131\u015fla, Abdullah Dalay, L\u00fctf\u00fc Sancar, Ahmet Feyyaz \u00d6\u011f\u00fct\u00e7\u00fc, Engin Baykal, \u00d6zer Karabulut, Mehmet Otuzbiro\u011flu, Hasan Ho\u015fgit, H\u00fcseyin Ho\u015fgit, Kadir Sa\u011fd\u0131\u00e7, Ali Deniz Kutluk, Mustafa Ayd\u0131n G\u00fcr\u00fcl, Turgay Erda\u011f, Taylan \u00c7ak\u0131r, Ayhan Gedik, Ahmet T\u00fcrkmen, Mehmet Fatih \u0130l\u011far, Cem Aziz \u00c7akmak, Muharrem Nuri Alacal\u0131, Ali Semih \u00c7etin, \u015eafak Duruer, Utku Arslan, \u00dcmit \u00d6zcan, Fatih Ulu\u00e7 Ye\u011fin, Levent Erkek, Levent \u00c7ehreli, Hakan \u0130smail \u00c7elikcan, Ahmet Necdet Doluel, Ertu\u011frul U\u00e7ar, Ali T\u00fcrk\u015fen, Tayfun Duman, Ercan \u0130ren\u00e7in, Mustafa Karasabun, Bora Serdar, Levent G\u00f6rge\u00e7, Dora Sungunay, Ya\u015far Barbaros, Ya\u015far Barbaros B\u00fcy\u00fcksa\u011fnak, Hasan G\u00fclkaya, Faruk Do\u011fan, M\u00fccahit Erakyol, Erg\u00fcn Balaban, Cemalettin Bozda\u011f, Taner Balk\u0131\u015f, Abdullah Gavremo\u011flu, K\u0131van\u00e7 K\u0131rmac\u0131, Yusuf Ziya Toker, Cengiz K\u00f6yl\u00fc, Cemal Temiz\u00f6z, Bulut \u00d6mer Mimiro\u011flu, Hakan Sarg\u0131n, H\u00fcseyin \u00d6z\u00e7oban, Mustafa Ko\u00e7, Kahraman Dikmen, Yusuf Kelleli, H\u00fcseyin Polatsoy, H\u00fcseyin Topuz, Murat \u00d6z\u00e7elik, Ali Ayd\u0131n, Ahmet Tuncer, G\u00f6khan Kilo\u011flu, Halil Helvac\u0131o\u011flu, Kubilay Akta\u015f, Mehmet Uluta\u015f, Memi\u015f Y\u00fcksel Yal\u00e7\u0131n, Suat Ayt\u0131n, Y\u00fcksel G\u00fcrcan ve Taner G\u00fcl.&#8221;<\/p>\n<p style=\"text-align: justify;\"><strong>YAKALAMA KARARI \u00c7IKARILANLAR<\/strong><\/p>\n<p style=\"text-align: justify;\">Mahkeme Heyeti, ayn\u0131 gerek\u00e7elerle, CMK&#8217;n\u0131n 98 ve 199. maddeleri gere\u011fince san\u0131klardan &#8221;\u00c7etin Do\u011fan, Ergin Saygun, Nejat Bek, Halil Y\u0131ld\u0131z, Refik Hakan Tufan, Erhan Kuraner, Yunus Nadi Erkut, Nuri Ali Karababa, G\u00f6khan Murat \u00dcst\u00fcnda\u011f, Harun \u00d6zdemir, Hakan Akko\u00e7, Mehmet Alper \u015eengezer, Recep R\u0131fk\u0131 Durusoy, Hamdi Poyraz, Hasan Nurg\u00f6ren, Murat Ata\u00e7, Bahtiyar Ersay, Mustafa Yuvan\u00e7, Nedim Ulusan, Mehmet Ferhat \u00c7olpan, Nihat Altunbulak, \u0130brahim Koray \u00d6zyurt, Soner Polat, Meftun H\u0131raca, Hanifi Y\u0131ld\u0131r\u0131m, Ali Demir, Mustafa \u00d6nsel, Erdin\u00e7 Atik ve Abdurrahman Ba\u015fbu\u011f&#8221; hakk\u0131nda da yakalama emri \u00e7\u0131kar\u0131lmas\u0131na h\u00fckmetti.<\/p>\n<p style=\"text-align: justify;\">Heyet, ba\u015fka su\u00e7tan tutuklu olan Dursun \u00c7i\u00e7ek&#8217;in ise hakk\u0131nda tutuklama karar\u0131 verilmek \u00fczere CMK&#8217;n\u0131n 146\/1 maddesi uyar\u0131nca mesai saatleri i\u00e7erisinde mahkemelerinde haz\u0131r edilmesi i\u00e7in hakk\u0131nda ihzar m\u00fczekkeresi \u00e7\u0131kar\u0131lmas\u0131na, ihzar m\u00fczekkeresinde \u00c7i\u00e7ek&#8217;in Be\u015fikta\u015f&#8217;taki \u0130stanbul 10. A\u011f\u0131r Ceza Mahkemesi&#8217;ndeki duru\u015fma salonunda haz\u0131r bulundurulmas\u0131n\u0131n bildirilmesine karar verdi.<\/p>\n<p style=\"text-align: justify;\">Mahkeme Heyeti, duru\u015fman\u0131n 14, 15, 17, 18, 21, 22 ve 24, 25 Mart tarihlerinde saat 09.30&#8217;da yap\u0131lmas\u0131na oy birli\u011fiyle karar verdi.<\/p>\n<p style=\"text-align: justify;\">Heyet, kat\u0131lma talebinde bulunan Abdurrahman Dilipak, Hamza T\u00fcrkmen, R\u0131dvan Kaya, Abdurrahman Ko\u00e7o\u011flu, \u00d6zg\u00fcr-Der ve Hukuk\u00e7ular Derne\u011fi&#8217;nin &#8221;san\u0131klar\u0131n \u00fczerine at\u0131l\u0131 su\u00e7laman\u0131n sabit olmas\u0131 halinde, su\u00e7lamadan do\u011frudan zarar g\u00f6rme ihtimalleri olmas\u0131&#8221; nedeniyle CMK&#8217;n\u0131n 237-238. maddeleri uyar\u0131nca kat\u0131lma taleplerinin kabul\u00fcn\u00fc kararla\u015ft\u0131rd\u0131.<\/p>\n<p style=\"text-align: justify;\">Bu arada baz\u0131 san\u0131klar\u0131n valizlerini duru\u015fmaya gelirken yanlar\u0131nda getirdikleri g\u00f6r\u00fcld\u00fc. Duru\u015fma salonunda bekletilen san\u0131klar sa\u011fl\u0131k kontrol\u00fcnden ge\u00e7irildikten sonra cezaevine g\u00f6nderilecek.<\/p>\n<p style=\"text-align: justify;\"><strong>&#8221;TUTUKLAMA KARARI HUKUKA AYKIRI&#8221;<\/strong><\/p>\n<p style=\"text-align: justify;\">\u00d6te yandan, emekli orgeneral \u00c7etin Do\u011fan&#8217;\u0131n avukat\u0131 H\u00fcseyin Ers\u00f6z, g\u00f6r\u00fclen duru\u015fman\u0131n ard\u0131ndan cezaevi \u00f6n\u00fcnde bas\u0131n mensuplar\u0131na bir a\u00e7\u0131klama yapt\u0131.<\/p>\n<p style=\"text-align: justify;\">Ers\u00f6z, \u015funlar\u0131 s\u00f6yledi:<\/p>\n<p style=\"text-align: justify;\">&#8221;\u0130stemedi\u011fimiz, beklemedi\u011fimiz geli\u015fmelerle kar\u015f\u0131 kar\u015f\u0131ya kald\u0131k. Savc\u0131l\u0131k makam\u0131 m\u00fcvekkilim dahil 163 ki\u015fi hakk\u0131nda tutuklama ve yakalama karar\u0131 talep etti. Bu konu hakk\u0131nda taraf\u0131m\u0131za s\u00f6z hakk\u0131 verilmeliydi. Talep etti\u011fimiz halde bu ger\u00e7ekle\u015fmedi, al\u0131nan tutuklama karar\u0131 hukuka ayk\u0131r\u0131 olarak, usuls\u00fcz olarak al\u0131nm\u0131\u015ft\u0131r. Rahats\u0131zl\u0131\u011f\u0131 dolay\u0131s\u0131yla m\u00fcvekkilim \u00c7etin Do\u011fan 10 g\u00fcn rapor alm\u0131\u015f, \u0130stanbul&#8217;daki evinde istirahat etmektedir. Dolay\u0131s\u0131yla bug\u00fcnk\u00fc duru\u015fmaya kat\u0131lamad\u0131. Kendisine yakalama karar\u0131 \u00e7\u0131kt\u0131\u011f\u0131n\u0131 ben haber verdim. Bunu \u00fcz\u00fcnt\u00fcyle kar\u015f\u0131lad\u0131. Ancak hukuka sayg\u0131 \u00e7er\u00e7evesi i\u00e7erisinde bu karara uyaca\u011f\u0131n\u0131 bildirdi.&#8221;<\/p>\n<p style=\"text-align: justify;\">San\u0131k avukatlar\u0131ndan \u015eule Nazl\u0131o\u011flu Erol da, duru\u015fma salonu \u00f6n\u00fcnde gazetecilere yapt\u0131\u011f\u0131 a\u00e7\u0131klamada, i\u00e7eride generallerin de oldu\u011funu belirterek, &#8221;Bir \u00fcst r\u00fctbeli gelmeden yasal olarak \u00e7\u0131kmayacaklar. Bu haklar\u0131n\u0131 kullanacaklar&#8221; dedi.<\/p>\n<p style=\"text-align: justify;\"><strong>SANIKLARDAN B\u0130R KISMI S\u0130L\u0130VR\u0130 DEVLET HASTANES\u0130&#8217;NE SEVKED\u0130LD\u0130<\/strong><\/p>\n<p style=\"text-align: justify;\">&#8221;Balyoz Plan\u0131&#8221; davas\u0131n\u0131n bug\u00fcnk\u00fc duru\u015fmas\u0131nda haklar\u0131nda tutuklama karar\u0131 \u00e7\u0131kan san\u0131klardan bir k\u0131sm\u0131 Silivri Devlet Hastanesi&#8217;ne sevkedildi.<\/p>\n<p style=\"text-align: justify;\">Aralar\u0131nda eski Hava Kuvvetleri Komutan\u0131 emekli Orgeneral Halil \u0130brahim F\u0131rt\u0131na ile eski Deniz Kuvvetleri Komutan\u0131 emekli Oramiral \u00d6zden \u00d6rnek&#8217;in de bulundu\u011fu san\u0131klar, saat 00.30 s\u0131ralar\u0131nda davan\u0131n g\u00f6r\u00fcld\u00fc\u011f\u00fc Silivri Ceza ve \u0130nfaz Kurumlar\u0131 Yerle\u015fkesinden jandarmaya ait minib\u00fcslere bindirilerek sa\u011fl\u0131k kontrol\u00fc i\u00e7in hastaneye g\u00f6t\u00fcr\u00fcld\u00fc.<\/p>\n<p style=\"text-align: justify;\">Bu arada, san\u0131klar\u0131n hastaneye giri\u015fi s\u0131ras\u0131nda gazetecilerin foto\u011fraf \u00e7ekmesi g\u00f6revli askerler taraf\u0131ndan \u00f6nlenmeye \u00e7al\u0131\u015f\u0131ld\u0131.<\/p>\n<p style=\"text-align: justify;\"><strong>YEN\u0130 DEL\u0130LLER<\/strong><\/p>\n<p style=\"text-align: justify;\">Savc\u0131n\u0131n, tutuklama karar\u0131na, G\u00f6lc\u00fck Donanma Komutanl\u0131\u011f\u0131&#8217;nda elde edilen deliller ile san\u0131klar\u0131n delileri karartma ve ka\u00e7ma \u015f\u00fcphesini gerek\u00e7e g\u00f6sterdi\u011fi belirtildi.<\/p>\n<p style=\"text-align: justify;\">\u0130ddianamenin kabul edilmesinin ard\u0131ndan \u00e7\u0131kar\u0131lan yakalama karar\u0131n\u0131n daha sonra kald\u0131r\u0131lmas\u0131, san\u0131klar\u0131n t\u00fcm duru\u015fmalara kat\u0131lmalar\u0131 nedeniyle \u00e7\u0131kan karar s\u00fcrpriz olarak de\u011ferlendirilirken, G\u00f6lc\u00fck\u2019te ele ge\u00e7irielen 43 klas\u00f6r\u00fcn etkisine vurgu yap\u0131l\u0131yor.<\/p>\n<p style=\"text-align: justify;\">Ayr\u0131ca, daha \u00f6nce bu davada tahliye karar\u0131 veren hakimlerin t\u00fcm\u00fcn\u00fcn g\u00f6rev yerlerinin de\u011fi\u015ftirildi\u011fi ve bu tutuklama kararlar\u0131n\u0131n alt\u0131nda ba\u015fka hakimlerin imzas\u0131n\u0131n bulundu\u011funa da dikkat \u00e7ekiliyor.<\/p>\n<p style=\"text-align: justify;\"><strong>DURU\u015eMA SALONUNDA YA\u015eANANLAR<\/strong><\/p>\n<p style=\"text-align: justify;\">&#8221;Balyoz Plan\u0131&#8221; iddialar\u0131yla ilgili eski Hava Kuvvetleri Komutan\u0131 emekli Orgeneral Halil \u0130brahim F\u0131rt\u0131na, eski Deniz Kuvvetleri Komutan\u0131 emekli Oramiral \u00d6zden \u00d6rnek ve eski 1. Ordu Komutan\u0131 emekli Orgeneral \u00c7etin Do\u011fan&#8217;\u0131n da aralar\u0131nda bulundu\u011fu 196 san\u0131kl\u0131 davan\u0131n 13. duru\u015fmas\u0131 ba\u015flad\u0131.<\/p>\n<p style=\"text-align: justify;\">\u0130stanbul 10. A\u011f\u0131r Ceza Mahkemesince Silivri Ceza \u0130nfaz Kurumlar\u0131 Yerle\u015fkesi&#8217;ndeki salonda yap\u0131lan duru\u015fmaya Halil \u0130brahim F\u0131rt\u0131na, \u00d6zden \u00d6rnek, Feyyaz \u00d6\u011f\u00fctc\u00fc ile &#8221;Ergenekon&#8221; davas\u0131n\u0131n tutuklu san\u0131\u011f\u0131 Cengiz K\u00f6yl\u00fc ve Mehmet Fikri Karada\u011f, ile ba\u015fka su\u00e7tan Diyarbak\u0131r Cezaevinde tutuklu bulunan eski Kayseri Jandarma Komutan\u0131 emekli Albay Cemal Temiz\u00f6z&#8217;\u00fcn de aralar\u0131nda bulundu\u011fu 167 san\u0131k kat\u0131ld\u0131.<\/p>\n<p style=\"text-align: justify;\">Duru\u015fmaya, emekli Orgeneral \u00c7etin Do\u011fan ve &#8221;\u0130rtica ile M\u00fccadele Eylem Plan\u0131&#8221; davas\u0131n\u0131n tutuklu san\u0131\u011f\u0131 Albay Dursun \u00c7i\u00e7ek&#8217;in de aralar\u0131nda bulundu\u011fu 29 san\u0131k ise gelmedi. Duru\u015fmada s\u00f6z alan emekli Korgeneral Engin Alan&#8217;\u0131n avukat\u0131 Ayhan Nacak, \u00d6ZG\u00dcR-DER, R\u0131dvan Kaya, Hamza T\u00fcrkmen, Abdurrahman Dilipak ile Abdurrahman Ko\u00e7o\u011flu ve Hukuk\u00e7ular Derne\u011finin m\u00fcdahillik taleplerinin reddedilmesi gerekti\u011fini s\u00f6yledi.<\/p>\n<p style=\"text-align: justify;\">\u0130ddianamedeki su\u00e7lamalardan zarar g\u00f6rmedi\u011fi gerek\u00e7esiyle h\u00fck\u00fcmetin de bu davaya kat\u0131lma talebinde bulunamayaca\u011f\u0131n\u0131 belirten Nacak, &#8221;H\u00fck\u00fcmet burada zarara u\u011framam\u0131\u015ft\u0131r. Aksine burada prim yapm\u0131\u015ft\u0131r. Abdullah G\u00fcl Cumhurba\u015fkan\u0131, Recep Tayyip Erdo\u011fan da Ba\u015fbakan olmu\u015ftur. Ortada bir zarar yoktur&#8221; dedi.<\/p>\n<p style=\"text-align: justify;\">Avukat Nacak, bu dava nedeniyle \u00e7ok ki\u015finin m\u00fcdahale talebinde bulunmak istedi\u011fini, Manisa Barosundan bile m\u00fcdahil olmak i\u00e7in talep dilek\u00e7elerinin geldi\u011fini ifade ederek, davaya m\u00fcdahil olacak ki\u015filerin hepsi konu\u015fur ve kendi siyasi g\u00f6r\u00fc\u015flerini anlat\u0131rsa bu davan\u0131n \u00e7ok uzun s\u00fcrece\u011fini s\u00f6yledi.<\/p>\n<p style=\"text-align: justify;\"><strong>&#8221;BU PLAN, SUBAY VE ASTSUBAYLARA HAKARETT\u0130R&#8221;<\/strong><\/p>\n<p style=\"text-align: justify;\">\u00d6z\u00fcr dileyerek bir \u015fey daha s\u00f6ylemek istedi\u011fini dile getiren avukat Nacak, &#8221;Burada su\u00e7lanan subay ve astsubaylar\u0131n bu plan\u0131 yapacak yetenekte olmad\u0131\u011f\u0131n\u0131 d\u00fc\u015f\u00fcn\u00fcyorum. Burada bahsedilen o kadar k\u00f6t\u00fc bir plan ki buradaki astsubay bile b\u00f6yle bir plan\u0131 haz\u0131rlamaz. Bu subay ve astsubaylara hakarettir. S\u00f6zde darbe plan\u0131n\u0131 yazacak yetenekte hi\u00e7bir subay ve astsubay yoktur. O kadar k\u00f6t\u00fc bir pland\u0131r ki TCK&#8217;n\u0131n 301. maddesinin uygulanmas\u0131 gerekir. Orduya, subay ve astsubaylara hakarettir&#8221; \u015feklinde konu\u015ftu.<\/p>\n<p style=\"text-align: justify;\">Bunun \u00fczerine araya giren Mahkeme Heyeti Ba\u015fkan\u0131 \u00d6mer Diken, bir \u015feyin alt\u0131n\u0131 \u00e7izmek istedi\u011fini belirterek, &#8221;Burada yarg\u0131lanan TSK de\u011fil. \u015eah\u0131slara kar\u015f\u0131 a\u00e7\u0131lm\u0131\u015f bir dava. Ki\u015filerin bir kurumda \u00e7al\u0131\u015f\u0131yor olmas\u0131 o kurumun burada yarg\u0131land\u0131\u011f\u0131 anlam\u0131na gelmez. Dava o kuruma a\u00e7\u0131lm\u0131\u015f say\u0131lmaz. Burada hakk\u0131nda dava a\u00e7\u0131lan ger\u00e7ek ki\u015filer yarg\u0131lan\u0131yor&#8221; ifadesini kulland\u0131.<\/p>\n<p style=\"text-align: justify;\">Avukat Ayhan Nacak da &#8221;TSK&#8217;n\u0131n y\u00fczde 15&#8217;i yarg\u0131land\u0131\u011f\u0131 i\u00e7in benim \u015fahsi kanaatim burada T\u00fcrk Silahl\u0131 Kuvvetleri yarg\u0131lan\u0131yor&#8221; cevab\u0131n\u0131 verdi.<\/p>\n<p style=\"text-align: justify;\"><strong>&#8220;B\u00d6YLE G\u0130DERSE 70 M\u0130LYON GELECEK&#8221;<\/strong><\/p>\n<p style=\"text-align: justify;\">Duru\u015fmada, emekli Orgeneral Halil \u0130brahim F\u0131rt\u0131na&#8217;n\u0131n avukat\u0131 Kaz\u0131m Yi\u011fit Akal\u0131n, G\u00f6lc\u00fck Donanma Komutanl\u0131\u011f\u0131ndaki aramada bulunan ve 43 klas\u00f6r halinde mahkemeye g\u00f6nderilen belgelerin, yarg\u0131lama a\u015famas\u0131 ba\u015flad\u0131ktan sonra bulundu\u011funun anla\u015f\u0131ld\u0131\u011f\u0131n\u0131 kaydetti.<\/p>\n<p style=\"text-align: justify;\">Bundaki temel amac\u0131n davay\u0131 uzatmak ve bitmemesini sa\u011flamak oldu\u011funu belirten Akal\u0131n, &#8221;G\u00f6lc\u00fck&#8217;te bulunan 43 klas\u00f6r belge aras\u0131ndaki &#8216;Balyoz Darbe Plan\u0131&#8217; Re\u015fat Polat adl\u0131 bir polis taraf\u0131ndan yaz\u0131lm\u0131\u015ft\u0131r. 1. klas\u00f6r\u00fcn i\u00e7indeki Ergin Saygun klas\u00f6r\u00fcnden sonra &#8216;iddianame ve ekleri&#8217; klas\u00f6r\u00fcndeki &#8216;Balyoz Harekat Plan\u0131&#8217; word belgesinin \u00fczerine gelip \u00f6zelliklere t\u0131kland\u0131\u011f\u0131n\u0131zda 2 Aral\u0131k 2010 tarihinde Re\u015fat Polat taraf\u0131ndan kaydedildi\u011fi g\u00f6r\u00fcl\u00fcyor. Bu belge, dosyadaki dijital verilerin niye delil olamayaca\u011f\u0131n\u0131 g\u00f6steriyor&#8221; diye konu\u015ftu.<\/p>\n<p style=\"text-align: justify;\">Eski 1. Ordu Komutan\u0131 emekli Orgeneral \u00c7etin Do\u011fan&#8217;\u0131n avukat\u0131 H\u00fcseyin Ers\u00f6z, \u00d6zg\u00fcr-Der, Hukuk\u00e7ular Derne\u011fi ve Abdurrahman Dilipak ve di\u011ferlerinin su\u00e7tan zarar g\u00f6rd\u00fckleri iddias\u0131yla kat\u0131lma talebinde bulunduklar\u0131n\u0131 hat\u0131rlatarak, bu derneklerin isimlerinin 11 nolu CD&#8217;de kapat\u0131lacak dernekler listesinde yer ald\u0131\u011f\u0131n\u0131 s\u00f6yledi.<\/p>\n<p style=\"text-align: justify;\">S\u00f6z konusu CD&#8217;de ayr\u0131ca T\u00fcrk-\u0130ran \u0130\u015f Adamlar\u0131 Derne\u011finin de yer ald\u0131\u011f\u0131n\u0131 ifade eden Ers\u00f6z, 11 nolu CD ile ilgili soru\u015fturma s\u0131ras\u0131nda bilirki\u015filer, emniyet ve T\u00dcB\u0130TAK&#8217;\u0131n inceleme yapt\u0131\u011f\u0131n\u0131 ve bu raporlara g\u00f6re, 11 nolu CD&#8217;nin 2003 y\u0131l\u0131nda olu\u015fturuldu\u011fu ve \u00fczerinde ba\u015fkaca bir de\u011fi\u015fiklik yap\u0131lmad\u0131\u011f\u0131n\u0131n anla\u015f\u0131ld\u0131\u011f\u0131n\u0131 kaydetti.<\/p>\n<p style=\"text-align: justify;\">Ers\u00f6z, yapt\u0131klar\u0131 incelemeler sonucunda, T\u00fcrk-\u0130ran \u0130\u015f Adamlar\u0131 Derne\u011finin, 2005 y\u0131l\u0131nda kuruldu\u011funu tespit ettiklerini dile getirerek, &#8221;2003 y\u0131l\u0131nda haz\u0131rlanan ve \u00fczerinde hi\u00e7bir de\u011fi\u015fiklik yap\u0131lmad\u0131\u011f\u0131 bilirki\u015fi raporlar\u0131yla belirtilen CD&#8217;nin i\u00e7inde 2005 y\u0131l\u0131nda kurulan bir dernek nas\u0131l oluyor da yer al\u0131yor? \u00d6yle ise bu delil hukuk d\u0131\u015f\u0131 ve sahte belgedir. O zaman sahteli\u011fi ortada olan bu delil ile ilgili m\u00fcdahillik talepleri de kabul edilemez&#8221; dedi.<\/p>\n<p style=\"text-align: justify;\">Su\u00e7tan zarar g\u00f6rd\u00fc\u011f\u00fcn\u00fc s\u00f6yleyen gazeteci-yazar Abdurrahman Dilipak&#8217;\u0131n, kes, kopyala, yap\u0131\u015ft\u0131r y\u00f6ntemiyle olu\u015fturulmu\u015f ve i\u00e7inde tarih \u00e7eli\u015fkileri olan belgelerle m\u00fcdahillik talebinin kabul edilemeyece\u011fini ifade eden Ers\u00f6z, &#8221;Bu davada ma\u011fdur olan, huzurda bulunan san\u0131klard\u0131r. Abdurrahman Dilipak, \u00d6ZG\u00dcR-DER ve Hukuk\u00e7ular Birli\u011fi, san\u0131klar\u0131 ma\u011fdur etmi\u015flerdir&#8221; dedi.<\/p>\n<p style=\"text-align: justify;\">Ers\u00f6z, kat\u0131lma taleplerinin 11 nolu CD&#8217;ye dayand\u0131r\u0131ld\u0131\u011f\u0131n\u0131 anlatarak, hukuki nitelikte delil olmayan CD&#8217;lerin gerek\u00e7e g\u00f6sterilemeyece\u011fini kaydetti.<\/p>\n<p style=\"text-align: justify;\">Duru\u015fmada s\u00f6z alan di\u011fer baz\u0131 san\u0131k avukatlar\u0131 da davaya m\u00fcdahil olmak isteyenlerin ve bu talebi yerinde g\u00f6ren cumhuriyet savc\u0131s\u0131n\u0131n bu y\u00f6ndeki isteklerinin reddedilmesi gerekti\u011fini bildirdi.<\/p>\n<p style=\"text-align: justify;\"><strong>&#8221;ASIL B\u0130Z MA\u011eDURUZ&#8221;<\/strong><\/p>\n<p style=\"text-align: justify;\">Mahkeme Ba\u015fkan\u0131 \u00d6mer Diken, m\u00fcdahillik talepleriyle ilgili olarak iddianame s\u0131ras\u0131na g\u00f6re s\u00f6z verdi\u011fi san\u0131klardan eski Deniz Kuvvetleri Komutan\u0131 emekli Oramiral \u00d6zden \u00d6rnek, m\u00fcdahillere ayr\u0131lan b\u00f6l\u00fcm\u00fc g\u00f6stererek, &#8221;Davaya kat\u0131lmalar\u0131na kendileri de inansalard\u0131 burada olurlard\u0131. Reddine&#8230;&#8221; dedi.<\/p>\n<p style=\"text-align: justify;\">Eski Hava Kuvvetleri Komutan\u0131 emekli Orgeneral \u0130brahim F\u0131rt\u0131na da olas\u0131l\u0131\u011f\u0131n sonunun olmad\u0131\u011f\u0131n\u0131, ihtimaliyatta her \u015feyin ihtimal dahilinde oldu\u011funu belirterek, &#8221;B\u00f6yle giderse su\u00e7tan zarar g\u00f6rd\u00fc\u011f\u00fcn\u00fc s\u00f6yleyen herkes buraya gelir. 70 milyon da gelir. Siz de m\u00fcdahil olabilirsiniz o zaman. Mahkemenin bu konuda do\u011fru bir \u015fekilde de\u011ferlendirme yapaca\u011f\u0131n\u0131 umuyorum&#8221; \u015feklinde konu\u015ftu.<\/p>\n<p style=\"text-align: justify;\">Eski MGK Genel Sekreteri emekli Orgeneral \u015e\u00fckr\u00fc Sar\u0131\u0131\u015f\u0131k, meslek hayatlar\u0131 boyunca toplum i\u00e7erisinde ciddi bir yer ald\u0131klar\u0131n\u0131 belirterek, mahkeme salonunun \u015fov yeri olmad\u0131\u011f\u0131n\u0131, burada bug\u00fcne kadar olu\u015fturulan ciddi havan\u0131n bu ki\u015filerin kat\u0131lmas\u0131 durumunda bozulaca\u011f\u0131n\u0131 s\u00f6yledi.<\/p>\n<p style=\"text-align: justify;\">Emekli Tu\u011fgeneral \u0130zzet Ocak, &#8221;burada bir ma\u011fdur varsa onlar\u0131n da buradaki 196 ki\u015fi ve ailesi ve dostlar\u0131 oldu\u011funu&#8221; ifade etti.<\/p>\n<p style=\"text-align: justify;\">Emekli Tu\u011fgeneral S\u00fcha Tanyeri de, m\u00fcdahillik taleplerinin reddedilmesi gerekti\u011fini belirterek, &#8221;Buraya gelip bildiri da\u011f\u0131tan ki\u015filer mi ma\u011fdur, biz mi ma\u011fduruz? Onlar\u0131 ma\u011fdur etmi\u015f olamay\u0131z. 2002-2003 y\u0131llar\u0131 ile ilgili olarak su\u00e7lan\u0131yoruz. Oysa ma\u011fdur olduklar\u0131n\u0131 iddia edenlerin isimleri, 2005 y\u0131l\u0131na ait bir belgede ge\u00e7iyor. Birileri ma\u011fdur etmi\u015ftir biz de\u011fil, gitsin onlardan hesap sorsunlar. M\u00fcdahil talebinde bulunanlar bizi ma\u011fdur etmi\u015ftir&#8221; \u015feklinde konu\u015ftu.<\/p>\n<p style=\"text-align: justify;\"><strong>&#8221;\u0130LK G\u00dcNDEM \u0130T\u0130BAREN MA\u011eDUR OLANLARDAN B\u0130R\u0130 BEN\u0130M&#8221;<\/strong><\/p>\n<p style=\"text-align: justify;\">Emekli Tu\u011fgeneral Behzat Balta da as\u0131l ma\u011fdurun kendileri oldu\u011funu ifade ederek, &#8221;\u0130lk g\u00fcnden itibaren ma\u011fdur olanlardan biri benim&#8221; dedi.<\/p>\n<p style=\"text-align: justify;\">Sa\u011f\u0131na soluna yaftalar yap\u0131\u015ft\u0131r\u0131l\u0131p foto\u011fraf\u0131n\u0131n \u00e7ekildi\u011fini bir\u00e7ok kere parmak izinin al\u0131nd\u0131\u011f\u0131n\u0131 dile getiren Balta, &#8221;Ben 44 sene vatana hizmet etmi\u015f birisi olarak daha nas\u0131l ma\u011fdur olabilirim, ama bunlar ama\u00e7lar\u0131na ula\u015ft\u0131lar&#8221; diye konu\u015ftu.<\/p>\n<p style=\"text-align: justify;\">Emekli Tu\u011fgeneral Ahmet Yavuz, belgelerdeki 11 nolu CD&#8217;nin uluslararas\u0131 g\u00fcvenirli\u011fi zedelenmemi\u015f bir heyet taraf\u0131ndan incelenmesini istedi\u011fini anlatarak, &#8221;Bu do\u011fru \u00e7\u0131karsa, m\u00fcdahil olma taleplerinin kabul edilmesini ve bu do\u011frultuda t\u00fcm san\u0131klar\u0131n yarg\u0131lanmas\u0131n\u0131 istiyorum. Hayat\u0131mda hi\u00e7 bu kadar beceriksiz bir plan g\u00f6rmedim&#8221; \u015fekline konu\u015ftu.<\/p>\n<p style=\"text-align: justify;\">Emekli Albay Erdal Akyazan da cumhuriyet savc\u0131s\u0131n\u0131n m\u00fcdahillik taleplerini yerinde g\u00f6rmesi ve bunun kabul edilmesi y\u00f6n\u00fcndeki isteminde bir gerek\u00e7e sunmad\u0131\u011f\u0131n\u0131 belirterek, m\u00fctalaada gerek\u00e7enin olmamas\u0131n\u0131n hukuki teredd\u00fctler do\u011furaca\u011f\u0131n\u0131 s\u00f6yledi.<\/p>\n<p style=\"text-align: justify;\">Trajikomik bir an\u0131s\u0131n\u0131 anlatmak istedi\u011fini dile getiren Akyazan, \u015funlar\u0131 kaydetti: &#8221;12 Eyl\u00fclde darbe kar\u015f\u0131t\u0131 oldu\u011fumu a\u00e7\u0131k a\u00e7\u0131k s\u00f6yledi\u011fim i\u00e7in g\u00f6revli oldu\u011fum \u0130stanbul Piyade Okulundan, karac\u0131 oldu\u011fum halde \u0130zmir&#8217;deki Hava Kuvvetleri Teknik Okullar Komutanl\u0131\u011f\u0131na g\u00f6nderdiler. Daha sonra &#8216;Darbe kar\u015f\u0131t\u0131 \u00f6rg\u00fcte \u00fcye oldu\u011fum&#8217; gerek\u00e7esiyle g\u00f6zalt\u0131na al\u0131n\u0131p tutukland\u0131m. G\u00f6zalt\u0131nda oldu\u011fum 45 g\u00fcn ya\u015fad\u0131klar\u0131m\u0131 hamaset olarak de\u011ferlendirilebilece\u011fi i\u00e7in anlatm\u0131yorum. 1980&#8217;de &#8216;darbe kar\u015f\u0131t\u0131&#8217; oldu\u011fum i\u00e7in yarg\u0131land\u0131m, \u015fimdi de &#8216;darbeci&#8217; oldu\u011fum i\u00e7in yarg\u0131lan\u0131yorum. Ben de ne yanl\u0131s\u0131 oldu\u011fumu kar\u0131\u015ft\u0131r\u0131r hale geldim.&#8221;<\/p>\n<p style=\"text-align: justify;\"><a href=\"http:\/\/www.gazeteport.com.tr\/GUNCEL\/NEWS\/GP_851671\" target=\"_blank\"><span style=\"color: #888888;\">Kaynak : GAZETEPORT<\/span><\/a><\/p>\n","protected":false},"excerpt":{"rendered":"<p style=\"text-align: center;\">\n<p style=\"text-align: justify;\">&#8216;Balyoz Plan\u0131&#8217; davas\u0131nda, emekli orgeneraller F\u0131rt\u0131na, \u00d6rnek ve Alan&#8217;\u0131n da aralar\u0131nda bulundu\u011fu 134 san\u0131\u011f\u0131n tutuklanmas\u0131na, 29 san\u0131k hakk\u0131nda da yakalama karar\u0131 \u00e7\u0131kar\u0131lmas\u0131na karar verdi.<\/p>\n<p style=\"text-align: justify;\">Eski 1&#8217;inci Ordu Komutan\u0131 emekli Orgeneral \u00c7etin Do\u011fan hakk\u0131nda ise yakalama karar\u0131 \u00e7\u0131kar\u0131ld\u0131. Karar\u0131n a\u00e7\u0131klamas\u0131n\u0131n ard\u0131ndan salonda bulunan san\u0131klar da hep bir a\u011f\u0131zdan Harbiye <\/p>\n","protected":false},"author":1,"featured_media":0,"comment_status":"open","ping_status":"closed","sticky":false,"template":"","format":"standard","meta":{"footnotes":""},"categories":[105],"tags":[],"class_list":["post-28224","post","type-post","status-publish","format-standard","hentry","category-gundem","odd"],"_links":{"self":[{"href":"http:\/\/www.korhanyilmaz.com\/index.php?rest_route=\/wp\/v2\/posts\/28224","targetHints":{"allow":["GET"]}}],"collection":[{"href":"http:\/\/www.korhanyilmaz.com\/index.php?rest_route=\/wp\/v2\/posts"}],"about":[{"href":"http:\/\/www.korhanyilmaz.com\/index.php?rest_route=\/wp\/v2\/types\/post"}],"author":[{"embeddable":true,"href":"http:\/\/www.korhanyilmaz.com\/index.php?rest_route=\/wp\/v2\/users\/1"}],"replies":[{"embeddable":true,"href":"http:\/\/www.korhanyilmaz.com\/index.php?rest_route=%2Fwp%2Fv2%2Fcomments&post=28224"}],"version-history":[{"count":0,"href":"http:\/\/www.korhanyilmaz.com\/index.php?rest_route=\/wp\/v2\/posts\/28224\/revisions"}],"wp:attachment":[{"href":"http:\/\/www.korhanyilmaz.com\/index.php?rest_route=%2Fwp%2Fv2%2Fmedia&parent=28224"}],"wp:term":[{"taxonomy":"category","embeddable":true,"href":"http:\/\/www.korhanyilmaz.com\/index.php?rest_route=%2Fwp%2Fv2%2Fcategories&post=28224"},{"taxonomy":"post_tag","embeddable":true,"href":"http:\/\/www.korhanyilmaz.com\/index.php?rest_route=%2Fwp%2Fv2%2Ftags&post=28224"}],"curies":[{"name":"wp","href":"https:\/\/api.w.org\/{rel}","templated":true}]}}