{"id":28217,"date":"2011-02-11T23:56:29","date_gmt":"2011-02-11T21:56:29","guid":{"rendered":"http:\/\/www.korhanyilmaz.com\/?p=28217"},"modified":"2011-02-11T23:56:29","modified_gmt":"2011-02-11T21:56:29","slug":"balyoza-bakma-misira-bak","status":"publish","type":"post","link":"http:\/\/www.korhanyilmaz.com\/?p=28217","title":{"rendered":"Balyoz&#8217;a bakma M\u0131s\u0131r&#8217;a bak"},"content":{"rendered":"<p style=\"text-align: justify;\"><a href=\"http:\/\/www.korhanyilmaz.com\/wp-content\/uploads\/2011\/02\/316.jpg\"  class=\"lightview\"><img loading=\"lazy\" decoding=\"async\" class=\"aligncenter size-full wp-image-28218\" src=\"http:\/\/www.korhanyilmaz.com\/wp-content\/uploads\/2011\/02\/316.jpg\" alt=\"\" width=\"250\" height=\"175\" \/><\/a><\/p>\n<p style=\"text-align: justify;\">Balyoz Davas\u0131 avukatlar\u0131ndan Celal \u00dclgen, davada ya\u015fanan tutuklamalar\u0131 Odatv&#8217;ye de\u011ferlendirdi.<\/p>\n<p style=\"text-align: justify;\">\u0130\u015fte \u00dclgen&#8217;in a\u00e7\u0131klamalar\u0131:<\/p>\n<p style=\"text-align: justify;\">10. A\u011eIR CEZA MAHKEMES\u0130N\u0130N 163 muvazzaf ve emekli asker i\u00e7in ald\u0131\u011f\u0131 tutuklama karar\u0131 hukukun T\u00fcrkiye&#8217;de geldi\u011fi son a\u015faman\u0131n do\u011fal bir \u00f6l\u00e7\u00fct\u00fcd\u00fcr.<\/p>\n<p style=\"text-align: justify;\">\u00dclkemizde bug\u00fcn toplumun g\u00f6z\u00fcn\u00fcn i\u00e7ine baka baka toplum aldat\u0131lmaktad\u0131r.<!--more--><\/p>\n<p style=\"text-align: justify;\">Bat\u0131l\u0131 bir \u00fclkede g\u00fcl\u00fcp ge\u00e7ilecek cinsten bir CD ya da harddisk i\u00e7inden \u00e7\u0131km\u0131\u015f imzas\u0131z dokum\u00fcnlar delil olarak kabul edilmekte \u00fcstelik \u015faibeli bir bi\u00e7imde elde edilmi\u015f olan bu delillerin karart\u0131lmamas\u0131 i\u00e7in de san\u0131klar\u0131n tutuklanmas\u0131na karar verilmektedir.<\/p>\n<p style=\"text-align: justify;\"><span style=\"text-decoration: underline;\">Gazeteciler art\u0131k gazeteci de\u011fil, Hukuk\u00e7ular Hukuk\u00e7u de\u011fil, \u00dcniversiteler \u00dcniversite de\u011fil&#8230;<\/span><\/p>\n<p style=\"text-align: justify;\"><span style=\"text-decoration: underline;\">Kimse temel g\u00f6revlerini yapm\u0131yor. Kimse sorumlu ayd\u0131n olman\u0131n gere\u011fini yerine getirmiyor. G\u00f6z\u00fc \u00f6n\u00fcnde i\u015flenen Hukuk Cinayetlerine izleyici gibi bak\u0131yor. Gemisini kurtaran kaptanc\u0131l\u0131k oynuyor&#8230;<br \/>\n<\/span><\/p>\n<p style=\"text-align: justify;\"><span style=\"text-decoration: underline;\">Koca bir \u00dclke hukuksuzlu\u011fa g\u00f6m\u00fcl\u00fcyor. Koca bir \u00fclke ba\u015ftan a\u015fa\u011f\u0131 karanl\u0131k&#8230; Kimin umurunda? Tuzun kuruysa, i\u015fin iyiyse, kime ne olursa olsun s\u00fcrd\u00fcr i\u015fini&#8230; Gazeteci misin, \u00dcniversite&#8217;de \u00f6\u011fretim \u00fcyesi misin, Yazar m\u0131s\u0131n, Ayd\u0131n m\u0131s\u0131n? Bo\u015fver s\u00fcrd\u00fcr i\u015fini&#8230; Hukuksuzlu\u011fa u\u011frayan sen de\u011filsin&#8230; <\/span><\/p>\n<p style=\"text-align: justify;\">Bu arada M\u0131s\u0131r&#8217;a bak&#8230; M\u0131s\u0131r ordusu ile ABD aras\u0131ndaki ili\u015fkiyi g\u00f6r. Bizim Ordumuza ellerin ni\u00e7in uzand\u0131\u011f\u0131n\u0131 ise hi\u00e7 g\u00f6rme&#8230; Yoksa \u00c7arp\u0131l\u0131rs\u0131n&#8230;<\/p>\n<p style=\"text-align: justify;\"><a href=\"http:\/\/www.odatv.com\/n.php?n=balyoza-bakma-misira-bak-1102111200\" target=\"_blank\"><span style=\"color: #888888;\">Kaynak : odatv.com<\/span><\/a><\/p>\n","protected":false},"excerpt":{"rendered":"<p style=\"text-align: justify;\">\n<p style=\"text-align: justify;\">Balyoz Davas\u0131 avukatlar\u0131ndan Celal \u00dclgen, davada ya\u015fanan tutuklamalar\u0131 Odatv&#8217;ye de\u011ferlendirdi.<\/p>\n<p style=\"text-align: justify;\">\u0130\u015fte \u00dclgen&#8217;in a\u00e7\u0131klamalar\u0131:<\/p>\n<p style=\"text-align: justify;\">10. A\u011eIR CEZA MAHKEMES\u0130N\u0130N 163 muvazzaf ve emekli asker i\u00e7in ald\u0131\u011f\u0131 tutuklama karar\u0131 hukukun T\u00fcrkiye&#8217;de geldi\u011fi son a\u015faman\u0131n do\u011fal bir \u00f6l\u00e7\u00fct\u00fcd\u00fcr.<\/p>\n<p style=\"text-align: justify;\">\u00dclkemizde bug\u00fcn toplumun g\u00f6z\u00fcn\u00fcn i\u00e7ine baka baka toplum aldat\u0131lmaktad\u0131r.<\/p>\n","protected":false},"author":1,"featured_media":0,"comment_status":"open","ping_status":"closed","sticky":false,"template":"","format":"standard","meta":{"footnotes":""},"categories":[105],"tags":[],"class_list":["post-28217","post","type-post","status-publish","format-standard","hentry","category-gundem","odd"],"_links":{"self":[{"href":"http:\/\/www.korhanyilmaz.com\/index.php?rest_route=\/wp\/v2\/posts\/28217","targetHints":{"allow":["GET"]}}],"collection":[{"href":"http:\/\/www.korhanyilmaz.com\/index.php?rest_route=\/wp\/v2\/posts"}],"about":[{"href":"http:\/\/www.korhanyilmaz.com\/index.php?rest_route=\/wp\/v2\/types\/post"}],"author":[{"embeddable":true,"href":"http:\/\/www.korhanyilmaz.com\/index.php?rest_route=\/wp\/v2\/users\/1"}],"replies":[{"embeddable":true,"href":"http:\/\/www.korhanyilmaz.com\/index.php?rest_route=%2Fwp%2Fv2%2Fcomments&post=28217"}],"version-history":[{"count":0,"href":"http:\/\/www.korhanyilmaz.com\/index.php?rest_route=\/wp\/v2\/posts\/28217\/revisions"}],"wp:attachment":[{"href":"http:\/\/www.korhanyilmaz.com\/index.php?rest_route=%2Fwp%2Fv2%2Fmedia&parent=28217"}],"wp:term":[{"taxonomy":"category","embeddable":true,"href":"http:\/\/www.korhanyilmaz.com\/index.php?rest_route=%2Fwp%2Fv2%2Fcategories&post=28217"},{"taxonomy":"post_tag","embeddable":true,"href":"http:\/\/www.korhanyilmaz.com\/index.php?rest_route=%2Fwp%2Fv2%2Ftags&post=28217"}],"curies":[{"name":"wp","href":"https:\/\/api.w.org\/{rel}","templated":true}]}}