{"id":28212,"date":"2011-02-11T16:25:57","date_gmt":"2011-02-11T14:25:57","guid":{"rendered":"http:\/\/www.korhanyilmaz.com\/?p=28212"},"modified":"2011-02-11T16:25:57","modified_gmt":"2011-02-11T14:25:57","slug":"yildirim-beyazit-universitesinde-kadrolasma","status":"publish","type":"post","link":"http:\/\/www.korhanyilmaz.com\/?p=28212","title":{"rendered":"Y\u0131ld\u0131r\u0131m Beyaz\u0131t \u00dcniversitesi&#8217;nde Kadrola\u015fma"},"content":{"rendered":"<p style=\"text-align: center;\"><a href=\"http:\/\/www.korhanyilmaz.com\/wp-content\/uploads\/2011\/02\/317.jpg\"  class=\"lightview\"><img loading=\"lazy\" decoding=\"async\" class=\"aligncenter size-full wp-image-28222\" src=\"http:\/\/www.korhanyilmaz.com\/wp-content\/uploads\/2011\/02\/317.jpg\" alt=\"\" width=\"419\" height=\"203\" \/><\/a><\/p>\n<p style=\"text-align: justify;\">T\u00fcm \u00d6\u011fretim Elemanlar\u0131 Derne\u011fi (T\u00dcM\u00d6D) ve T\u0131p Kurumu, Y\u0131ld\u0131r\u0131m Beyaz\u0131t \u00dcniversitesi\u2019ndeki kadrola\u015fmay\u0131 \u00e7ok \u00e7arp\u0131c\u0131 \u00f6rneklerle ortaya koydu.<\/p>\n<p style=\"text-align: justify;\"><strong>\u0130\u015fte rekt\u00f6r\u00fcnden, \u00f6\u011fretim \u00fcyelerine kadar bir \u00fcniversitede nas\u0131l kadrola\u015fma ya\u015fand\u0131\u011f\u0131n\u0131n foto\u011fraf\u0131: <\/strong><\/p>\n<p style=\"text-align: justify;\">\u201c21 Temmuz 2010 tarih ve 27648 say\u0131l\u0131 Resmi Gazetede yay\u0131mlanarak y\u00fcr\u00fcrl\u00fc\u011fe giren yasa ile 8 yeni \u00fcniversite kurulmu\u015ftur. Bu yeni \u00fcniversitelerden biri de Ankara&#8217;daki Y\u0131ld\u0131r\u0131m Beyaz\u0131t \u00dcniversitesi\u2019dir. Cumhurba\u015fkanl\u0131\u011f\u0131 taraf\u0131ndan Y\u0131ld\u0131r\u0131m Beyaz\u0131t \u00dcniversitesi Kurucu Rekt\u00f6rl\u00fc\u011f\u00fcne Ankara Atat\u00fcrk E\u011fitim ve Ara\u015ft\u0131rma Hastanesi Ba\u015fhekimi Prof. Dr. Metin Do\u011fan atand\u0131. Kurucu Rekt\u00f6r Metin Do\u011fan, ortopedi ve travmatoloji uzman\u0131. \u00d6zge\u00e7mi\u015fine bakt\u0131\u011f\u0131m\u0131zda 2005 y\u0131l\u0131nda do\u00e7ent unvan\u0131n\u0131 ald\u0131\u011f\u0131n\u0131 g\u00f6r\u00fcyoruz. Dr. Metin Do\u011fan, Atat\u00fcrk E\u011fitim ve Ara\u015ft\u0131rma Hastanesindeki g\u00f6revini s\u00fcrd\u00fcr\u00fcrken, Sakarya \u00dcniversitesi Y\u00f6netim Kurulu&#8217;nun 1 Ekim 2010 tarihli toplant\u0131s\u0131nda al\u0131nan kararla profes\u00f6rl\u00fck kadrosuna atand\u0131. <!--more--><\/p>\n<p style=\"text-align: justify;\">Sakarya \u00dcniversitesi Y\u00f6netim Kurulu Metin Do\u011fan&#8217;\u0131 profes\u00f6r atad\u0131ktan iki hafta sonra 14.10.2010 tarihli toplant\u0131da Sakarya \u00dcniversitesi ile Sa\u011fl\u0131k Bakanl\u0131\u011f\u0131 aras\u0131nda 05.06.2009 tarihinde imzalanan i\u015fbirli\u011fi protokol\u00fc gere\u011fince Sa\u011fl\u0131k Bakanl\u0131\u011f\u0131 b\u00fcnyesinde \u00e7al\u0131\u015fmalar yapmak \u00fczere (Ba\u015fhekim oldu\u011fu Atat\u00fcrk E\u011fitim ve Ara\u015ft\u0131rma Hastanesine profes\u00f6r olarak geri d\u00f6nmek \u00fczere) 2547 Say\u0131l\u0131 Kanunun 38. Maddesi uyar\u0131nca g\u00f6revlendirilmesine ili\u015fkin karar ald\u0131. Yani do\u00e7ent Metin Do\u011fan profes\u00f6r olarak atand\u0131\u011f\u0131 Sakarya \u00dcniversitesi T\u0131p Fak\u00fcltesi\u2019nde 14 g\u00fcn kald\u0131ktan sonra, profes\u00f6r olarak Atat\u00fcrk Hastanesi\u2019ndeki ba\u015fhekimlik ve klinik \u015fefli\u011fi g\u00f6revine geri d\u00f6nd\u00fc.<\/p>\n<p style=\"text-align: justify;\">Dr. Metin Do\u011fan&#8217;\u0131n adeta jet h\u0131z\u0131yla cereyan eden akademik y\u00fckseli\u015fi sadece 14 g\u00fcn g\u00f6revde kald\u0131\u011f\u0131 Sakarya \u00dcniversitesi T\u0131p Fak\u00fcltesinde profes\u00f6r olarak atand\u0131ktan 2 ay sonra Y\u0131ld\u0131r\u0131m Beyaz\u0131t \u00dcniversitesi Kurucu Rekt\u00f6rl\u00fc\u011f\u00fcne atanmas\u0131yla ile ta\u00e7land\u0131r\u0131ld\u0131. Kurucu rekt\u00f6r olmak i\u00e7in 2 ayl\u0131k jet profes\u00f6r olmak yeterliydi ama \u00fcniversitenin t\u0131p fak\u00fcltesine atanacak olan \u00f6\u011fretim \u00fcyeleri i\u00e7in bamba\u015fka kriterler aran\u0131yordu. Bu kriterler adeta adrese teslim cinsinden ki\u015fiye \u00f6zel kriterlerdi.<\/p>\n<p style=\"text-align: justify;\"><strong>\u0130\u015eTE O KR\u0130TERLER <\/strong><\/p>\n<p style=\"text-align: justify;\"><strong>Y\u0131ld\u0131r\u0131m Beyaz\u0131t \u00dcniversitesi T\u0131p Fak\u00fcltesi Enfeksiyon Hastal\u0131klar\u0131 Ana Bilim Dal\u0131na profes\u00f6r olarak atanmak i\u00e7in<\/strong> en az 10 y\u0131l profes\u00f6rl\u00fck yapma ko\u015fulu getirildi. Bu da yetmedi en az 5 y\u0131l sa\u011fl\u0131k idarecili\u011fi yapm\u0131\u015f olmak ko\u015fulu eklendi. Aday\u0131 daha a\u00e7\u0131k bi\u00e7imde tarif etmek i\u00e7in \u00e7al\u0131\u015ft\u0131\u011f\u0131 alanlar da ilanda \u00f6n ko\u015ful olarak s\u0131raland\u0131. \u015earbon, menenjit, K\u0131r\u0131m-Kongo kanamal\u0131 ate\u015fi ve pandemik grip konular\u0131nda \u00e7al\u0131\u015fma ve deneyim sahibi olma \u015fart\u0131yd\u0131 bunlar. Y\u00fczlerce enfeksiyon hastal\u0131\u011f\u0131 i\u00e7inde sadece d\u00f6rd\u00fcn\u00fcn \u00f6n ko\u015ful olarak getirilmesi olduk\u00e7a dikkat \u00e7ekiciydi. \u0130landa eksik olan herkesin malumu olan profes\u00f6r\u00fcn ad\u0131n\u0131n ve a\u00e7\u0131k adresinin yaz\u0131lmam\u0131\u015f olmas\u0131yd\u0131. Bu durum a\u015fa\u011f\u0131daki kadrolarda da benzer bi\u00e7imde ki\u015fiye \u00f6zel ama\u00e7 ta\u015f\u0131d\u0131\u011f\u0131ndan idarenin takdir yetkisinin keyfi kullan\u0131lamayaca\u011f\u0131 ve hukuka uygun olmas\u0131 gerekti\u011fi temel hukuk ilkesine a\u00e7\u0131k\u00e7a ayk\u0131r\u0131d\u0131r.<\/p>\n<p style=\"text-align: justify;\"><strong>Y\u0131ld\u0131r\u0131m Beyaz\u0131t \u00dcniversitesi T\u0131p Fak\u00fcltesi\u2019nin \u00c7ocuk Hastal\u0131klar\u0131 Ana Bilim dal\u0131ndaki profes\u00f6rl\u00fck kadrosu i\u00e7in<\/strong> <strong>de<\/strong>, Pediatrik hematoloji uzman\u0131 olmak, en az 8 y\u0131ll\u0131k profes\u00f6r olmak ve en az 3 y\u0131l \u00fcst d\u00fczey sa\u011fl\u0131k ve hastane idarecili\u011fi yapm\u0131\u015f olmak \u015fartlar\u0131 aran\u0131yordu.<\/p>\n<p style=\"text-align: justify;\"><strong>Fak\u00fcltenin Fiziksel T\u0131p ve Rehabilitasyon Ana Bilim Dal\u0131 profes\u00f6rl\u00fck kadrosu i\u00e7in <\/strong>getirilen ko\u015fullar daha da ilgin\u00e7ti. Aday\u0131n &#8220;fibromiyalji\u201d konusunda \u00e7ok y\u00f6nl\u00fc \u00e7al\u0131\u015fmalar\u0131 olmas\u0131n\u0131n yan\u0131 s\u0131ra, en az 2 y\u0131ll\u0131k \u00fcst d\u00fczey hastane ve sa\u011fl\u0131k y\u00f6neticili\u011fi yapm\u0131\u015f olma \u015fart\u0131 aran\u0131yordu. Fiziksel t\u0131p ve rehabilitasyon alan\u0131ndaki y\u00fczlerce hastal\u0131ktan sadece biri ve 2 y\u0131ll\u0131k idarecilik ko\u015fulu. Bu kadronun da adrese teslim oldu\u011fu ayan beyan ortadad\u0131r.<\/p>\n<p style=\"text-align: justify;\"><strong>Psikiyatri Ana Bilim Dal\u0131 profes\u00f6rl\u00fck kadrosu i\u00e7in <\/strong>aranan \u00f6n ko\u015fullar daha da ilgin\u00e7ti. En az 10 y\u0131l \u00fcniversite \u00f6\u011fretim \u00fcyesi deneyimi olmak, insan metabolizmas\u0131 ve psikiyatri, kad\u0131n ve psikiyatri konular\u0131nda bilimsel \u00e7al\u0131\u015fma yapm\u0131\u015f olmak, ilaveten EEG ve psikiyatri konusunda e\u011fitim almas\u0131 \u015fartlar\u0131 getiriliyordu. Burada da y\u00fczlerce psikiyatrik hastal\u0131k aras\u0131ndan se\u00e7ilen \u00fc\u00e7 hastal\u0131k alan\u0131 ve 10 y\u0131ll\u0131k idarecilik ko\u015fuluyla adrese teslim bir kadro daha yarat\u0131lm\u0131\u015f oluyordu.<\/p>\n<p style=\"text-align: justify;\"><strong>N\u00f6roloji Ana Bilim dal\u0131 profes\u00f6rl\u00fck kadrosu i\u00e7in <\/strong>aranan ko\u015fullar da benzerdi. \u201cEn az 5 y\u0131ll\u0131k profes\u00f6r olmak ve en az 3 y\u0131l hastane y\u00f6neticili\u011fi yapm\u0131\u015f olmak\u201d ve \u201cElektrofizyolojik \u00e7al\u0131\u015fma ile EMG sertifikas\u0131na sahip olmak\u201d ve bu konuda en az 10 y\u0131ll\u0131k deneyime sahip olmak. Bu ko\u015fullar\u0131n t\u00fcm\u00fcn\u00fc birden ta\u015f\u0131yan yaln\u0131zca bir profes\u00f6r oldu\u011fu ve bu kadronun da adrese teslim amac\u0131n\u0131 ta\u015f\u0131d\u0131\u011f\u0131 \u00e7ok a\u00e7\u0131k ortadad\u0131r.<\/p>\n<p style=\"text-align: justify;\"><strong>Biyokimya Anabilim Dal\u0131ndaki do\u00e7entlik kadrosu i\u00e7in<\/strong> aranan ko\u015fullar da \u00e7ok ilgin\u00e7ti. \u201cOksidatif stress\u201d konusunda bilimsel \u00e7al\u0131\u015fmalar\u0131 olmak ve idrar protein \u00f6l\u00e7\u00fcm\u00fcnde yeni bir teknik geli\u015ftirmi\u015f olma \u015fart\u0131 aran\u0131yordu. T\u00fcrkiye&#8217;de biyokimya alan\u0131nda bu iki ko\u015fulu ta\u015f\u0131yan tek ki\u015finin olmas\u0131 \u00e7ok muhtemeldi ve bu kadro da adrese teslim olarak belirlenmi\u015fti.<\/p>\n<p style=\"text-align: justify;\"><strong>Biyoistatistik Ana Bilim Dal\u0131 i\u00e7in <\/strong>belirlenen ko\u015fullar da \u00e7ok ilgin\u00e7ti. Biyoistatistik alan\u0131nda, T\u0131p Fak\u00fcltesi ve Sa\u011fl\u0131k Bilimleri Enstit\u00fcleri\u2019nde y\u00fcksek lisans d\u00fczeyinde en az 5 y\u0131ll\u0131k \u00fcniversite \u00f6\u011fretim eleman\u0131 olarak ders vermi\u015f olmak ayr\u0131ca, \u201cbeslenme ve sa\u011fl\u0131k alan\u0131nda proje y\u00fcr\u00fct\u00fcc\u00fcl\u00fc\u011f\u00fc yapm\u0131\u015f olma \u015fart\u0131&#8221; aran\u0131yordu. Bu kadronun da adrese teslim oldu\u011fu ayan beyan ortadad\u0131r.<\/p>\n<p style=\"text-align: justify;\"><strong>Genel Cerrahi Ana Bilim Dal\u0131ndaki yard\u0131mc\u0131 do\u00e7entlik kadrosu i\u00e7in<\/strong> aranan ko\u015fullar, \u201ckonstipasyon (kab\u0131zl\u0131k) cerrahisi\u201d ve \u201cdeneysel diyabet ve endotel hasar\u0131 konusunda\u201d deneyim sahibi ve \u00e7al\u0131\u015fmalar\u0131 bulunma \u015fartlar\u0131 olarak belirlenmi\u015fti.<\/p>\n<p style=\"text-align: justify;\"><strong>\u0130\u00e7 Hastal\u0131klar\u0131 Ana Bilim Dal\u0131 yard\u0131mc\u0131 do\u00e7entlik kadrosu i\u00e7in<\/strong> t\u0131bbi onkoloji uzman\u0131 olma ve \u201cmide kanserlerinde neoadjuvan kemoterapi\u201d konusunda \u00e7al\u0131\u015fma ve deneyim sahibi olma \u015fart\u0131 aran\u0131yor. Onkolojideki y\u00fczlerce \u00e7al\u0131\u015fma alan\u0131ndan yaln\u0131zca biri tercih edilmi\u015f.<\/p>\n<p style=\"text-align: justify;\"><strong>Ortopedi ve Tarvmatoloji Klini\u011fi i\u00e7in<\/strong> ilan edilen iki profes\u00f6rl\u00fck kadrosunun da di\u011fer kadrolar gibi adrese teslim oldu\u011fu \u00e7ok a\u00e7\u0131k g\u00f6r\u00fclmektedir. Bunlardan birinde \u00e7ocuk ortopedisi konusunda yeni teknikler geli\u015ftirmi\u015f ve uygulam\u0131\u015f olmak ayr\u0131ca en az 5 y\u0131ll\u0131k \u00fcst d\u00fczey sa\u011fl\u0131k idarecili\u011fi yapm\u0131\u015f olma ko\u015fulu, di\u011ferinde ise eklem cerrahisi ve klinik anatomi konusunda \u00e7al\u0131\u015fma ve deneyim sahibi olma ve 2 y\u0131l hastane ve sa\u011fl\u0131k idarecili\u011fi yapm\u0131\u015f olma ko\u015fulu aran\u0131yordu. Kurucu rekt\u00f6rl\u00fc\u011fe atanan ki\u015finin yaln\u0131zca iki ayl\u0131k profes\u00f6r oldu\u011fu bir \u00fcniversitenin t\u0131p fak\u00fcltesi \u00f6\u011fretim \u00fcyesi kadrolar\u0131 i\u00e7in belirlenen 2 ile 10 y\u0131l aras\u0131nda idarecilik yapma ko\u015fullar\u0131 \u00e7ok ilgin\u00e7tir.<\/p>\n<p style=\"text-align: justify;\"><strong>BUNUN ADI YANDA\u015e KADROLA\u015eMA <\/strong><\/p>\n<p style=\"text-align: justify;\">G\u00f6r\u00fcld\u00fc\u011f\u00fc gibi Y\u0131ld\u0131r\u0131m Beyaz\u0131t \u00dcniversitesi \u00f6\u011fretim \u00fcyelerinde aranan kriterler evlere \u015fenliktir. Atanmas\u0131 planlanan \u00f6\u011fretim \u00fcyelerinin a\u00e7\u0131k\u00e7a adlar\u0131 yaz\u0131lsa daha tutarl\u0131 olunurdu. Ama\u00e7 atanacak ki\u015finin ad\u0131n\u0131 yazmadan bunu bilim ve hukuk ad\u0131na yutturabilmektir.<\/p>\n<p style=\"text-align: justify;\">\u00d6nce kadronun tamam\u0131 belirleniyor. Ard\u0131ndan bu kadroya zemin olu\u015fturuluyor. Bu ki\u015filerin bireysel \u00f6zellikleri soruluyor, profes\u00f6rl\u00fck veya do\u00e7entlik unvan\u0131n\u0131 alma s\u00fcrecinde hangi kursa, hangi toplant\u0131ya kat\u0131ld\u0131\u011f\u0131 \u00f6\u011freniliyor. Verilen ilanda o ki\u015finin profili \u00e7iziliyor. \u00d6rne\u011fin bu ki\u015filerin firma deste\u011fi ile Amerika\u2019da veya Avrupa\u2019daki bir merkezde bazen tek bir c\u00fcmle \u0130ngilizce konu\u015fmadan kat\u0131ld\u0131klar\u0131 kurslardan firma sponsorlu\u011funda o ki\u015fi ad\u0131na ald\u0131\u011f\u0131 sertifikalar\u0131 ay\u0131rt edici \u00f6zellik olarak belirleniyor. E\u011fer sertifikas\u0131 yoksa bu sefer ba\u015fka \u00f6zelliklerini tan\u0131ml\u0131yorlar. \u00d6rne\u011fin kardiyoloji dal\u0131nda do\u00e7ent olarak atanmak i\u00e7in uyku apnesi konusunda \u00e7al\u0131\u015fma yapm\u0131\u015f olmak. D\u0131\u015fkap\u0131 Hastanesi, Y\u0131ld\u0131r\u0131m Beyaz\u0131t \u00dcniversitesi\u2019ne d\u00f6n\u00fc\u015f\u00fcnce oraya sadece uyku apneli hastalar m\u0131 gelecek? Uyku apnesi d\u0131\u015f\u0131nda kalan ciltler dolusu hastal\u0131\u011f\u0131n her birine g\u00f6re ba\u015fka hekim mi alacaks\u0131n\u0131z? Dahiliye profes\u00f6r\u00fcn\u00fc ay\u0131rt ettirici bir tan\u0131mlama: Tiroid hastal\u0131klar\u0131nda \u201cperkutan lazer ablasyon metodu\u201d ve \u201celastosonografi\u201d konular\u0131nda deneyim sahibi olmak. O zaman tiroid d\u0131\u015f\u0131ndaki di\u011fer organlar\u0131nda hastal\u0131klar\u0131 olan insanlar\u0131n problemleri \u00fcniversitenin yeni olu\u015fturulan kadrosunu ilgilendirmiyor diyebiliriz. \u00d6rne\u011fin karaci\u011fer konusunda \u00e7al\u0131\u015fman\u0131z varsa a\u011fz\u0131n\u0131zla ku\u015f tutsan\u0131z bu kadroya giremezsiniz. Kardiyoloji profes\u00f6r\u00fc kadrosu i\u00e7in sunulan \u00f6n ko\u015ful \u015fu: \u0130nvaziv kardiyoloji konusunda deneyimli ve \u201c Karotis anjiyoplasti ve stent uygulamalar\u0131\u201d konusunda uluslararas\u0131 sertifikasyon sahibi olmak.. Bu \u00f6n ko\u015fulun sunulmas\u0131 kardiyoloji alan\u0131nda profes\u00f6rl\u00fck unvan\u0131na kadar eri\u015fmi\u015f insanlar aras\u0131nda ay\u0131r\u0131m yapmada asla bilimsel ve hukuki bir zemin sa\u011flayamaz.<\/p>\n<p style=\"text-align: justify;\">Kardiyoloji alan\u0131nda T\u00fcrkiye Cumhuriyeti Sa\u011fl\u0131k Bakanl\u0131\u011f\u0131 ve Y\u00d6K stat\u00fcs\u00fcnde uzmanl\u0131k e\u011fitimi veren \u00fcniversitelerde yasalar \u00e7er\u00e7evesinde kardiyolojinin alt bran\u015flar\u0131 ayr\u0131lmam\u0131\u015ft\u0131r. Yani kardiyolojinin \u00e7al\u0131\u015fma sahas\u0131 i\u00e7indeki alanlar olan \u0130nvasiv Kardiyoloji, Elektrofizyoloji, Klinik Kardiyoloji, Ekokardiografi gibi uygulamalar\u0131na ait alt bran\u015f gruplar\u0131 olu\u015fturulmad\u0131\u011f\u0131 gibi bu alanlarda ki\u015finin kompetan oldu\u011funu belgeleyen bir sertifikasyon da s\u00f6z konusu de\u011fildir. T\u0131pta Uzmanl\u0131k T\u00fcz\u00fc\u011f\u00fcne g\u00f6re kardiyoloji uzman\u0131, kardiyoloji uzman\u0131d\u0131r. Uzmanl\u0131k sonras\u0131 d\u00f6nemde de T\u00fcrkiye Cumhuriyeti yasalar\u0131na g\u00f6re profes\u00f6r dahil akademik kadroya ula\u015fm\u0131\u015f t\u00fcm uzmanlar\u0131n bu alanda kompetanl\u0131\u011f\u0131n\u0131 g\u00f6steren bir sertifika da s\u00f6z konusu de\u011fildir. Alt bran\u015flara ayr\u0131lmam\u0131\u015f bir hekimlik uygulama alan\u0131nda ba\u015fvuru yapacak adayda T\u0131pta Uzmanl\u0131k T\u00fcz\u00fc\u011f\u00fcne g\u00f6re ge\u00e7erlili\u011fi olmayan bir belgenin \u00f6n ko\u015ful olarak aranmas\u0131 ve dayat\u0131lmas\u0131 s\u00f6z konusu olamaz. Kald\u0131 ki bu \u00f6n ko\u015fulda ileri s\u00fcr\u00fclen karotis anjioplastisi ve stent uygulamalar\u0131 konusunda farkl\u0131l\u0131\u011f\u0131 oldu\u011fu ima ettirilen \u00f6zelli\u011fin kardiyoloji alan\u0131nda oldu\u011fu dahi tart\u0131\u015fmal\u0131d\u0131r. \u00d6n ko\u015ful olarak dayat\u0131lan sertifikalar uluslar aras\u0131 boyutta para kar\u015f\u0131l\u0131\u011f\u0131nda verilen kurslar sonucu elde edilmi\u015f belgeler olup T\u0131pta Uzmanl\u0131k T\u00fcz\u00fc\u011f\u00fcnde bu sertifikalar\u0131n hi\u00e7bir yasal\/hukuki kar\u015f\u0131l\u0131\u011f\u0131 da yoktur. B\u00f6yle bir belgenin o ki\u015finin bilimsel standard\u0131n\u0131 y\u00fckseltti\u011fi de iddia edilemez. Ba\u015fka bir akademisyen Karotis stenti de\u011fil de ritm bozuklu\u011fu ara\u015ft\u0131rmalar\u0131, eko veya n\u00fckleer kardiyoloji gibi kardiyoloji alan\u0131ndaki ba\u015fka konularda bir\u00e7ok kursa kat\u0131lm\u0131\u015f ve belge alm\u0131\u015f olabilir. Kadro ilan\u0131ndaki bu ko\u015ful sadece karotis stenti konusunda kursa kat\u0131lan ki\u015fi i\u00e7in bilimsel dayana\u011f\u0131 olmayan pozitif bir ayr\u0131mc\u0131l\u0131\u011fa yol a\u00e7maktad\u0131r..Bu tip kurslar hemen daima karotis stenti satan bir firman\u0131n ekonomik deste\u011fi ile organize elden kurslar olup, firmalarca bu e\u011fitim sonras\u0131 o i\u015flemi \u00f6\u011frenen hekimin o malzemeyi \u00e7ok miktarda kullanarak t\u00fcketimini art\u0131rmas\u0131 ama\u00e7lanmaktad\u0131r. Ara\u015ft\u0131r\u0131ld\u0131\u011f\u0131 taktirde bu sertifikalar\u0131n maddi sponsorlu\u011funu medikal firmalar\u0131n yapt\u0131\u011f\u0131 anla\u015f\u0131lacakt\u0131r.<\/p>\n<p style=\"text-align: justify;\">\u00d6zetle Y\u0131ld\u0131r\u0131m Beyaz\u0131t \u00dcniversitesindeki akademik kadrolar i\u00e7in dayat\u0131lan \u00f6n ko\u015fullar adaylar\u0131n anayasal\/yasal haklar\u0131 olan e\u015fit ba\u015fvuru hakk\u0131n\u0131 elinden almaktad\u0131r ve kadrola\u015fma ama\u00e7l\u0131d\u0131r. Y\u0131ld\u0131r\u0131m Beyaz\u0131t \u00dcniversitesinde yaln\u0131zca t\u0131p fak\u00fcltesi de\u011fil siyasal bilgiler, i\u015fletme, m\u00fchendislik\/do\u011fa bilimleri, hukuk ve insan\/toplum bilimleri fak\u00fcltelerinde ilan edilen akademik kadrolar da ki\u015fiye \u00f6zel teslim t\u00fcr\u00fcndendir.<\/p>\n<p style=\"text-align: justify;\">T\u00fcm \u00d6\u011fretim Elemanlar\u0131 Derne\u011fi (T\u00dcM\u00d6D) ve T\u0131p Kurumu, Y\u0131ld\u0131r\u0131m Beyaz\u0131t \u00dcniversitesindeki yanda\u015f kadrola\u015fma ama\u00e7l\u0131, bilime, hukuka ve etik de\u011ferlere a\u00e7\u0131k\u00e7a ayk\u0131r\u0131 bu giri\u015fime kar\u015f\u0131 hukuksal m\u00fccadele ba\u015flatacakt\u0131r.<\/p>\n<p style=\"text-align: justify;\">\n<p style=\"text-align: center;\"><strong>Prof. Dr. Alpaslan I\u015eIKLI\u00a0\u00a0\u00a0\u00a0\u00a0\u00a0\u00a0\u00a0\u00a0\u00a0\u00a0 Dr.Mehmet ALTINOK<\/strong><\/p>\n<p style=\"text-align: center;\">T\u00dcM\u00d6D Ba\u015fkan\u0131\u00a0\u00a0\u00a0\u00a0\u00a0\u00a0\u00a0 \u00a0 \u00a0\u00a0 \u00a0\u00a0\u00a0\u00a0\u00a0\u00a0\u00a0\u00a0\u00a0\u00a0\u00a0\u00a0\u00a0\u00a0 T\u0131p Kurumu Ba\u015fkan\u0131<\/p>\n<p style=\"text-align: justify;\"><a href=\"http:\/\/www.odatv.com\/n.php?n=universite-hastanesini-ne-hale-getirdiler--1102111200\" target=\"_blank\"><span style=\"color: #888888;\">Kaynak : Odatv.com<\/span><\/a><\/p>\n","protected":false},"excerpt":{"rendered":"<p style=\"text-align: center;\">\n<p style=\"text-align: justify;\">T\u00fcm \u00d6\u011fretim Elemanlar\u0131 Derne\u011fi (T\u00dcM\u00d6D) ve T\u0131p Kurumu, Y\u0131ld\u0131r\u0131m Beyaz\u0131t \u00dcniversitesi\u2019ndeki kadrola\u015fmay\u0131 \u00e7ok \u00e7arp\u0131c\u0131 \u00f6rneklerle ortaya koydu.<\/p>\n<p style=\"text-align: justify;\">\u0130\u015fte rekt\u00f6r\u00fcnden, \u00f6\u011fretim \u00fcyelerine kadar bir \u00fcniversitede nas\u0131l kadrola\u015fma ya\u015fand\u0131\u011f\u0131n\u0131n foto\u011fraf\u0131: <\/p>\n<p style=\"text-align: justify;\">\u201c21 Temmuz 2010 tarih ve 27648 say\u0131l\u0131 Resmi Gazetede yay\u0131mlanarak y\u00fcr\u00fcrl\u00fc\u011fe giren yasa ile 8 yeni \u00fcniversite <\/p>\n","protected":false},"author":1,"featured_media":0,"comment_status":"open","ping_status":"closed","sticky":false,"template":"","format":"standard","meta":{"footnotes":""},"categories":[105],"tags":[],"class_list":["post-28212","post","type-post","status-publish","format-standard","hentry","category-gundem","odd"],"_links":{"self":[{"href":"http:\/\/www.korhanyilmaz.com\/index.php?rest_route=\/wp\/v2\/posts\/28212","targetHints":{"allow":["GET"]}}],"collection":[{"href":"http:\/\/www.korhanyilmaz.com\/index.php?rest_route=\/wp\/v2\/posts"}],"about":[{"href":"http:\/\/www.korhanyilmaz.com\/index.php?rest_route=\/wp\/v2\/types\/post"}],"author":[{"embeddable":true,"href":"http:\/\/www.korhanyilmaz.com\/index.php?rest_route=\/wp\/v2\/users\/1"}],"replies":[{"embeddable":true,"href":"http:\/\/www.korhanyilmaz.com\/index.php?rest_route=%2Fwp%2Fv2%2Fcomments&post=28212"}],"version-history":[{"count":0,"href":"http:\/\/www.korhanyilmaz.com\/index.php?rest_route=\/wp\/v2\/posts\/28212\/revisions"}],"wp:attachment":[{"href":"http:\/\/www.korhanyilmaz.com\/index.php?rest_route=%2Fwp%2Fv2%2Fmedia&parent=28212"}],"wp:term":[{"taxonomy":"category","embeddable":true,"href":"http:\/\/www.korhanyilmaz.com\/index.php?rest_route=%2Fwp%2Fv2%2Fcategories&post=28212"},{"taxonomy":"post_tag","embeddable":true,"href":"http:\/\/www.korhanyilmaz.com\/index.php?rest_route=%2Fwp%2Fv2%2Ftags&post=28212"}],"curies":[{"name":"wp","href":"https:\/\/api.w.org\/{rel}","templated":true}]}}