{"id":28207,"date":"2011-02-11T15:25:09","date_gmt":"2011-02-11T13:25:09","guid":{"rendered":"http:\/\/www.korhanyilmaz.com\/?p=28207"},"modified":"2011-02-11T15:25:09","modified_gmt":"2011-02-11T13:25:09","slug":"chpli-gunesten-sert-sozler","status":"publish","type":"post","link":"http:\/\/www.korhanyilmaz.com\/?p=28207","title":{"rendered":"CHP&#8217;li G\u00fcne\u015f&#8217;ten sert s\u00f6zler"},"content":{"rendered":"<p style=\"text-align: center;\"><a href=\"http:\/\/www.korhanyilmaz.com\/wp-content\/uploads\/2011\/02\/314.jpg\"  class=\"lightview\"><img loading=\"lazy\" decoding=\"async\" class=\"aligncenter size-full wp-image-28208\" src=\"http:\/\/www.korhanyilmaz.com\/wp-content\/uploads\/2011\/02\/314.jpg\" alt=\"\" width=\"360\" height=\"240\" \/><\/a><\/p>\n<p style=\"text-align: justify;\"><strong>CHP Genel Ba\u015fkan Yard\u0131mc\u0131s\u0131 G\u00fcne\u015f&#8217;ten AKP&#8217;ye: &#8216;\u0130\u015fkence g\u00f6rd\u00fcm&#8217; yalan\u0131na s\u0131\u011f\u0131nan darbe beslemeleri.<\/strong><\/p>\n<p style=\"text-align: justify;\">ANKARA &#8211; CHP Genel Ba\u015fkan Yard\u0131mc\u0131s\u0131 Hur\u015fit G\u00fcne\u015f, T\u00fcrkiye\u2019nin demokratik ya\u015fam\u0131n\u0131n kurucusu olan CHP\u2019nin &#8220;demokrasi kar\u015f\u0131t\u0131&#8221; olarak g\u00f6sterilmeye \u00e7al\u0131\u015f\u0131ld\u0131\u011f\u0131n\u0131 ifade ederek &#8220;Partimizin en gen\u00e7 ve en s\u0131radan \u00fcyesi AKP\u2019nin genel ba\u015fkan\u0131ndan daha fazla demokratik bilince ve daha derin \u00f6zg\u00fcrl\u00fck\u00e7\u00fc bir bak\u0131\u015fa sahiptir. \u0130\u015fkence g\u00f6rmedikleri halde \u2018i\u015fkence g\u00f6rd\u00fcm\u2019 yalan\u0131na ve baya\u011f\u0131l\u0131\u011f\u0131na s\u0131\u011f\u0131nan darbe beslemeleri, demokrasi hakk\u0131nda bildikleri \u00fc\u00e7 s\u00f6zc\u00fc\u011f\u00fc bize kar\u015f\u0131 kullanmaya \u00e7al\u0131\u015f\u0131yorlar&#8221; dedi. <!--more--><\/p>\n<p style=\"text-align: justify;\">G\u00fcne\u015f, yapt\u0131\u011f\u0131 yaz\u0131l\u0131 a\u00e7\u0131klamada CHP\u2019nin tarihsel ve kurumsal kimli\u011fine, Genel Ba\u015fkan Kemal K\u0131l\u0131\u00e7daro\u011flu\u2019na ve parti y\u00f6neticilerine y\u00f6nelik bir &#8220;sald\u0131r\u0131 kampanyas\u0131&#8221; y\u00fcr\u00fct\u00fcld\u00fc\u011f\u00fcn\u00fc kaydederek etik \u00e7er\u00e7evedeki her t\u00fcrl\u00fc ele\u015ftiriye a\u00e7\u0131k olduklar\u0131n\u0131, ancak etik \u00e7er\u00e7eveyi a\u015fan sald\u0131r\u0131lar kar\u015f\u0131s\u0131nda kararl\u0131 bir m\u00fccadele ortaya koyacaklar\u0131n\u0131 belirtti. CHP\u2019ye y\u00f6nelik ele\u015ftirilerin yo\u011funla\u015fmas\u0131n\u0131n nedeninin, T\u00fcrkiye\u2019deki &#8220;AKP bask\u0131s\u0131 ve te\u015fviki&#8221; oldu\u011funu savunan G\u00fcne\u015f, &#8220;\u0130ronik olan; 8 y\u0131ld\u0131r \u2018demokrat g\u00f6mle\u011fi\u2019 giydirilmeye \u00e7al\u0131\u015fan bir partinin, bu \u00fclkenin demokratik ya\u015fam\u0131n\u0131n kurucusu, demokratik de\u011ferlerinin koruyucusu ve garant\u00f6r\u00fc olan partimizi demokrasi kar\u015f\u0131t\u0131 g\u00f6sterme \u00e7abalar\u0131d\u0131r. Partimizin hi\u00e7bir y\u00f6neticisi hayat\u0131n\u0131n hi\u00e7bir d\u00f6neminde demokrasiyi bir ara\u00e7 olarak g\u00f6rmemi\u015ftir. Demokrasi, \u00f6zg\u00fcrl\u00fckler ve insan haklar\u0131 u\u011fruna y\u00f6neticileri, \u00fcyeleri ve kitlesiyle en b\u00fcy\u00fck ac\u0131lar\u0131 \u00e7eken ve en b\u00fcy\u00fck m\u00fccadeleyi veren bir partiyi belli kavramlarla yaftalamak ancak g\u00f6mlek de\u011fi\u015ftirirken karakter a\u015f\u0131nmas\u0131na u\u011frayanlar\u0131n hezeyan\u0131 olabilir&#8221; dedi.<\/p>\n<p style=\"text-align: justify;\">CHP\u2019nin en gen\u00e7 ve en s\u0131radan \u00fcyesinin, AKP\u2019nin genel ba\u015fkan\u0131ndan daha fazla demokratik bilince ve daha derin \u00f6zg\u00fcrl\u00fck\u00e7\u00fc bir bak\u0131\u015fa sahip oldu\u011funu \u00f6ne s\u00fcren G\u00fcne\u015f, \u015f\u00f6yle devam etti: &#8220;\u0130\u015fkence g\u00f6rmedikleri halde \u2018i\u015fkence g\u00f6rd\u00fcm\u2019 yalan\u0131na ve baya\u011f\u0131l\u0131\u011f\u0131na s\u0131\u011f\u0131nan darbe beslemeleri, demokrasi hakk\u0131nda bildikleri \u00fc\u00e7 s\u00f6zc\u00fc\u011f\u00fc bize kar\u015f\u0131 kullanmaya \u00e7al\u0131\u015f\u0131yorlar. Siyasi \u00f6m\u00fcrlerinin son demlerini ya\u015fayan ve tek adam bask\u0131s\u0131n\u0131n bir arada tutmakta zorland\u0131\u011f\u0131 bu partinin ve onun denetimi alt\u0131ndaki medyan\u0131n kurtar\u0131c\u0131s\u0131 olaca\u011f\u0131z. Partimiz bug\u00fcne kadar ne askeri ne sivil hi\u00e7bir darbeye boyun e\u011fmedi, e\u011fmeyecektir. \u00dclke tarihindeki en k\u00f6kl\u00fc ve s\u00fcrekli parti olmam\u0131z\u0131n nedeni budur. \u00c7\u00fcnk\u00fc bu halk bu \u00fclkenin en temel g\u00fcvencesinin CHP oldu\u011funu biliyor. D\u00f6n\u00fcp ge\u00e7mi\u015fe bak\u0131n CHP\u2019nin kar\u015f\u0131s\u0131nda kimler geldi, kimler ge\u00e7ti. Halk\u0131m\u0131z, partililerimiz rahat olsunlar. Bu da ge\u00e7ecektir. Ama bizim demokrasi ve \u00f6zg\u00fcrl\u00fck m\u00fccadelemiz asla bitmeyecektir.&#8221;<\/p>\n<p style=\"text-align: justify;\"><a href=\"http:\/\/www.radikal.com.tr\/Radikal.aspx?aType=RadikalDetayV3&amp;ArticleID=1039683&amp;Date=11.02.2011&amp;CategoryID=78\" target=\"_blank\"><span style=\"color: #888888;\">Kaynak : Radikal<\/span><\/a><\/p>\n","protected":false},"excerpt":{"rendered":"<p style=\"text-align: center;\">\n<p style=\"text-align: justify;\">CHP Genel Ba\u015fkan Yard\u0131mc\u0131s\u0131 G\u00fcne\u015f&#8217;ten AKP&#8217;ye: &#8216;\u0130\u015fkence g\u00f6rd\u00fcm&#8217; yalan\u0131na s\u0131\u011f\u0131nan darbe beslemeleri.<\/p>\n<p style=\"text-align: justify;\">ANKARA &#8211; CHP Genel Ba\u015fkan Yard\u0131mc\u0131s\u0131 Hur\u015fit G\u00fcne\u015f, T\u00fcrkiye\u2019nin demokratik ya\u015fam\u0131n\u0131n kurucusu olan CHP\u2019nin &#8220;demokrasi kar\u015f\u0131t\u0131&#8221; olarak g\u00f6sterilmeye \u00e7al\u0131\u015f\u0131ld\u0131\u011f\u0131n\u0131 ifade ederek &#8220;Partimizin en gen\u00e7 ve en s\u0131radan \u00fcyesi AKP\u2019nin genel ba\u015fkan\u0131ndan daha fazla demokratik bilince ve <\/p>\n","protected":false},"author":1,"featured_media":0,"comment_status":"open","ping_status":"closed","sticky":false,"template":"","format":"standard","meta":{"footnotes":""},"categories":[105],"tags":[],"class_list":["post-28207","post","type-post","status-publish","format-standard","hentry","category-gundem","odd"],"_links":{"self":[{"href":"http:\/\/www.korhanyilmaz.com\/index.php?rest_route=\/wp\/v2\/posts\/28207","targetHints":{"allow":["GET"]}}],"collection":[{"href":"http:\/\/www.korhanyilmaz.com\/index.php?rest_route=\/wp\/v2\/posts"}],"about":[{"href":"http:\/\/www.korhanyilmaz.com\/index.php?rest_route=\/wp\/v2\/types\/post"}],"author":[{"embeddable":true,"href":"http:\/\/www.korhanyilmaz.com\/index.php?rest_route=\/wp\/v2\/users\/1"}],"replies":[{"embeddable":true,"href":"http:\/\/www.korhanyilmaz.com\/index.php?rest_route=%2Fwp%2Fv2%2Fcomments&post=28207"}],"version-history":[{"count":0,"href":"http:\/\/www.korhanyilmaz.com\/index.php?rest_route=\/wp\/v2\/posts\/28207\/revisions"}],"wp:attachment":[{"href":"http:\/\/www.korhanyilmaz.com\/index.php?rest_route=%2Fwp%2Fv2%2Fmedia&parent=28207"}],"wp:term":[{"taxonomy":"category","embeddable":true,"href":"http:\/\/www.korhanyilmaz.com\/index.php?rest_route=%2Fwp%2Fv2%2Fcategories&post=28207"},{"taxonomy":"post_tag","embeddable":true,"href":"http:\/\/www.korhanyilmaz.com\/index.php?rest_route=%2Fwp%2Fv2%2Ftags&post=28207"}],"curies":[{"name":"wp","href":"https:\/\/api.w.org\/{rel}","templated":true}]}}