{"id":28203,"date":"2011-02-11T22:04:44","date_gmt":"2011-02-11T20:04:44","guid":{"rendered":"http:\/\/www.korhanyilmaz.com\/?p=28203"},"modified":"2011-02-11T22:04:44","modified_gmt":"2011-02-11T20:04:44","slug":"balyoz-yine-indi-163-saniga-tutuklama-karari","status":"publish","type":"post","link":"http:\/\/www.korhanyilmaz.com\/?p=28203","title":{"rendered":"Balyoz yine indi! 163 san\u0131\u011fa tutuklama karar\u0131"},"content":{"rendered":"<p style=\"text-align: center;\"><a href=\"http:\/\/www.korhanyilmaz.com\/wp-content\/uploads\/2011\/02\/313.jpg\"  class=\"lightview\"><img loading=\"lazy\" decoding=\"async\" class=\"aligncenter size-full wp-image-28204\" src=\"http:\/\/www.korhanyilmaz.com\/wp-content\/uploads\/2011\/02\/313.jpg\" alt=\"\" width=\"307\" height=\"236\" \/><\/a><\/p>\n<p style=\"text-align: justify;\">Balyoz Plan\u0131 davas\u0131nda aralar\u0131nda eski Deniz Kuvvetleri Komutan\u0131 \u00d6zden \u00d6rnek ve eski Hava Kuvvetleri Komutan\u0131 \u0130brahim F\u0131rt\u0131na ve Engin Alan&#8217;\u0131n\u0131n da bulundu\u011fu 133 san\u0131k i\u00e7in tutuklama karar\u0131 \u00e7\u0131kt\u0131. Eski 1&#8217;inci Ordu Komutan\u0131 emekli Orgeneral \u00c7etin Do\u011fan&#8217;\u0131n da aralar\u0131nda bulundu\u011fu 29 asker hakk\u0131nda ise yakalama karar\u0131 verildi. <!--more--><\/p>\n<p style=\"text-align: justify;\">&#8220;Balyoz Plan\u0131&#8221; davas\u0131na bakan \u0130stanbul 10. A\u011f\u0131r Ceza Mahkemesi heyeti, aralar\u0131nda \u00d6zden \u00d6rnek, Halil \u0130brahim F\u0131rt\u0131na ve Engin Alan&#8217;\u0131n da bulundu\u011fu 133 san\u0131\u011f\u0131n tutuklanmas\u0131na karar verdi.<\/p>\n<p style=\"text-align: justify;\">\u0130stanbul 10. A\u011f\u0131r Ceza Mahkemesi&#8217;nce Silivri Ceza ve infaz Kurumlar\u0131 Yerle\u015fkesindeki salonda g\u00f6r\u00fclen duru\u015fmada, Cumhuriyet Savc\u0131s\u0131 Sava\u015f K\u0131rba\u015f&#8217;\u0131n tutuklama talebini de\u011ferlendiren Mahkeme Heyeti verdi\u011fi aradan sonra ald\u0131\u011f\u0131 kararlar\u0131 a\u00e7\u0131klad\u0131.<\/p>\n<p style=\"text-align: justify;\">Mahkeme Heyeti, tutuklanmas\u0131 talep edilen san\u0131klardan duru\u015fma salonunda bulunan \u00d6zden \u00d6rnek, Halil \u0130brahim F\u0131rt\u0131na, S\u00fcha Tanyeri&#8217;nin de bulundu\u011fu 133 san\u0131\u011f\u0131n tutuklanmas\u0131na karar verdi.<\/p>\n<p style=\"text-align: justify;\">Duru\u015fmaya kat\u0131lan 133 emekli ve muvazzaf asker tutukland\u0131.<\/p>\n<p style=\"text-align: justify;\">Aralar\u0131nda eski 1. Ordu Komutan\u0131 emekli Orgeneral \u00c7etin Do\u011fan, emekli orgeneral Ergin Saygun ve Korgeneral Nejat Bek&#8217;in de aralar\u0131nda bulundu\u011fu 29 asker hakk\u0131nda ise yakalama emri \u00e7\u0131kar\u0131ld\u0131.<\/p>\n<p style=\"text-align: justify;\">Tutuklama karar\u0131n\u0131n ba\u015fka davadan tutuklu ve duru\u015fmada bulunmayan Albay Dursun \u00c7i\u00e7ek&#8217;in y\u00fcz\u00fcne okunmas\u0131 kararla\u015ft\u0131r\u0131ld\u0131.<\/p>\n<p style=\"text-align: justify;\"><strong>Mar\u015f okudular <\/strong><\/p>\n<p style=\"text-align: justify;\">\u00dcye hakim Ali Efendi Peksak ara kararlar\u0131 okudu.<\/p>\n<p style=\"text-align: justify;\">Peksak, 50 generalin de aralar\u0131nda bulundu\u011fu 163 san\u0131\u011f\u0131n &#8220;kuvvetli su\u00e7 \u015f\u00fcphesi&#8221;, &#8220;delillerin hen\u00fcz tam olarak toplanamam\u0131\u015f olmas\u0131&#8221;, &#8220;san\u0131klar\u0131n konumlar\u0131 itibariyle delillere etki yapma ihtimali &#8220;, &#8220;adli kontrol h\u00fck\u00fcmlerinin su\u00e7 \u015f\u00fcphesi olmayaca\u011f\u0131&#8221; gerek\u00e7esiyle tutuklanmas\u0131na karar verildi\u011fini a\u00e7\u0131klad\u0131.<\/p>\n<p style=\"text-align: justify;\">Bunun \u00fczerine salonda bulunan san\u0131k yak\u0131nda &#8220;Adalet istiyoruz&#8221; diye ba\u011f\u0131rd\u0131. Daha sonra tutuklanan askerler ve yak\u0131nlar\u0131 hep bir a\u011f\u0131zdan Harbiye  ve Deniz Harp Okulu mar\u015f\u0131n\u0131 okudular.<\/p>\n<p style=\"text-align: justify;\">Tutuklu yak\u0131nlar\u0131ndan baz\u0131lar g\u00f6zya\u015flar\u0131n\u0131 tutamayarak fenala\u015ft\u0131.<\/p>\n<p style=\"text-align: justify;\"><a href=\"http:\/\/www.cnnturk.com\/2011\/turkiye\/02\/11\/balyoz.yine.indi.163.saniga.tutuklama.karari\/606461.0\/index.html\" target=\"_blank\"><span style=\"color: #888888;\">CNN T\u00dcRK<\/span><\/a><\/p>\n","protected":false},"excerpt":{"rendered":"<p style=\"text-align: center;\">\n<p style=\"text-align: justify;\">Balyoz Plan\u0131 davas\u0131nda aralar\u0131nda eski Deniz Kuvvetleri Komutan\u0131 \u00d6zden \u00d6rnek ve eski Hava Kuvvetleri Komutan\u0131 \u0130brahim F\u0131rt\u0131na ve Engin Alan&#8217;\u0131n\u0131n da bulundu\u011fu 133 san\u0131k i\u00e7in tutuklama karar\u0131 \u00e7\u0131kt\u0131. Eski 1&#8217;inci Ordu Komutan\u0131 emekli Orgeneral \u00c7etin Do\u011fan&#8217;\u0131n da aralar\u0131nda bulundu\u011fu 29 asker hakk\u0131nda ise yakalama karar\u0131 verildi. <\/p>\n","protected":false},"author":1,"featured_media":0,"comment_status":"open","ping_status":"closed","sticky":false,"template":"","format":"standard","meta":{"footnotes":""},"categories":[105],"tags":[],"class_list":["post-28203","post","type-post","status-publish","format-standard","hentry","category-gundem","odd"],"_links":{"self":[{"href":"http:\/\/www.korhanyilmaz.com\/index.php?rest_route=\/wp\/v2\/posts\/28203","targetHints":{"allow":["GET"]}}],"collection":[{"href":"http:\/\/www.korhanyilmaz.com\/index.php?rest_route=\/wp\/v2\/posts"}],"about":[{"href":"http:\/\/www.korhanyilmaz.com\/index.php?rest_route=\/wp\/v2\/types\/post"}],"author":[{"embeddable":true,"href":"http:\/\/www.korhanyilmaz.com\/index.php?rest_route=\/wp\/v2\/users\/1"}],"replies":[{"embeddable":true,"href":"http:\/\/www.korhanyilmaz.com\/index.php?rest_route=%2Fwp%2Fv2%2Fcomments&post=28203"}],"version-history":[{"count":0,"href":"http:\/\/www.korhanyilmaz.com\/index.php?rest_route=\/wp\/v2\/posts\/28203\/revisions"}],"wp:attachment":[{"href":"http:\/\/www.korhanyilmaz.com\/index.php?rest_route=%2Fwp%2Fv2%2Fmedia&parent=28203"}],"wp:term":[{"taxonomy":"category","embeddable":true,"href":"http:\/\/www.korhanyilmaz.com\/index.php?rest_route=%2Fwp%2Fv2%2Fcategories&post=28203"},{"taxonomy":"post_tag","embeddable":true,"href":"http:\/\/www.korhanyilmaz.com\/index.php?rest_route=%2Fwp%2Fv2%2Ftags&post=28203"}],"curies":[{"name":"wp","href":"https:\/\/api.w.org\/{rel}","templated":true}]}}