{"id":28194,"date":"2011-02-11T17:58:05","date_gmt":"2011-02-11T15:58:05","guid":{"rendered":"http:\/\/www.korhanyilmaz.com\/?p=28194"},"modified":"2011-02-11T17:58:05","modified_gmt":"2011-02-11T15:58:05","slug":"mubarek-gitti-iddiasi","status":"publish","type":"post","link":"http:\/\/www.korhanyilmaz.com\/?p=28194","title":{"rendered":"M\u00fcbarek istifa etti"},"content":{"rendered":"<p style=\"text-align: center;\"><a href=\"http:\/\/www.korhanyilmaz.com\/wp-content\/uploads\/2011\/02\/311.jpg\"  class=\"lightview\"><img loading=\"lazy\" decoding=\"async\" class=\"aligncenter size-full wp-image-28195\" src=\"http:\/\/www.korhanyilmaz.com\/wp-content\/uploads\/2011\/02\/311.jpg\" alt=\"\" width=\"449\" height=\"231\" \/><\/a><\/p>\n<p style=\"text-align: justify;\">M\u0131s\u0131r&#8217;da 30 y\u0131ld\u0131r iktidarda bulunan Cumhurba\u015fkan\u0131 H\u00fcsn\u00fc M\u00fcbarek&#8217;in 18 g\u00fcnd\u00fcr s\u00fcren isyan\u0131n ard\u0131ndan bug\u00fcn istifa etti\u011fi a\u00e7\u0131kland\u0131.<\/p>\n<p style=\"text-align: justify;\">KAH\u0130RE  &#8211; M\u0131s\u0131r&#8217;da 30 y\u0131ld\u0131r iktidarda bulunan Cumhurba\u015fkan\u0131 H\u00fcsn\u00fc M\u00fcbarek isyan\u0131n 18. g\u00fcn\u00fcnde istifa etti.<\/p>\n<p style=\"text-align: justify;\">M\u00fcbarek&#8217;in d\u00fcn yetkilerini ge\u00e7ici olarak devretti\u011fi Cumhurba\u015fkan\u0131 Yard\u0131mc\u0131s\u0131 \u00d6mer S\u00fcleyman, Cumhurba\u015fkan\u0131 M\u00fcbarek&#8217;in bu g\u00f6revinden istifa ederek, yetkilerini orduya devretti\u011fini a\u00e7\u0131klad\u0131.<!--more--><\/p>\n<p style=\"text-align: justify;\"><strong>B\u00dcY\u00dcK CO\u015eKU<\/strong><\/p>\n<p style=\"text-align: justify;\">Tahrir Meydan\u0131 bayram yerine d\u00f6nd\u00fc. \u00dclke genelinde milyonlarca ki\u015fi sevin\u00e7 g\u00f6sterileriyle M\u00fcbarek&#8217;in istifas\u0131n\u0131 kutluyor. Ba\u015fkentte halk\u0131n evlerinden \u00e7\u0131karak Tahrir Meydan\u0131&#8217;na akt\u0131\u011f\u0131 belirtiliyor.<\/p>\n<p style=\"text-align: justify;\"><strong>WALL STREET Y\u00dcKSEL\u0130\u015eE GE\u00c7T\u0130<\/strong><\/p>\n<p style=\"text-align: justify;\">Bu arada, New York menkul k\u0131ymetler borsas\u0131 Wall Street, M\u00fcbarek&#8217;in istifa haberiyle birlikte y\u00fckseli\u015fe ge\u00e7ti.<\/p>\n<p style=\"text-align: justify;\">El Arabiye televizyonu ve ajanslar daha \u00f6nce, M\u0131s\u0131r Cumhurba\u015fkan\u0131 H\u00fcsn\u00fc M\u00fcbarek ile ailesinin Kahire&#8217;den ayr\u0131ld\u0131\u011f\u0131n\u0131 duyurmu\u015ftu.<\/p>\n<p style=\"text-align: justify;\">H\u00fck\u00fcmete yak\u0131n bir kaynak, soka\u011fa d\u00f6k\u00fclen halk\u0131n bask\u0131s\u0131yla yetkilerini yard\u0131mc\u0131s\u0131 \u00d6mer S\u00fcleyman&#8217;a devreden M\u00fcbarek&#8217;in Kahire&#8217;den ayr\u0131larak bilinmeyen bir yere gitti\u011fini a\u00e7\u0131klam\u0131\u015ft\u0131.<\/p>\n<p style=\"text-align: justify;\"><a href=\"http:\/\/www.gazeteport.com.tr\/DUNYA\/NEWS\/GP_851834\" target=\"_blank\"><span style=\"color: #888888;\">Kaynak : GAZETEPORT<\/span><\/a><\/p>\n","protected":false},"excerpt":{"rendered":"<p style=\"text-align: center;\">\n<p style=\"text-align: justify;\">M\u0131s\u0131r&#8217;da 30 y\u0131ld\u0131r iktidarda bulunan Cumhurba\u015fkan\u0131 H\u00fcsn\u00fc M\u00fcbarek&#8217;in 18 g\u00fcnd\u00fcr s\u00fcren isyan\u0131n ard\u0131ndan bug\u00fcn istifa etti\u011fi a\u00e7\u0131kland\u0131.<\/p>\n<p style=\"text-align: justify;\">KAH\u0130RE &#8211; M\u0131s\u0131r&#8217;da 30 y\u0131ld\u0131r iktidarda bulunan Cumhurba\u015fkan\u0131 H\u00fcsn\u00fc M\u00fcbarek isyan\u0131n 18. g\u00fcn\u00fcnde istifa etti.<\/p>\n<p style=\"text-align: justify;\">M\u00fcbarek&#8217;in d\u00fcn yetkilerini ge\u00e7ici olarak devretti\u011fi Cumhurba\u015fkan\u0131 Yard\u0131mc\u0131s\u0131 \u00d6mer S\u00fcleyman, Cumhurba\u015fkan\u0131 M\u00fcbarek&#8217;in bu g\u00f6revinden <\/p>\n","protected":false},"author":1,"featured_media":0,"comment_status":"open","ping_status":"closed","sticky":false,"template":"","format":"standard","meta":{"footnotes":""},"categories":[105],"tags":[],"class_list":["post-28194","post","type-post","status-publish","format-standard","hentry","category-gundem","odd"],"_links":{"self":[{"href":"http:\/\/www.korhanyilmaz.com\/index.php?rest_route=\/wp\/v2\/posts\/28194","targetHints":{"allow":["GET"]}}],"collection":[{"href":"http:\/\/www.korhanyilmaz.com\/index.php?rest_route=\/wp\/v2\/posts"}],"about":[{"href":"http:\/\/www.korhanyilmaz.com\/index.php?rest_route=\/wp\/v2\/types\/post"}],"author":[{"embeddable":true,"href":"http:\/\/www.korhanyilmaz.com\/index.php?rest_route=\/wp\/v2\/users\/1"}],"replies":[{"embeddable":true,"href":"http:\/\/www.korhanyilmaz.com\/index.php?rest_route=%2Fwp%2Fv2%2Fcomments&post=28194"}],"version-history":[{"count":0,"href":"http:\/\/www.korhanyilmaz.com\/index.php?rest_route=\/wp\/v2\/posts\/28194\/revisions"}],"wp:attachment":[{"href":"http:\/\/www.korhanyilmaz.com\/index.php?rest_route=%2Fwp%2Fv2%2Fmedia&parent=28194"}],"wp:term":[{"taxonomy":"category","embeddable":true,"href":"http:\/\/www.korhanyilmaz.com\/index.php?rest_route=%2Fwp%2Fv2%2Fcategories&post=28194"},{"taxonomy":"post_tag","embeddable":true,"href":"http:\/\/www.korhanyilmaz.com\/index.php?rest_route=%2Fwp%2Fv2%2Ftags&post=28194"}],"curies":[{"name":"wp","href":"https:\/\/api.w.org\/{rel}","templated":true}]}}