{"id":28190,"date":"2011-02-10T17:35:28","date_gmt":"2011-02-10T15:35:28","guid":{"rendered":"http:\/\/www.korhanyilmaz.com\/?p=28190"},"modified":"2011-02-10T17:35:28","modified_gmt":"2011-02-10T15:35:28","slug":"mubarek-yetkilerini-kismen-devretti","status":"publish","type":"post","link":"http:\/\/www.korhanyilmaz.com\/?p=28190","title":{"rendered":"M\u00fcbarek yetkilerini k\u0131smen devretti"},"content":{"rendered":"<p style=\"text-align: center;\"><a href=\"http:\/\/www.korhanyilmaz.com\/wp-content\/uploads\/2011\/02\/310.jpg\"  class=\"lightview\"><img loading=\"lazy\" decoding=\"async\" class=\"aligncenter size-full wp-image-28191\" src=\"http:\/\/www.korhanyilmaz.com\/wp-content\/uploads\/2011\/02\/310.jpg\" alt=\"\" width=\"385\" height=\"198\" \/><\/a><\/p>\n<p style=\"text-align: justify;\">M\u0131s\u0131r&#8217;da 17 g\u00fcnd\u00fcr devam eden protesto g\u00f6sterilerinin ard\u0131ndan Devlet Ba\u015fkan\u0131 H\u00fcsn\u00fc M\u00fcbarek tarihi konu\u015fmas\u0131n\u0131 ger\u00e7ekle\u015ftirdi.<\/p>\n<p style=\"text-align: justify;\">M\u00fcbarek adil se\u00e7imler yap\u0131lmas\u0131 y\u00f6n\u00fcnde verdi\u011fi s\u00f6z\u00fc yinelerken, baz\u0131 yetkilerini de yard\u0131mc\u0131s\u0131 S\u00fcleyman&#8217;a devretti\u011fini a\u00e7\u0131klad\u0131.<\/p>\n<p style=\"text-align: justify;\">\u00d6te yandan Tahrir Meydan\u0131n\u0131 dolduran binlerce g\u00f6sterici, M\u00fcbarek&#8217;in konu\u015fmas\u0131ndan hi\u00e7bir \u015fekilde tatmin olmad\u0131. G\u00f6stericiler &#8221;ne seni istiyoruz, ne S\u00fcleyman\u0131 ne de askeri&#8221; \u015feklinde slogan att\u0131.<!--more--><\/p>\n<p style=\"text-align: justify;\">KAH\u0130RE- M\u0131s\u0131r Cumhurba\u015fkan\u0131 H\u00fcsn\u00fc M\u00fcbarek, &#8220;yetkilerimi Cumhurba\u015fkan\u0131 Yard\u0131mc\u0131s\u0131 \u00d6mer S\u00fcleyman&#8217;a devrediyorum&#8221; dedi.<\/p>\n<p style=\"text-align: justify;\">M\u00fcbarek TV&#8217;den yapt\u0131\u011f\u0131 konu\u015fmas\u0131nda, protestocular\u0131n taleplerini kar\u015f\u0131lamak i\u00e7in, Anayasa&#8217;n\u0131n 6 maddesinde de\u011fi\u015fiklik yap\u0131lmas\u0131n\u0131 istedi\u011fini belirtti. M\u00fcbarek, g\u00fcvenlik durumu imkan verince, art\u0131k \u00e7ekilmez olan ola\u011fan\u00fcst\u00fc halin kald\u0131r\u0131laca\u011f\u0131n\u0131 kaydetti.<\/p>\n<p style=\"text-align: justify;\">\u00dclkenin ad\u0131m ad\u0131m, iktidar\u0131n bar\u0131\u015f\u00e7\u0131l bi\u00e7imde devredilmesi s\u00fcrecinden ge\u00e7ti\u011fini s\u00f6yleyen M\u00fcbarek, bunda ba\u015far\u0131l\u0131 olununcaya de\u011fin, ba\u015far\u0131l\u0131ncaya kadar, Anayasa&#8217;ya sad\u0131k olunaca\u011f\u0131n\u0131 belirtti.<\/p>\n<p style=\"text-align: justify;\">M\u00fcbarek, muhalefet ile diyalog halinde olduklar\u0131n\u0131, bu diyalo\u011fun, krizin \u00e7\u00f6z\u00fcm\u00fc yolunda bir \u00f6n oyda\u015fma sa\u011flad\u0131\u011f\u0131n\u0131 ifade etti.<\/p>\n<p style=\"text-align: justify;\">Tahrir Meydan\u0131&#8217;nda toplanan protestoculara da, TV&#8217;den yapt\u0131\u011f\u0131 konu\u015fmada \u00f6zel olarak hitabeden M\u00fcbarek, &#8220;taleplerinde ve yapmak istediklerinde i\u00e7ten olduklar\u0131na inan\u0131yorum&#8221; dedi.<\/p>\n<p style=\"text-align: justify;\">M\u00fcbarek, protestolar s\u0131ras\u0131ndaki \u015fiddet eylemlerinin ve ya\u011fmalar\u0131n arkas\u0131nda yer alanlar\u0131n cezaland\u0131r\u0131laca\u011f\u0131n\u0131 belirtti.<\/p>\n<p style=\"text-align: justify;\"><strong>M\u00dcBAREK G\u00d6STER\u0130C\u0130LER\u0130 TATM\u0130N ETMED\u0130<\/strong><\/p>\n<p style=\"text-align: justify;\">M\u0131s\u0131r Cumhurba\u015fkan\u0131 H\u00fcsn\u00fc M\u00fcbarek&#8217;in konu\u015fmas\u0131, ba\u015fkent Kahire&#8217;deki Tahrir Meydan\u0131nda megafonlarla ve kurulan amfi sistemiyle g\u00f6stericilere dinletildi.<\/p>\n<p style=\"text-align: justify;\">Meydan\u0131 dolduran binlerce g\u00f6sterici, M\u00fcbarek&#8217;in konu\u015fmas\u0131n\u0131n sonlar\u0131na do\u011fru &#8221;Erhal&#8221; (Git) sloganlar\u0131 atmaya ba\u015flarken, M\u00fcbarek&#8217;in konu\u015fmas\u0131ndan hi\u00e7bir \u015fekilde tatmin olmayan g\u00f6stericiler &#8221;ne seni istiyoruz, ne S\u00fcleyman\u0131 ne de askeri&#8221; \u015feklinde slogan att\u0131.<\/p>\n<p style=\"text-align: justify;\"><strong>G\u00d6STER\u0130LER BA\u015eKENT\u0130N TAMAMINA YAYILDI<\/strong><\/p>\n<p style=\"text-align: justify;\">M\u0131s\u0131r&#8217;\u0131n ba\u015fkenti Kahire&#8217;deki Tahrir Meydan\u0131nda Cumhurba\u015fkan\u0131 H\u00fcsn\u00fc M\u00fcbarek&#8217;in istifa edece\u011fi spek\u00fclasyonlar\u0131 \u00fczerine sevin\u00e7le bekleyen binlerce ki\u015fi hayal k\u0131r\u0131kl\u0131\u011f\u0131na u\u011frad\u0131.<\/p>\n<p style=\"text-align: justify;\">G\u00f6stericilerden baz\u0131lar\u0131 Tahrir Meydan\u0131n\u0131 \u00e7evreleyen caddelerdeki kendi yapt\u0131klar\u0131 barikatlar\u0131 a\u015farak Meclis&#8217;i \u015eahabi caddesinde bulunan Parlamentoya ve 6 Ekim k\u00f6pr\u00fcs\u00fcne do\u011fru y\u00fcr\u00fcy\u00fc\u015fe ge\u00e7ti.<\/p>\n<p style=\"text-align: justify;\">Bu arada, Kahire&#8217;nin Giza b\u00f6lgesinde muhaliflerin b\u00fcy\u00fck bir g\u00f6steri d\u00fczenledi\u011fi ve sokaklara indi\u011fi belirtilirken, Nas\u0131r City ve Kahire Uluslararas\u0131 Havaliman\u0131 yolunun da g\u00f6sterilerden dolay\u0131 trafi\u011fe kapand\u0131\u011f\u0131 bildirildi.<\/p>\n<p style=\"text-align: justify;\">Edinilen bilgilere g\u00f6re, \u0130skenderiye ve ilk g\u00fcnden beri \u00e7at\u0131\u015fmalar\u0131n yo\u011funlukla g\u00f6r\u00fcld\u00fc\u011f\u00fc S\u00fcvey\u015f kentinde de muhalifler meydana indi.<\/p>\n<p style=\"text-align: justify;\">G\u00f6sterilerin Minye ve Port Said kendinde de devam etti\u011fi kaydedildi.<\/p>\n<p style=\"text-align: justify;\"><strong>&#8221;EVLER\u0130N\u0130ZE D\u00d6N\u00dcN&#8221;<\/strong><\/p>\n<p style=\"text-align: justify;\">M\u0131s\u0131r Cumhurba\u015fkan\u0131 H\u00fcsn\u00fc M\u00fcbarek&#8217;in yetkilerini devretti\u011fi Yard\u0131mc\u0131s\u0131 \u00d6mer S\u00fcleyman, protestoculara &#8221;evlerinize d\u00f6n\u00fcn \u00e7a\u011fr\u0131s\u0131&#8221; yapt\u0131.<\/p>\n<p style=\"text-align: justify;\">S\u00fcleyman, devlet televizyonundan halka hitaben yapt\u0131\u011f\u0131 konu\u015fmada, birlik \u00e7a\u011fr\u0131s\u0131nda da bulunarak &#8221;gelece\u011fi bak\u0131n&#8221; diye konu\u015ftu.<\/p>\n<p style=\"text-align: justify;\">\u0130ktidar\u0131n bar\u0131\u015f\u00e7\u0131l transferi i\u00e7in elinden geleni yapaca\u011f\u0131na s\u00f6z veren S\u00fcleyman, halk\u0131n taleplerinin diyalog yoluyla yerine getirilece\u011fi konusunda da taahh\u00fctte bulunarak, bu diyalo\u011fun ba\u015flad\u0131\u011f\u0131n\u0131 ve bir &#8221;yol haritas\u0131n\u0131n&#8221; belirlendi\u011fini ifade etti.<\/p>\n<p style=\"text-align: justify;\">S\u00fcleyman &#8220;ordu gen\u00e7li\u011fin devriminin koruyucusu oldu&#8221; dedi.<\/p>\n<p style=\"text-align: justify;\"><strong>&#8221;MISIR PATLAYACAK,ORDU \u00dcLKEY\u0130 KURTARMALI&#8221;<\/strong><\/p>\n<p style=\"text-align: justify;\">M\u0131s\u0131r&#8217;da muhalif lider Muhammed El Baradey, &#8221;M\u0131s\u0131r patlayacak, ordu \u00fclkeyi kurtarmal\u0131&#8221; dedi.<\/p>\n<p style=\"text-align: justify;\">El Baradey, internetteki sosyal payla\u015f\u0131m sitesi Twitter&#8217;a yazd\u0131\u011f\u0131 mesajda, &#8221;M\u0131s\u0131r&#8217;\u0131n patlayaca\u011f\u0131&#8221; y\u00f6n\u00fcnde uyar\u0131da bulundu ve &#8221;ordunun \u00fclkeyi kurtarmak i\u00e7in m\u00fcdahale etmesi gerekti\u011fini&#8221; savundu.<\/p>\n<p style=\"text-align: justify;\">Cumhurba\u015fkan\u0131 H\u00fcsn\u00fc M\u00fcbarek&#8217;in devlet televizyonundaki konu\u015fmas\u0131n\u0131n ard\u0131ndan Twitter&#8217;da mesaj yazan El Baradey, mesaj\u0131nda, &#8221;M\u0131s\u0131r patlayacak, ordu hemen \u015fimdi \u00fclkeyi kurtarmal\u0131&#8221; \u015feklinde ifade kulland\u0131.<\/p>\n<p style=\"text-align: justify;\">H\u00fcsn\u00fc M\u00fcbarek, devlet televizyonundan yay\u0131nlanan konu\u015fmas\u0131nda, istifa etmeyip yetkilerini Cumhurba\u015fkan\u0131 Yard\u0131mc\u0131s\u0131 \u00d6mer S\u00fcleyman&#8217;a devreti\u011fini a\u00e7\u0131klam\u0131\u015ft\u0131.<\/p>\n<p style=\"text-align: justify;\">El Baradey, Amerikan dergisi Foreign Policy&#8217;ye yapt\u0131\u011f\u0131 a\u00e7\u0131klamada, Devlet Ba\u015fkanl\u0131\u011f\u0131 yetkilerinin S\u00fcleyman&#8217;a devreldilmesi M\u0131s\u0131r&#8217;a demokrasi getirmeyece\u011fini savunmu\u015ftu.<\/p>\n<p style=\"text-align: justify;\"><strong>G\u00d6REV\u0130N\u0130 BIRAKAB\u0130L\u0130R<\/strong><\/p>\n<p style=\"text-align: justify;\">BBC, &#8220;M\u0131s\u0131r Devlet Ba\u015fkan\u0131 H\u00fcsn\u00fc M\u00fcbarek&#8217;in bug\u00fcn bir a\u00e7\u0131klama yaparak g\u00f6revini b\u0131rakaca\u011f\u0131n\u0131 s\u00f6yleyebilece\u011fini&#8221; bildirdi.<\/p>\n<p style=\"text-align: justify;\">NBC televizyonu ise M\u00fcbarek&#8217;in bu ak\u015fam g\u00f6revinden ayr\u0131laca\u011f\u0131n\u0131 \u00f6ne s\u00fcrd\u00fc. NBC&#8217;nin haberine g\u00f6re M\u00fcbarek, y\u00f6netimine kar\u015f\u0131 protestolar\u0131n s\u00fcrmesi nedeniyle istifa edecek. NBC televizyonunun, M\u0131s\u0131r Cumhurba\u015fkan\u0131 H\u00fcsn\u00fc M\u00fcbarek&#8217;in bu ak\u015fam g\u00f6revinden ayr\u0131laca\u011f\u0131 y\u00f6n\u00fcndeki iddias\u0131n\u0131 2 ba\u011f\u0131ms\u0131z kayna\u011fa dayand\u0131rd\u0131\u011f\u0131 bildirildi. NBC&#8217;nin \u00e7al\u0131\u015fan\u0131 Richard Engel, 2 ba\u011f\u0131ms\u0131z kayna\u011f\u0131n, M\u00fcbarek&#8217;in bu ak\u015fam istifa edece\u011fini do\u011frulad\u0131\u011f\u0131n\u0131 s\u00f6yledi.<\/p>\n<p style=\"text-align: justify;\">Bu s\u0131rada ba\u015fkent Kahire&#8217;deki Tahrir Meydan\u0131 y\u00fczbinlerce ki\u015fiyle dolmu\u015f durumda.<\/p>\n<p style=\"text-align: justify;\">Kahire&#8217;de M\u0131s\u0131r h\u00fck\u00fcmetinin bir \u00fcyesi de, Reuters&#8217;a yapt\u0131\u011f\u0131 a\u00e7\u0131klamada, M\u0131s\u0131r M\u00fcbarek&#8217;in g\u00f6revinde kal\u0131p kalmayaca\u011f\u0131 y\u00f6n\u00fcndeki karar\u0131n &#8220;saatler i\u00e7inde&#8221; verilece\u011fini kaydetti. Reuters, M\u00fcbarek&#8217;in yetkisini yard\u0131mc\u0131s\u0131na devretme konusunda pazarl\u0131k yapt\u0131\u011f\u0131n\u0131 duyurdu.<\/p>\n<p style=\"text-align: justify;\">M\u0131s\u0131r Ba\u015fbakan\u0131 Ahmet \u015eefik&#8217;in BBC&#8217;ye verdi\u011fi bilgiye dayand\u0131r\u0131lan haberde, M\u00fcbarek&#8217;in &#8220;b\u00fcy\u00fck ihtimalle&#8221; bug\u00fcn bir a\u00e7\u0131klama yaparak, g\u00f6revini Devlet Ba\u015fkan\u0131 Yard\u0131mc\u0131s\u0131na b\u0131rakaca\u011f\u0131n\u0131 s\u00f6yleyebilece\u011fi kaydedildi. BBC ayr\u0131ca, AFP&#8217;ye dayanarak, &#8220;M\u00fcbarek&#8217;in protestocular\u0131n isteklerini kar\u015f\u0131layaca\u011f\u0131&#8221; bilgisini aktar\u0131yor. M\u00fcbarek&#8217;in bir konu\u015fma yapmas\u0131 bekleniyor.<\/p>\n<p style=\"text-align: justify;\"><strong>AP AJANSI: &#8220;GEL\u0130\u015eMELER ORDUNUN KONTROL\u00dc ELE ALMAKTA OLDU\u011eUNU G\u00d6STER\u0130YOR&#8221;<\/strong><\/p>\n<p style=\"text-align: justify;\">Uluslararas\u0131 haber ajans\u0131 AP, M\u0131s\u0131r&#8217;daki son geli\u015fmelerin, ordunun kontrol\u00fc ele almakta oldu\u011funu ortaya koydu\u011funu ileri s\u00fcrd\u00fc.<\/p>\n<p style=\"text-align: justify;\">Ordunun resmi TV kanal\u0131ndan yapt\u0131\u011f\u0131 ve &#8220;ulusun korunmas\u0131 i\u00e7in gereken \u00f6nlemleri de\u011ferlendirmekte oldu\u011fu&#8221; ve &#8220;halk\u0131n b\u00fct\u00fcn taleplerinin kar\u015f\u0131lanaca\u011f\u0131&#8221; a\u00e7\u0131klamas\u0131na dikkati \u00e7eken ajans, &#8220;bu dramatik a\u00e7\u0131klamalar, 17 g\u00fcnl\u00fck protestolar\u0131n ard\u0131ndan ordunun kontrol\u00fc ele almakta oldu\u011funu g\u00f6steriyor&#8221; yorumunu yapt\u0131.<\/p>\n<p style=\"text-align: justify;\"><strong>DEVLET TELEV\u0130ZYONU: &#8221;M\u00dcBAREK BU AK\u015eAM HALKA H\u0130TAP EDECEK&#8221;<\/strong><\/p>\n<p style=\"text-align: justify;\">M\u0131s\u0131r Devlet televizyonu, Cumhurba\u015fkan\u0131 H\u00fcsn\u00fc M\u00fcbarek&#8217;in bu ak\u015fam halka hitap edece\u011fini duyurdu. Televizyonun a\u00e7\u0131klamas\u0131nda, &#8221;M\u00fcbarek bu ak\u015fam halka a\u00e7\u0131klamada bulunacak&#8221; denildi.<\/p>\n<p style=\"text-align: justify;\"><strong>CIA DE M\u00dcBAREK&#8217;\u0130N \u0130ST\u0130FA EDECE\u011e\u0130N\u0130 D\u00dc\u015e\u00dcN\u00dcYOR<\/strong><\/p>\n<p style=\"text-align: justify;\">Amerikan Merkezi Haberalma Te\u015fkilat\u0131 (CIA), da M\u00fcbarek&#8217;in bu ak\u015fam istifa etmesinin kuvvetli bir ihtimal oldu\u011funu a\u00e7\u0131klad\u0131.<\/p>\n<p style=\"text-align: justify;\">CIA a\u00e7\u0131klamas\u0131nda, M\u00fcbarek&#8217;in bu ak\u015fam istifa etmesinin &#8221;kuvvetle muhtemel oldu\u011fu&#8221; ifadesi yer ald\u0131.<\/p>\n<p style=\"text-align: justify;\"><strong>&#8220;M\u00dcBAREK \u015eARM EL \u015eEYH&#8217;E G\u0130TT\u0130&#8221;<\/strong><\/p>\n<p style=\"text-align: justify;\">M\u00fcbarek&#8217;in, Genelkurma\u015fy Ba\u015fkan\u0131 ile birlikte, \u015earm el \u015eeyh&#8217;e gitti\u011fi ileri s\u00fcr\u00fcld\u00fc.  Haberi veren El Arabiya televizyonu, ba\u015fka ayr\u0131nt\u0131 vermedi.  \u015earm el \u015eeyh&#8217;te M\u00fcbarek&#8217;in tatil d\u00f6nemlerinde kald\u0131\u011f\u0131 ikametgah\u0131n\u0131n oldu\u011fu biliniyor.<\/p>\n<p style=\"text-align: justify;\"><strong>ORDU B\u0130LD\u0130R\u0130 YAYIMLAYACAK, M\u00dcBAREK HALKA H\u0130TAP EDECEK<\/strong><\/p>\n<p style=\"text-align: justify;\">M\u00fcbarek&#8217;in derhal istifa etmesi ba\u015fta olmak \u00fczere 17 g\u00fcnd\u00fcr ba\u015fkentte protesto g\u00f6sterilerini s\u00fcrd\u00fcren muhaliflerin &#8220;t\u00fcm taleplerinin kar\u015f\u0131lanaca\u011f\u0131&#8221; a\u00e7\u0131kland\u0131.<\/p>\n<p style=\"text-align: justify;\">Ordu komutanlar\u0131ndan Hasan el Roveni, Kahire&#8217;deki Tahrir Meydan\u0131&#8217;ndaki protestoculara yapt\u0131\u011f\u0131 konu\u015fmada, &#8220;istedi\u011finiz her \u015fey yerine getirilecek&#8221; dedi.<\/p>\n<p style=\"text-align: justify;\">CNN televizyonu, ayn\u0131 zamanda ba\u015fkomutan olan M\u00fcbarek&#8217;in ba\u015fkomutanl\u0131\u011f\u0131, bu nedenle ordu komutanl\u0131\u011f\u0131na devredebilece\u011fini ileri s\u00fcrd\u00fc.<\/p>\n<p style=\"text-align: justify;\">M\u0131s\u0131r Ordusu M\u00fcbarek&#8217;in durumunu g\u00f6r\u00fc\u015fmek \u00fczere topland\u0131. G\u00fcvenlik kaynaklar\u0131, Y\u00fcksek Askeri Konsey&#8217;in t\u00fcm g\u00fcn toplant\u0131 halinde oldu\u011funu belirttiler.<\/p>\n<p style=\"text-align: justify;\">Ordunun konuya ili\u015fkin yak\u0131nda bir bildiri yay\u0131mlayaca\u011f\u0131 kaydedildi. M\u00fcbarek&#8217;in de k\u0131sa bir s\u00fcre i\u00e7erisinde halka hitap edece\u011fi kaydedildi.<\/p>\n<p style=\"text-align: justify;\">M\u00fcbarek&#8217;in g\u00f6revini b\u0131rakabilece\u011fi haberlerini, iktidar partisi yetkilileri de teyit etti.<\/p>\n<p style=\"text-align: justify;\">Bu arada Enformasyon Bakan\u0131 ise &#8220;M\u00fcbarek i\u015fba\u015f\u0131nda, istifa etmiyor&#8221; a\u00e7\u0131klamas\u0131 yapt\u0131. M\u0131s\u0131r Enformasyon Bakan\u0131 Anas el Fekki, Cumhurba\u015fkan\u0131 H\u00fcsn\u00fc M\u00fcbarek&#8217;in &#8220;hala g\u00f6revinin ba\u015f\u0131nda oldu\u011funu, ayr\u0131lmayaca\u011f\u0131n\u0131&#8221; s\u00f6yledi.<\/p>\n<p style=\"text-align: justify;\">Bakan, Reuters&#8217;a yapt\u0131\u011f\u0131 a\u00e7\u0131klamada, &#8220;medyadan duydu\u011funuz her \u015fey s\u00f6ylenti&#8221; g\u00f6r\u00fc\u015f\u00fcn\u00fc savundu.<\/p>\n<p style=\"text-align: justify;\">Bir yetkili, M\u00fcbarek&#8217;in yetkilerini yard\u0131mc\u0131s\u0131 \u00d6mer S\u00fcleyman&#8217;a devredebilece\u011fini ileri s\u00fcrerek, &#8220;ancak hen\u00fcz karar verilmedi, hala g\u00f6r\u00fc\u015fmeler s\u00fcr\u00fcyor&#8221; dedi.<\/p>\n<p style=\"text-align: justify;\">\u0130ktidar partisi ba\u015fkan\u0131 Hussam Bedrevi de, M\u00fcbarek i\u00e7in bir kenara \u00e7ekilmenin en iyisi olaca\u011f\u0131n\u0131 ifade ederek, &#8220;bug\u00fcn gitmesini bekliyorum&#8221; dedi.<\/p>\n<p style=\"text-align: justify;\">\u00d6te yandan El Arabiya televizyonu ordunun s\u0131k\u0131y\u00f6netim ilan edebilece\u011fini duyurdu.<\/p>\n<p style=\"text-align: justify;\">El Cezire televizyonu ordu ile M\u00fcbarek&#8217;in yard\u0131mc\u0131s\u0131 \u00d6mer S\u00fcleyman aras\u0131nda bir g\u00fc\u00e7 sava\u015f\u0131n\u0131n ya\u015fand\u0131\u011f\u0131n\u0131 belirtti.<\/p>\n<p style=\"text-align: justify;\"><strong>&#8221;MISIR&#8217;DA TAR\u0130H\u0130N DE\u011e\u0130\u015e\u0130M\u0130NE TANIKLIK ED\u0130YORUZ&#8221;<\/strong><\/p>\n<p style=\"text-align: justify;\">ABD Ba\u015fkan\u0131 Barack Obama, &#8221;M\u0131s\u0131r&#8217;da tarihin de\u011fi\u015fimine tan\u0131kl\u0131k etmekteyiz&#8221; dedi.<\/p>\n<p style=\"text-align: justify;\">\u0130nternet d\u00fcnyas\u0131ndaki geli\u015fmelerle ilgili de\u011ferlendirmelerde bulunmak \u00fczere Michigan&#8217;da bulunan Obama, konu\u015fmas\u0131nda M\u0131s\u0131r&#8217;daki geli\u015fmelere de k\u0131saca de\u011findi.<\/p>\n<p style=\"text-align: justify;\">Obama, istifas\u0131 etmesi beklenen M\u0131s\u0131r Cumhurba\u015fkan\u0131 H\u00fcsn\u00fc M\u00fcbarek&#8217;in a\u00e7\u0131klamas\u0131ndan \u00f6nceki bu a\u00e7\u0131klamas\u0131nda, &#8221;M\u0131s\u0131r&#8217;daki olaylar bu \u00fclkede tarihin de\u011fi\u015fmekte oldu\u011funu g\u00f6steriyor&#8221; ifadesini kulland\u0131.<\/p>\n<p style=\"text-align: justify;\">ABD Ba\u015fkan\u0131, &#8221;M\u0131s\u0131r&#8217;da demokrasiye d\u00fczenli ge\u00e7i\u015fi&#8221; desteklediklerini de kaydetti.<\/p>\n<p style=\"text-align: justify;\"><strong>HALK TAHR\u0130R MEYDANINA AKIN ED\u0130YOR<\/strong><\/p>\n<p style=\"text-align: justify;\">M\u0131s\u0131r Cumhurba\u015fkan\u0131 H\u00fcsn\u00fc M\u00fcbarek&#8217;in istifa edece\u011fi y\u00f6n\u00fcnde medyada \u00e7\u0131kan haberlerin ard\u0131ndan, M\u0131s\u0131r halk\u0131 M\u00fcbarek&#8217;in istifa haberini kar\u015f\u0131lamak \u00fczere Tahrir meydan\u0131na ak\u0131n etti.<\/p>\n<p style=\"text-align: justify;\">Bayraklar ve d\u00f6vizler ta\u015f\u0131yarak meydana gitmeye \u00e7al\u0131\u015fan halk, askerlerin kontrol noktalar\u0131nda s\u0131k\u0131 bi\u00e7imde arand\u0131ktan sonra alana al\u0131n\u0131yor. Tahrir meydan\u0131nda 17 g\u00fcnden beri g\u00f6steri yapan protestocular da M\u00fcbarek&#8217;in istifa edece\u011fi y\u00f6n\u00fcndeki haberleri sevin\u00e7le kar\u015f\u0131lad\u0131.<\/p>\n<p style=\"text-align: justify;\">Alanda slogan atan protestocular, AA muhabirine yapt\u0131klar\u0131 a\u00e7\u0131klamada &#8220;M\u00fcbarek gidiyor. \u00d6mer S\u00fcleyman\u0131 da istemiyoruz. M\u0131s\u0131r halk\u0131 burada g\u00f6steri yap\u0131yor. Kimse istediklerimiz olana kadar bizi bu alandan \u00e7\u0131karamaz&#8221; dediler.<\/p>\n<p style=\"text-align: justify;\">M\u00fcbarek&#8217;in istifa edece\u011fine dair haberler alanda bulunan protestoculara megafonla anons edilirken, on binlerce g\u00f6stericinin, M\u00fcbarek&#8217;in ak\u0131betinin ne olaca\u011f\u0131n\u0131 ve ordunun pozisyonunu merakla bekledi\u011fi g\u00f6zleniyor.<\/p>\n<p style=\"text-align: justify;\"><a href=\"http:\/\/www.gazeteport.com.tr\/DUNYA\/NEWS\/GP_851355\" target=\"_blank\"><span style=\"color: #888888;\">Kaynak : GAZETEPORT<\/span><\/a><\/p>\n","protected":false},"excerpt":{"rendered":"<p style=\"text-align: center;\">\n<p style=\"text-align: justify;\">M\u0131s\u0131r&#8217;da 17 g\u00fcnd\u00fcr devam eden protesto g\u00f6sterilerinin ard\u0131ndan Devlet Ba\u015fkan\u0131 H\u00fcsn\u00fc M\u00fcbarek tarihi konu\u015fmas\u0131n\u0131 ger\u00e7ekle\u015ftirdi.<\/p>\n<p style=\"text-align: justify;\">M\u00fcbarek adil se\u00e7imler yap\u0131lmas\u0131 y\u00f6n\u00fcnde verdi\u011fi s\u00f6z\u00fc yinelerken, baz\u0131 yetkilerini de yard\u0131mc\u0131s\u0131 S\u00fcleyman&#8217;a devretti\u011fini a\u00e7\u0131klad\u0131.<\/p>\n<p style=\"text-align: justify;\">\u00d6te yandan Tahrir Meydan\u0131n\u0131 dolduran binlerce g\u00f6sterici, M\u00fcbarek&#8217;in konu\u015fmas\u0131ndan hi\u00e7bir \u015fekilde tatmin olmad\u0131. G\u00f6stericiler &#8221;ne seni <\/p>\n","protected":false},"author":1,"featured_media":0,"comment_status":"open","ping_status":"closed","sticky":false,"template":"","format":"standard","meta":{"footnotes":""},"categories":[105],"tags":[],"class_list":["post-28190","post","type-post","status-publish","format-standard","hentry","category-gundem","odd"],"_links":{"self":[{"href":"http:\/\/www.korhanyilmaz.com\/index.php?rest_route=\/wp\/v2\/posts\/28190","targetHints":{"allow":["GET"]}}],"collection":[{"href":"http:\/\/www.korhanyilmaz.com\/index.php?rest_route=\/wp\/v2\/posts"}],"about":[{"href":"http:\/\/www.korhanyilmaz.com\/index.php?rest_route=\/wp\/v2\/types\/post"}],"author":[{"embeddable":true,"href":"http:\/\/www.korhanyilmaz.com\/index.php?rest_route=\/wp\/v2\/users\/1"}],"replies":[{"embeddable":true,"href":"http:\/\/www.korhanyilmaz.com\/index.php?rest_route=%2Fwp%2Fv2%2Fcomments&post=28190"}],"version-history":[{"count":0,"href":"http:\/\/www.korhanyilmaz.com\/index.php?rest_route=\/wp\/v2\/posts\/28190\/revisions"}],"wp:attachment":[{"href":"http:\/\/www.korhanyilmaz.com\/index.php?rest_route=%2Fwp%2Fv2%2Fmedia&parent=28190"}],"wp:term":[{"taxonomy":"category","embeddable":true,"href":"http:\/\/www.korhanyilmaz.com\/index.php?rest_route=%2Fwp%2Fv2%2Fcategories&post=28190"},{"taxonomy":"post_tag","embeddable":true,"href":"http:\/\/www.korhanyilmaz.com\/index.php?rest_route=%2Fwp%2Fv2%2Ftags&post=28190"}],"curies":[{"name":"wp","href":"https:\/\/api.w.org\/{rel}","templated":true}]}}