{"id":28184,"date":"2011-02-11T12:34:54","date_gmt":"2011-02-11T10:34:54","guid":{"rendered":"http:\/\/www.korhanyilmaz.com\/?p=28184"},"modified":"2011-02-11T12:34:54","modified_gmt":"2011-02-11T10:34:54","slug":"misirda-veda-cumasi","status":"publish","type":"post","link":"http:\/\/www.korhanyilmaz.com\/?p=28184","title":{"rendered":"M\u0131s\u0131r&#8217;da &#8220;Veda Cumas\u0131&#8221;"},"content":{"rendered":"<p style=\"text-align: center;\"><a href=\"http:\/\/www.korhanyilmaz.com\/wp-content\/uploads\/2011\/02\/308.jpg\"  class=\"lightview\"><img loading=\"lazy\" decoding=\"async\" class=\"aligncenter size-full wp-image-28185\" src=\"http:\/\/www.korhanyilmaz.com\/wp-content\/uploads\/2011\/02\/308.jpg\" alt=\"\" width=\"414\" height=\"220\" \/><\/a><\/p>\n<p style=\"text-align: justify;\">M\u0131s\u0131r&#8217;da d\u00fcn  ak\u015fam istifas\u0131 beklenen Cumhurba\u015fkan\u0131 H\u00fcsn\u00fc M\u00fcbarek yetkilerini k\u0131smen yard\u0131mc\u0131s\u0131na devretti\u011fini a\u00e7\u0131klamakla yetindi ve eyl\u00fcle kadar g\u00f6revde kalaca\u011f\u0131n\u0131 yineledi.<\/p>\n<p style=\"text-align: justify;\">A\u00e7\u0131klaman\u0131n ard\u0131ndan \u00f6fke ve hayalk\u0131r\u0131kl\u0131\u011f\u0131n\u0131n hakim oldu\u011fu ba\u015fkent Kahire&#8217;deki Tahrir Meydan\u0131&#8217;nda bug\u00fcn bir kez daha y\u00fczbinlerce ki\u015fi var. Cuma namaz\u0131 sonras\u0131 b\u00fcy\u00fck bir g\u00f6steri yap\u0131l\u0131yor. G\u00f6stericiler bug\u00fcne M\u00fcbarek&#8217;e &#8220;Veda G\u00fcn\u00fc&#8221; ad\u0131n\u0131 verdi. <!--more--><\/p>\n<p style=\"text-align: justify;\">El Arabiye televizyonu, M\u00fcbarek&#8217;in gitti\u011fini iddia etti.<\/p>\n<p style=\"text-align: justify;\">Ordu bug\u00fcn yapt\u0131\u011f\u0131 a\u00e7\u0131klamada M\u00fcbarek&#8217;in ge\u00e7i\u015f plan\u0131n\u0131 desteklediklerini a\u00e7\u0131klad\u0131.<\/p>\n<p style=\"text-align: justify;\">KAH\u0130RE &#8211;  El Arabiye televizyonu, Cumhurba\u015fkan\u0131 H\u00fcsn\u00fc M\u00fcbarek ile ailesinin Kahire&#8217;den ayr\u0131larak bilinmeyen bir yere gittiklerini iddia etti. Kaynak verilmeyen haberde, M\u00fcbarek&#8217;in askeri bir havaliman\u0131ndan ayr\u0131larak bilinmeyen bir yere gitti\u011fini bildirildi.  Cumhurba\u015fkanl\u0131\u011f\u0131ndan &#8216;acil ve \u00f6nemli&#8217; bir a\u00e7\u0131klama yap\u0131lmas\u0131 bekleniyor.<\/p>\n<p style=\"text-align: justify;\"><strong>&#8220;\u015eARM EL \u015eEYH&#8217;E G\u0130TT\u0130&#8221;<\/strong><\/p>\n<p style=\"text-align: justify;\">M\u00fcbarek&#8217;in ailesiyle birlikte ba\u015fkent Kahire&#8217;y\u0131 terk etti\u011fi bildirildi.<\/p>\n<p style=\"text-align: justify;\">H\u00fck\u00fcmete yak\u0131n bir kaynak, soka\u011fa d\u00f6k\u00fclen halk\u0131n bask\u0131s\u0131yla yetkilerini yard\u0131mc\u0131s\u0131 \u00d6mer S\u00fcleyman&#8217;a devreden M\u00fcbarek&#8217;in Kahire&#8217;den ayr\u0131larak bilinmeyen bir yere gitti\u011fini a\u00e7\u0131klad\u0131.<\/p>\n<p style=\"text-align: justify;\">Herhangi bir kaynak belirtmeden M\u00fcbarek&#8217;in Kahire&#8217;den ayr\u0131ld\u0131\u011f\u0131n\u0131 duyuran El Arabiye televizyonu, Cumhurba\u015fkan\u0131n\u0131n K\u0131z\u0131l Deniz&#8217;deki tatil beldesi \u015earm E\u015f\u015feyh&#8217;e gitti\u011fini iddia etti.<\/p>\n<p style=\"text-align: justify;\">M\u00fcbarek&#8217;in s\u0131k s\u0131k \u015earm El \u015eeyh&#8217;e gitti\u011fi ve burada konuklar\u0131n\u0131 a\u011f\u0131rlad\u0131\u011f\u0131 belirtiliyor.<\/p>\n<p style=\"text-align: justify;\">M\u0131s\u0131r&#8217;da d\u00fcn ak\u015fam istifa etmesi beklenen M\u00fcbarek&#8217;in yetkilerini k\u0131smen yard\u0131mc\u0131s\u0131na devretti\u011fini ve eyl\u00fcle kadar g\u00f6revde kalaca\u011f\u0131n\u0131 a\u00e7\u0131klamakla yetinmesinin ard\u0131ndan, bug\u00fcn, isyan\u0131n 18. g\u00fcn\u00fcnde,  ba\u015fkent Kahire&#8217;deki Tahrir Meydan\u0131 bir kez daha y\u00fczbinlerce ki\u015fiyle dolup ta\u015f\u0131yor. Kahire&#8217;nin farkl\u0131 yerlerinde g\u00f6sterilerin yap\u0131ld\u0131\u011f\u0131 belirtilirken, \u0130skenderiye ve S\u00fcvey\u015f kentlerinde de binlerce ki\u015fi g\u00f6steri yap\u0131yor. G\u00f6stericilerin h\u00fck\u00fcmet binalar\u0131n\u0131n etraf\u0131n\u0131 sard\u0131\u011f\u0131 belirtiliyor.<\/p>\n<p style=\"text-align: center;\"><a href=\"http:\/\/www.korhanyilmaz.com\/wp-content\/uploads\/2011\/02\/309.jpg\"  class=\"lightview\"><img loading=\"lazy\" decoding=\"async\" class=\"aligncenter size-full wp-image-28186\" src=\"http:\/\/www.korhanyilmaz.com\/wp-content\/uploads\/2011\/02\/309.jpg\" alt=\"\" width=\"449\" height=\"231\" \/><\/a><\/p>\n<p style=\"text-align: justify;\"><strong>20 M\u0130LYONLUK G\u00d6STER\u0130 \u00c7A\u011eRISI<\/strong><\/p>\n<p style=\"text-align: justify;\">Cuma namaz\u0131 sonras\u0131 b\u00fcy\u00fck bir g\u00f6sterinin yap\u0131ld\u0131\u011f\u0131 Tahrir Meydan\u0131, g\u00f6stericilerin &#8220;Git&#8221; ve &#8220;H\u00fck\u00fcms\u00fcz&#8221; sloganlar\u0131yla inliyor. Muhalefet, bug\u00fcn\u00fc M\u00fcbarek&#8217;e &#8220;Veda G\u00fcn\u00fc&#8221; ilan etti ve \u00fclke genelinde 20 milyonluk g\u00f6steri \u00e7a\u011fr\u0131s\u0131 yapt\u0131.<\/p>\n<p style=\"text-align: justify;\">Ordu da bug\u00fcn bir a\u00e7\u0131klama yaparak M\u00fcbarek&#8217;in ge\u00e7i\u015f plan\u0131n\u0131n desteklediklerini ve M\u00fcbarek&#8217;in vaatlerinin takip\u00e7isi olacaklar\u0131n\u0131 a\u00e7\u0131klad\u0131. Ordu ola\u011fan\u00fcst\u00fc halin kalkaca\u011f\u0131n\u0131 ve demokratik bir se\u00e7im yap\u0131laca\u011f\u0131n\u0131 duyurdu. Ordunun bug\u00fcn i\u00e7inde bir a\u00e7\u0131klama daha yapmas\u0131 bekleniyor.<\/p>\n<p style=\"text-align: justify;\">El Cezire televizyonu Ba\u015fkanl\u0131k Saray\u0131 \u00f6n\u00fcnde toplanan g\u00f6stericilerle askerler aras\u0131nda gerginlik ya\u015fand\u0131\u011f\u0131n\u0131 aktard\u0131. Ordunun Ba\u015fkanl\u0131k Saray\u0131&#8217;na giden yolu barikat kurarak kapatt\u0131\u011f\u0131 belirtildi.<\/p>\n<p style=\"text-align: justify;\">M\u0131s\u0131r devlet televizyonu binas\u0131n\u0131n da g\u00f6stericiler taraf\u0131ndan ku\u015fat\u0131ld\u0131\u011f\u0131 belirtiliyor.<\/p>\n<p style=\"text-align: justify;\"><strong>BAZI SUBAYLAR PROTESTOCULARA KATILIYOR<\/strong><\/p>\n<p style=\"text-align: justify;\">M\u00fcbarek&#8217;in 30 y\u0131ll\u0131k iktidar\u0131na kar\u015f\u0131 g\u00f6steriler s\u00fcrerken, silahl\u0131 kuvvetlerden orta kademede 15 subay M\u00fcbarak&#8217;e kar\u015f\u0131 halk hareketine kat\u0131ld\u0131.<\/p>\n<p style=\"text-align: justify;\">Cuma sabah namaz\u0131ndan hemen sonra telefonla Reuters ajans\u0131na a\u00e7\u0131klamada bulunan Binba\u015f\u0131 Ahmed Ali \u015euman, &#8220;Silahl\u0131 kuvvetlerin halkla dayan\u0131\u015fma hareketi ba\u015flam\u0131\u015ft\u0131r&#8221; dedi.<\/p>\n<p style=\"text-align: justify;\">Ba\u015fkent Kahire&#8217;nin Tahrir Meydan\u0131&#8217;ndaki g\u00f6steride d\u00fcn gece halka hitap eden Ali \u015euman, &#8220;r\u00fctbeleri y\u00fczba\u015f\u0131 ile yarbay aras\u0131nda 15 subay halk hareketine kat\u0131ld\u0131&#8221; diyerek, silah\u0131n\u0131 orduya teslim etti\u011fini de bildirdi.<\/p>\n<p style=\"text-align: justify;\">\u015euman, harekete kat\u0131lan di\u011fer subaylar\u0131n da cuma namaz\u0131ndan sonra halkla konu\u015faca\u011f\u0131n\u0131 belirtti. Tahrir Meydan\u0131&#8217;n\u0131n bat\u0131 giri\u015fini korumakla g\u00f6revlendirildi\u011fini belirten \u015euman, di\u011fer subaylar\u0131 da M\u00fcbarek kar\u015f\u0131t\u0131 g\u00f6sterilere kat\u0131lma \u00e7a\u011fr\u0131s\u0131 yapt\u0131\u011f\u0131n\u0131 belirtti. M\u0131s\u0131r&#8217;da ordu, halk hareketine kar\u015f\u0131 kuvvete hi\u00e7 ba\u015fvurmad\u0131. Ancak baz\u0131 g\u00f6stericiler askerlere k\u0131zg\u0131n. Tahrir&#8217;deki g\u00f6stericilerden Salih Bazuni, &#8220;M\u00fcbarek \u00e7eteleri bu meydanda halktan 300 ki\u015fiyi \u015fehit etmi\u015fken ordu kenarda nas\u0131l seyirci kalabildi&#8221; dedi.<\/p>\n<p style=\"text-align: justify;\">Bu arada M\u00fcbarek&#8217;in yetkilerini k\u0131smen devretti\u011fi \u00d6mer S\u00fcleyman, Ba\u015fbakan Ahmet \u015eefik&#8217;ten, &#8220;milli diyalog&#8221; i\u00e7in bir ba\u015fbakan yard\u0131mc\u0131s\u0131 atamas\u0131n\u0131 istedi.<\/p>\n<p style=\"text-align: justify;\">Resmi haber ajans\u0131n\u0131n bildirdi\u011fine g\u00f6re S\u00fcleyman, muhalefet g\u00fc\u00e7leri ve ba\u011f\u0131ms\u0131z \u015fahsiyetlerle diyalo\u011fun y\u00fcr\u00fct\u00fclmesinde sorumlulu\u011fu alacak bir ba\u015fbakan yard\u0131mc\u0131s\u0131 atanmas\u0131 ve bu ki\u015finin, \u00fclkedeki krizin \u00e7\u00f6z\u00fcm\u00fc i\u00e7in h\u00fck\u00fcmetle g\u00f6r\u00fc\u015fmelerde bulunan &#8220;akil adamlar&#8221; aras\u0131ndan se\u00e7ilmesini istedi.&#8221;Akil adamlar&#8221; konseyinde \u00f6nde gelen i\u015fadamlar\u0131, akademisyenler ve hukuk\u00e7ular bulunuyor.<\/p>\n<p style=\"text-align: justify;\"><strong>&#8220;S\u00dcLEYMAN, M\u00dcBAREK&#8217;\u0130N DEVAMI&#8221;<\/strong><\/p>\n<p style=\"text-align: justify;\">M\u00fcbarek&#8217;in, istifa etmeyip yetkilerini devretti\u011fi yard\u0131mc\u0131s\u0131 \u00d6mer S\u00fcleyman&#8217;\u0131n, &#8220;g\u00f6lge adam&#8221; olarak bilindi\u011fi belirtildi.<\/p>\n<p style=\"text-align: justify;\">Uzmanlara g\u00f6re, 1934 y\u0131l\u0131nda, yukar\u0131 M\u0131s\u0131r b\u00f6lgesinde yer alan Qina kentinde varl\u0131kl\u0131 bir ailenin \u00e7ocu\u011fu olarak d\u00fcnyaya gelen \u00d6mer S\u00fcleyman, y\u0131llarca g\u00f6lgede kalarak, M\u0131s\u0131r d\u0131\u015f siyasetinin netameli ve el yakan dosyalar\u0131n\u0131 y\u00f6netti. Bu g\u00f6revi yaparken kilit rol oynayan S\u00fcleyman, \u0130srail-Filistin ihtilaf\u0131 ile ilgili dosyalar\u0131 da y\u00f6netti. General \u00fcniformas\u0131n\u0131 b\u0131rak\u0131p sivil k\u0131yafetler giyen S\u00fcleyman, hep g\u00f6lgede kalarak, \u0130srailli yetkililerle de, Filistin Hamas \u00f6rg\u00fct\u00fcyle de g\u00f6r\u00fc\u015ft\u00fc ve 2008 y\u0131l\u0131n\u0131n sonlar\u0131nda Gazze sava\u015f\u0131n\u0131n bitmesini sa\u011flad\u0131. S\u00fcleyman, &#8220;\u00f6zel g\u00f6revlerin&#8221; ve &#8220;\u0130srail-Filistin ile ilgili stratejik dosyalar\u0131n&#8221; adam\u0131 oldu.<\/p>\n<p style=\"text-align: justify;\">S\u00fcleyman ile bir\u00e7ok kez kar\u015f\u0131la\u015fan \u00f6nemli bir Avrupa \u00fclkesinin eski bir istihbarat \u015fefi, AFP&#8217;ye yapt\u0131\u011f\u0131 a\u00e7\u0131klamada, S\u00fcleyman&#8217;\u0131n son derece a\u00e7\u0131k, bi\u00e7imli, kurnaz bir karaktere sahip oldu\u011funu ifade etti. &#8220;S\u00fcleyman&#8217;a herkes sayg\u0131 duyar ve inand\u0131r\u0131c\u0131 bulur&#8221; diyen eski istihbarat \u015fefi, &#8220;Ordudan gelen S\u00fcleyman, Cumhurba\u015fkan\u0131n\u0131n g\u00f6zleri ve kulaklar\u0131 gibidir ve M\u0131s\u0131r&#8217;\u0131n ulusal \u00e7\u0131karlar\u0131na son derece b\u00fcy\u00fck \u00f6nem verir&#8221; dedi.<\/p>\n<p style=\"text-align: justify;\"><strong> &#8220;M\u00dcBAREK&#8217;\u0130N \u0130K\u0130Z KARDE\u015e\u0130 G\u0130B\u0130&#8221;<\/strong><\/p>\n<p style=\"text-align: justify;\">M\u0131s\u0131r&#8217;da muhalif lider Muhammed El Baradey ise Amerikan haber kanal\u0131 CNN&#8217;e yapt\u0131\u011f\u0131 a\u00e7\u0131klamada, M\u00fcbarek&#8217;in yetkilerini S\u00fcleyman&#8217;a devretmekle herkesi aldatt\u0131\u011f\u0131n\u0131 s\u00f6yledi. &#8220;\u00d6mer S\u00fcleyman&#8217;\u0131n, H\u00fcsn\u00fc M\u00fcbarek&#8217;in devam\u0131 oldu\u011funu&#8221; vurgulayan El Baradei, &#8220;S\u00fcleyman ve M\u00fcbarek ikiz karde\u015f gibidir, ikisi de M\u0131s\u0131r halk\u0131 i\u00e7in kabul edilemez&#8221; diye konu\u015ftu.<\/p>\n<p style=\"text-align: justify;\"><strong>El Baradey \u015funlar\u0131 s\u00f6yledi: <\/strong><\/p>\n<p style=\"text-align: justify;\">&#8220;M\u00fcbarek iktidarda kalma pahas\u0131na \u00fclkeyi tehlikeye at\u0131yor. Bir devlet ba\u015fkan\u0131 i\u00e7in yetkisiz kalmak k\u00fc\u00e7\u00fck d\u00fc\u015f\u00fcr\u00fcc\u00fc bir durumdur ama M\u00fcbarek cumhurba\u015fkan\u0131 kalmak istiyor, bu son derece \u015fa\u015fk\u0131nl\u0131k verici bir durum ama en b\u00fcy\u00fck korkum, bu durumun M\u0131s\u0131rl\u0131lar\u0131n \u00f6fkesini daha art\u0131rmas\u0131 ve \u015fiddet olaylar\u0131na yol a\u00e7mas\u0131d\u0131r.&#8221;<\/p>\n<p style=\"text-align: justify;\">El BaradeY, internetteki sosyal payla\u015f\u0131m sitesi Twitter&#8217;a yazd\u0131\u011f\u0131 mesajda, &#8220;M\u0131s\u0131r&#8217;\u0131n patlayaca\u011f\u0131&#8221; y\u00f6n\u00fcnde uyar\u0131da bulunmu\u015f ve &#8220;ordunun \u00fclkeyi kurtarmak i\u00e7in bir an \u00f6nce m\u00fcdahale etmesi gerekti\u011fini&#8221; savunmu\u015ftu.<\/p>\n<p style=\"text-align: justify;\"><strong>ABD NET GE\u00c7\u0130\u015e D\u00d6NEM\u0130 \u0130ST\u0130YOR<\/strong><\/p>\n<p style=\"text-align: justify;\">ABD Ba\u015fkan\u0131 Barack Obama, M\u0131s\u0131r h\u00fck\u00fcmetini, yap\u0131lan de\u011fi\u015fimleri anlatma ve M\u0131s\u0131r halk\u0131n\u0131n istedi\u011fi demokrasi ve temsil g\u00fcc\u00fc y\u00fcksek bir h\u00fck\u00fcmete uzanan ad\u0131m ad\u0131m s\u00fcreci a\u00e7\u0131k ve kesin bir dilde ifade etme y\u00f6n\u00fcnde s\u00fcratle harekete ge\u00e7meye \u00e7a\u011f\u0131rarak, &#8221;M\u0131s\u0131r h\u00fck\u00fcmetinin ger\u00e7ek demokrasiye do\u011fru inand\u0131r\u0131c\u0131, somut ve a\u00e7\u0131k bir yol ortaya koymas\u0131 gerekli&#8221; dedi.<\/p>\n<p style=\"text-align: justify;\">Obama, M\u00fcbarek&#8217;in konu\u015fmas\u0131n\u0131n ard\u0131ndan yaz\u0131l\u0131 a\u00e7\u0131klama yapt\u0131.  &#8221;M\u0131s\u0131r halk\u0131na, iktidar ge\u00e7i\u015fi oldu\u011funun s\u00f6ylendi\u011fini ancak bu ge\u00e7i\u015fin hemen, anlaml\u0131 ve yeterli olup olmad\u0131\u011f\u0131n\u0131 hen\u00fcz a\u00e7\u0131k olmad\u0131\u011f\u0131n\u0131&#8221; belirten Obama, &#8221;\u00c7ok say\u0131daki M\u0131s\u0131rl\u0131, y\u00f6netimin demokrasiye ger\u00e7ek bir ge\u00e7i\u015f konusunda ciddi oldu\u011funa ikna olmu\u015f de\u011fil&#8221; ifadesini kulland\u0131.<\/p>\n<p style=\"text-align: justify;\">Obama, M\u0131s\u0131r halk\u0131 ve d\u00fcnyaya net bi\u00e7imde konu\u015fman\u0131n, M\u0131s\u0131r y\u00f6netimin sorumlulu\u011funda oldu\u011funu ifade ederek, M\u0131s\u0131r h\u00fck\u00fcmetinin ger\u00e7ek demokrasiye do\u011fru inand\u0131r\u0131c\u0131, somut ve a\u00e7\u0131k yol ortaya koymas\u0131 gerekti\u011fini ama h\u00fck\u00fcmetin hen\u00fcz bu f\u0131rsat\u0131 kullanmad\u0131\u011f\u0131n\u0131 vurgulad\u0131.<\/p>\n<p style=\"text-align: justify;\">Obama, a\u00e7\u0131klamas\u0131n\u0131 \u015f\u00f6yle s\u00fcrd\u00fcrd\u00fc:<\/p>\n<p style=\"text-align: justify;\">&#8221;Bu olaylar\u0131n ba\u015flang\u0131c\u0131ndan bu yana s\u00f6yledi\u011fimiz gibi M\u0131s\u0131r&#8217;\u0131n gelece\u011fi M\u0131s\u0131r halk\u0131 taraf\u0131ndan belirlenecektir. Ancak ABD olarak bir dizi ana ilkelerin yan\u0131nda oldu\u011fumuzu da a\u00e7\u0131k\u00e7a ortaya koyduk. M\u0131s\u0131r halk\u0131n\u0131n evrensel haklar\u0131na sayg\u0131 g\u00f6sterilmesi ve arzular\u0131n\u0131n yerine getirilmesi gerekti\u011fine inan\u0131yoruz. Bu ge\u00e7i\u015f s\u00fcrecinin, geri d\u00f6nd\u00fcr\u00fclemez bir siyasi de\u011fi\u015fimi ve demokrasiye do\u011fru m\u00fczakere edilmi\u015f bir yolu hemen ortaya koymas\u0131 gerekiyor. Bu ba\u011flamda M\u0131s\u0131r&#8217;daki ola\u011fan\u00fcst\u00fc hal yasas\u0131n\u0131n kald\u0131r\u0131lmas\u0131 gerekti\u011fini d\u00fc\u015f\u00fcn\u00fcyoruz.<\/p>\n<p style=\"text-align: justify;\">M\u0131s\u0131r&#8217;daki muhalefet ve sivil toplumun geni\u015f kesimleriyle yap\u0131lacak anlaml\u0131 m\u00fczakereler M\u0131s\u0131r gelece\u011fi a\u00e7\u0131s\u0131ndan \u015fu \u00f6nemli sorular\u0131 ele almal\u0131; t\u00fcm vatanda\u015flar\u0131n temel haklar\u0131n\u0131 korumas\u0131, geri d\u00f6nd\u00fcr\u00fclemez de\u011fi\u015fimi ortaya koymak i\u00e7in Anayasa ve di\u011fer yasalar\u0131n revize etmesi, \u00f6zg\u00fcr ve adil se\u00e7imlere do\u011fru a\u00e7\u0131k bir yol haritas\u0131n\u0131n ortak\u00e7a geli\u015ftirilmesi.&#8221;<\/p>\n<p style=\"text-align: justify;\">Obama, M\u0131s\u0131r h\u00fck\u00fcmetini, yap\u0131lan de\u011fi\u015fimleri anlatma ve M\u0131s\u0131r halk\u0131n\u0131n istedi\u011fi demokrasi ve temsil g\u00fcc\u00fc y\u00fcksek bir h\u00fck\u00fcmete uzanan ad\u0131m ad\u0131m s\u00fcreci a\u00e7\u0131k ve kesin bir dilde ifade etme y\u00f6n\u00fcnde s\u00fcratle harekete ge\u00e7meye \u00e7a\u011f\u0131rd\u0131.<\/p>\n<p style=\"text-align: justify;\">M\u0131s\u0131r halk\u0131n\u0131n evrensel haklar\u0131na sayg\u0131 g\u00f6sterilmesinin \u00f6nem ta\u015f\u0131d\u0131\u011f\u0131n\u0131 yineleyen Obama, t\u00fcm taraflar\u0131n itidal i\u00e7inde olmas\u0131 gerekti\u011fini kaydetti. Obama, &#8221;\u015eiddetten vazge\u00e7ilmeli. H\u00fck\u00fcmetin, halk\u0131n\u0131n arzular\u0131na bask\u0131yla ve ac\u0131mas\u0131zca yan\u0131t vermemesi gerekli. M\u0131s\u0131r halk\u0131n\u0131n sesine kulak verilmeli&#8221; ifadesini kulland\u0131.<\/p>\n<p style=\"text-align: justify;\">M\u0131s\u0131r halk\u0131n\u0131n art\u0131k geriye d\u00f6n\u00fc\u015f olmad\u0131\u011f\u0131n\u0131, \u00fclkenin de\u011fi\u015fti\u011fini, gelece\u011fin M\u0131s\u0131r halk\u0131n\u0131n elinde oldu\u011funu a\u00e7\u0131k\u00e7a ortaya koydu\u011fu hat\u0131rlatan Obama, bar\u0131\u015f\u00e7\u0131l toplanma hakk\u0131n\u0131 kullananlar\u0131n, M\u0131s\u0131r halk\u0131n\u0131n \u00e7o\u011funlu\u011funu olu\u015fturdu\u011funu ve M\u0131s\u0131r halk\u0131n\u0131n azametini temsil etti\u011fini kaydetti.<\/p>\n<p style=\"text-align: justify;\">Obama, \u015f\u00f6yle devam etti:<\/p>\n<p style=\"text-align: justify;\">&#8221;Gen\u00e7 ve ya\u015fl\u0131lar, zengin ve fakirler, M\u00fcsl\u00fcman ve Hristiyanlar\u0131n bir araya geldiklerini ve de\u011fi\u015fim y\u00f6n\u00fcnde \u015fiddet i\u00e7ermeyen \u00e7a\u011fr\u0131lar\u0131yla d\u00fcnyan\u0131n sayg\u0131s\u0131n\u0131 kazand\u0131klar\u0131n\u0131 g\u00f6rd\u00fck. Bu \u00e7abalarda gen\u00e7ler \u00f6n safhada yer ald\u0131lar ve yeni nesil ortaya \u00e7\u0131kt\u0131. M\u0131s\u0131r onlar\u0131n umutlar\u0131n\u0131 ve s\u0131n\u0131rs\u0131z potansiyellerini yans\u0131tmal\u0131, en y\u00fcksek arzular\u0131n\u0131 yerine getirmeli. Bu zor zamanlarda \u015funu biliyorum ki M\u0131s\u0131r halk\u0131 azimine devam edecek ve \u015funu bilmeliler ki ABD onlar\u0131n dostu olmay\u0131 s\u00fcrd\u00fcrecek.&#8221;<\/p>\n<p style=\"text-align: justify;\"><strong>D\u0130\u011eER TEPK\u0130LER <\/strong><\/p>\n<p style=\"text-align: justify;\">BM Genel Sekreteri Ban Ki-mun, M\u0131s\u0131r&#8217;da halk\u0131n me\u015fru isteklerini kar\u015f\u0131layacak \u015feffaf, d\u00fczenli ve bar\u0131\u015f\u00e7\u0131l bir ge\u00e7i\u015fin ya\u015fanmas\u0131n\u0131 istedi.<\/p>\n<p style=\"text-align: justify;\">Alman D\u0131\u015fi\u015fleri Bakan\u0131 Guido Westerwelle, M\u00fcbarek&#8217;in konu\u015fmas\u0131n\u0131 &#8221;hayal k\u0131r\u0131kl\u0131\u011f\u0131&#8221; olarak niteledi.<\/p>\n<p style=\"text-align: justify;\">Frans\u0131z Cumhurba\u015fkan\u0131 Nicolas Sarkozy kat\u0131ld\u0131\u011f\u0131 bir televizyon program\u0131nda, Fransa&#8217;n\u0131n \u0130ran \u00f6rne\u011finde oldu\u011fu gibi M\u0131s\u0131r&#8217;\u0131n da bir dini diktat\u00f6rl\u00fc\u011fe d\u00f6n\u00fc\u015fmesini istemedi\u011fini belirterek, &#8221;Umar\u0131m M\u0131s\u0131r, ge\u00e7mi\u015fte \u0130ran&#8217;\u0131n yapt\u0131\u011f\u0131 gibi dini diktat\u00f6rl\u00fck yoluna de\u011fil de demokrasi yoluna y\u00f6nelir&#8221; diye konu\u015ftu.<\/p>\n<p style=\"text-align: justify;\">\u0130ngiltere D\u0131\u015fi\u015fleri Bakan\u0131 William Hague, M\u0131s\u0131r&#8217;daki iktidar de\u011fi\u015fikli\u011finin acilen yap\u0131lmas\u0131 \u00e7a\u011fr\u0131s\u0131nda bulundu.<\/p>\n<p style=\"text-align: justify;\">Avrupa Birli\u011fi (AB) D\u0131\u015f \u0130li\u015fkiler ve G\u00fcvenlik Politikas\u0131 Y\u00fcksek Temsilcisi Catherine Ashton, yapt\u0131\u011f\u0131 a\u00e7\u0131klamada, M\u0131s\u0131r&#8217;daki siyasi de\u011fi\u015fikli\u011fin &#8221;\u015fimdi&#8221; yap\u0131lmas\u0131 gerekti\u011fini belirtti.<\/p>\n<p style=\"text-align: justify;\">Avustralya Ba\u015fbakan\u0131 Julia Gillard da &#8221;M\u0131s\u0131r&#8217;daki iktidar de\u011fi\u015fikli\u011finin d\u00fczenli, sakin ve bar\u0131\u015f\u00e7\u0131l olmas\u0131 gerekiyor&#8221; dedi.<\/p>\n<p style=\"text-align: justify;\">Kanada D\u0131\u015fi\u015fleri Bakan\u0131 Lawrence Cannon ise yapt\u0131\u011f\u0131 a\u00e7\u0131klamada, &#8221;M\u0131s\u0131r&#8217;da reform ihtiyac\u0131n\u0131n acil olmas\u0131n\u0131n a\u015fikar olmakla birlikte, bu reform s\u00fcreci a\u015f\u0131r\u0131l\u0131\u011fa, \u015fiddete ve ho\u015fg\u00f6r\u00fcs\u00fczl\u00fc\u011fe g\u00f6t\u00fcrecek bir iktidar bo\u015flu\u011fu da yaratmamas\u0131 gerekiyor&#8221; diye konu\u015ftu.<\/p>\n<p style=\"text-align: justify;\"><a href=\"http:\/\/www.gazeteport.com.tr\/DUNYA\/NEWS\/GP_851582\" target=\"_blank\"><span style=\"color: #888888;\">Kaynak : GAZETEPORT<\/span><\/a><\/p>\n","protected":false},"excerpt":{"rendered":"<p style=\"text-align: center;\">\n<p style=\"text-align: justify;\">M\u0131s\u0131r&#8217;da d\u00fcn ak\u015fam istifas\u0131 beklenen Cumhurba\u015fkan\u0131 H\u00fcsn\u00fc M\u00fcbarek yetkilerini k\u0131smen yard\u0131mc\u0131s\u0131na devretti\u011fini a\u00e7\u0131klamakla yetindi ve eyl\u00fcle kadar g\u00f6revde kalaca\u011f\u0131n\u0131 yineledi.<\/p>\n<p style=\"text-align: justify;\">A\u00e7\u0131klaman\u0131n ard\u0131ndan \u00f6fke ve hayalk\u0131r\u0131kl\u0131\u011f\u0131n\u0131n hakim oldu\u011fu ba\u015fkent Kahire&#8217;deki Tahrir Meydan\u0131&#8217;nda bug\u00fcn bir kez daha y\u00fczbinlerce ki\u015fi var. Cuma namaz\u0131 sonras\u0131 b\u00fcy\u00fck bir g\u00f6steri yap\u0131l\u0131yor. G\u00f6stericiler bug\u00fcne M\u00fcbarek&#8217;e <\/p>\n","protected":false},"author":1,"featured_media":0,"comment_status":"open","ping_status":"closed","sticky":false,"template":"","format":"standard","meta":{"footnotes":""},"categories":[105],"tags":[],"class_list":["post-28184","post","type-post","status-publish","format-standard","hentry","category-gundem","odd"],"_links":{"self":[{"href":"http:\/\/www.korhanyilmaz.com\/index.php?rest_route=\/wp\/v2\/posts\/28184","targetHints":{"allow":["GET"]}}],"collection":[{"href":"http:\/\/www.korhanyilmaz.com\/index.php?rest_route=\/wp\/v2\/posts"}],"about":[{"href":"http:\/\/www.korhanyilmaz.com\/index.php?rest_route=\/wp\/v2\/types\/post"}],"author":[{"embeddable":true,"href":"http:\/\/www.korhanyilmaz.com\/index.php?rest_route=\/wp\/v2\/users\/1"}],"replies":[{"embeddable":true,"href":"http:\/\/www.korhanyilmaz.com\/index.php?rest_route=%2Fwp%2Fv2%2Fcomments&post=28184"}],"version-history":[{"count":0,"href":"http:\/\/www.korhanyilmaz.com\/index.php?rest_route=\/wp\/v2\/posts\/28184\/revisions"}],"wp:attachment":[{"href":"http:\/\/www.korhanyilmaz.com\/index.php?rest_route=%2Fwp%2Fv2%2Fmedia&parent=28184"}],"wp:term":[{"taxonomy":"category","embeddable":true,"href":"http:\/\/www.korhanyilmaz.com\/index.php?rest_route=%2Fwp%2Fv2%2Fcategories&post=28184"},{"taxonomy":"post_tag","embeddable":true,"href":"http:\/\/www.korhanyilmaz.com\/index.php?rest_route=%2Fwp%2Fv2%2Ftags&post=28184"}],"curies":[{"name":"wp","href":"https:\/\/api.w.org\/{rel}","templated":true}]}}