{"id":28174,"date":"2011-02-11T15:04:33","date_gmt":"2011-02-11T13:04:33","guid":{"rendered":"http:\/\/www.korhanyilmaz.com\/?p=28174"},"modified":"2011-02-11T15:04:33","modified_gmt":"2011-02-11T13:04:33","slug":"torba-yasa-tasarisinda-meclis-ic-tuzugu-ihlal-edildi","status":"publish","type":"post","link":"http:\/\/www.korhanyilmaz.com\/?p=28174","title":{"rendered":"Torba yasa tasar\u0131s\u0131nda Meclis \u0130\u00e7 T\u00fcz\u00fc\u011f\u00fc ihlal edildi"},"content":{"rendered":"<p style=\"text-align: justify;\"><a href=\"http:\/\/www.korhanyilmaz.com\/wp-content\/uploads\/2011\/02\/306.jpg\"  class=\"lightview\"><img loading=\"lazy\" decoding=\"async\" class=\"aligncenter size-full wp-image-28175\" src=\"http:\/\/www.korhanyilmaz.com\/wp-content\/uploads\/2011\/02\/306.jpg\" alt=\"\" width=\"407\" height=\"225\" \/><\/a><\/p>\n<p style=\"text-align: justify;\">\u00d6mer Faruk Emina\u011fao\u011flu&#8217;na g\u00f6re Torba Yasa g\u00f6r\u00fc\u015fmelerinde i\u00e7 t\u00fcz\u00fck ihdas\u0131 yap\u0131ld\u0131. Bu durum da yasan\u0131n Anayasa Mahekemsi&#8217;nden d\u00f6nmesini gerektiriyor.<\/p>\n<p style=\"text-align: justify;\">TBMM\u2019de g\u00f6r\u00fc\u015f\u00fclen aralar\u0131nda Yarg\u0131tay ve Dan\u0131\u015ftay Yasalar\u0131nda de\u011fi\u015fiklik yap\u0131lmas\u0131n\u0131 da i\u00e7eren alt\u0131 yasa ile ilgili toplam on \u00fc\u00e7 madde ve \u00fc\u00e7 ge\u00e7ici maddeden olu\u015fan, kamuoyundaki bilinen ismiyle \u201ctorba yasa\u201d tasar\u0131s\u0131, TBMM \u0130\u00e7t\u00fcz\u00fc\u011f\u00fcn\u00fcn 91, maddesi uyar\u0131nca temel yasa olarak d\u00fcn kabul edildi. <!--more--><\/p>\n<p style=\"text-align: justify;\">Yarg\u0131tay Cumhuriyet Savc\u0131s\u0131 \u00d6mer Faruk Emina\u011fao\u011flu&#8217;na g\u00f6re TBMM Ba\u015fkanvekili Sad\u0131k Yakut\u2019tan, AKP, CHP, MHP\u2019den ayn\u0131 konuda d\u00f6rt ayr\u0131 g\u00f6r\u00fc\u015f ortaya \u00e7\u0131kmas\u0131na ra\u011fmen, Ba\u015fkanvekilinin ayk\u0131r\u0131 i\u015flemine dayal\u0131 olarak genel kurulun \u00e7al\u0131\u015fmalar\u0131na devam edip yasan\u0131n kabul\u00fc i\u015flemi, a\u00e7\u0131k\u00e7a i\u00e7t\u00fcz\u00fck ihdas\u0131 niteli\u011finde.<\/p>\n<p style=\"text-align: justify;\">Kabul edilen tasar\u0131 hakk\u0131nda g\u00f6r\u00fc\u015f\u00fcne ba\u015fvurdu\u011fumuz Yarg\u0131tay Cumhuriyet Savc\u0131s\u0131 \u00d6mer Faruk Emina\u011fao\u011flu\u2019nun birden \u00e7ok yasada de\u011fi\u015fiklik i\u00e7eren tasar\u0131 hakk\u0131nda yapt\u0131\u011f\u0131 a\u00e7\u0131klama do\u011frultusunda g\u00f6r\u00fcnen o ki d\u00fcn gece kabul edilen yasan\u0131n \u00fczerinde \u00e7ok fazla tart\u0131\u015f\u0131lacak. Bu tart\u0131\u015fmalar\u0131n ya\u015fanmamas\u0131 ve tarafs\u0131zl\u0131\u011f\u0131n\u0131n gere\u011fi olarak an\u0131lan yasay\u0131 TBMM\u2019ne geri g\u00f6ndermesi i\u00e7in \u015fimdi t\u00fcm g\u00f6zler Cumhurba\u015fkan\u0131 G\u00fcl\u2019e \u00e7evrildi.<\/p>\n<p style=\"text-align: justify;\">Yasama s\u00fcrecinin, \u00fcstelik temel yasa niteli\u011fiyle y\u00fcr\u00fct\u00fclmesi uygulamas\u0131 hukuk devleti y\u00f6n\u00fcnden son derece sak\u0131ncal\u0131 bulunuyor, dolay\u0131s\u0131yla sa\u011fl\u0131kl\u0131 bir yasama s\u00fcreci ile etkin bir yasama denetimini de ortadan kald\u0131ran bu yasaya m\u00fcdahale edilmez ve yasa y\u00fcr\u00fcrl\u00fc\u011fe girerse, bir\u00e7ok yeni hukuksal sorun ortaya \u00e7\u0131kacak.<\/p>\n<p style=\"text-align: justify;\"><span style=\"text-decoration: underline;\"><strong>\u00d6mer Faruk Emina\u011fao\u011flu\u2019 d\u00fcn gece TBMM de ki yasa tasar\u0131s\u0131 g\u00f6r\u00fc\u015fmelerinde ya\u015fananlar\u0131 ODATV okurlar\u0131 i\u00e7in belgeleriyle a\u00e7\u0131klad\u0131: <\/strong><\/span><\/p>\n<p style=\"text-align: justify;\">\u2018\u2019Yarg\u0131 ile ilgili tasar\u0131 hakk\u0131ndaki yasama s\u00fcreci, tek bir siyasi partinin g\u00f6r\u00fc\u015fleriyle s\u0131n\u0131rl\u0131 olarak haz\u0131rlanan metin \u00fczerinden sonu\u00e7land\u0131r\u0131lm\u0131\u015ft\u0131r. Bu gibi konularda mutlak bi\u00e7imde uzla\u015fma ortam\u0131 yarat\u0131lmas\u0131, ilgili her kesimin g\u00f6r\u00fc\u015f ve d\u00fc\u015f\u00fcncesinin al\u0131nmas\u0131 yoluna gidilmesi gerekirken, bu yollar da kullan\u0131lmam\u0131\u015ft\u0131r. \u00d6rne\u011fin YARGI-SEN s\u00fcre\u00e7te TBMM Adalet Komisyonu\u2019ndaki \u00e7al\u0131\u015fmalara kat\u0131lmak istemi\u015f, ancak bu iste\u011fi yerinde g\u00f6r\u00fclmemi\u015f, YARGI-SEN taraf\u0131ndan haz\u0131rlanan raporun TBMM Adalet Komisyonu\u2019nda yer alan milletvekillerine \u201csadece bilgilendirme amac\u0131yla\u201d, da\u011f\u0131t\u0131lmas\u0131 ile yetinilmi\u015ftir. Bu gibi nedenlerle tasar\u0131n\u0131n yasala\u015fma s\u00fcreci de g\u00f6zetildi\u011finde, Yarg\u0131tay ve Dan\u0131\u015ftay\u2019a yap\u0131lacak se\u00e7imler, hangi \u00e7er\u00e7evede ger\u00e7ekle\u015ftirilirse ger\u00e7ekle\u015ftirilsin, bu kurumlar\u0131n iktidar partisinin beklentileri \u00e7er\u00e7evesinde yap\u0131land\u0131r\u0131ld\u0131klar\u0131 yolundaki tart\u0131\u015fmalar hi\u00e7bir zaman g\u00fcndemden d\u00fc\u015fmeyecektir. Bu tart\u0131\u015fmalara konu olaylar\u0131n ger\u00e7ekli\u011fi bir tarafa, bu tart\u0131\u015fmalar\u0131n s\u00fcrmesi dahi, an\u0131lan kurumlar ve bu kurumlar\u0131n g\u00f6rev ve i\u015fleyi\u015fleri y\u00f6n\u00fcnden, adil yarg\u0131lanma ortam\u0131n\u0131n olu\u015fmad\u0131\u011f\u0131 tart\u0131\u015fmalar\u0131n\u0131 bile hep g\u00fcncel k\u0131lacakt\u0131r.\u2019\u2019<\/p>\n<p style=\"text-align: justify;\">Tasar\u0131n\u0131n g\u00f6r\u00fc\u015f\u00fclmesi s\u0131ras\u0131nda, ana muhalefet partisi taraf\u0131ndan \u201ctasar\u0131ya ge\u00e7ici madde eklenmesi\u201d y\u00f6n\u00fcnde verilen \u00f6nergeler s\u0131ras\u0131nda, TBMM\u2019nde i\u00e7t\u00fcz\u00fck ihdas\u0131 niteli\u011finde bir i\u015flem ortaya \u00e7\u0131km\u0131\u015ft\u0131r ki, bu i\u015flem yasay\u0131 tamamen sakatlam\u0131\u015ft\u0131r. Yasan\u0131n bu nedenle Anayasa Mahkemesince iptali durumunda, Anayasa\u2019ya ayk\u0131r\u0131 olarak 137 Yarg\u0131tay \u00fcyesi ve 61 Dan\u0131\u015ftay \u00fcyesi se\u00e7ilmi\u015f olacakt\u0131r ki, bu \u00fcyelerin b\u00f6yle bir tabloda T\u0130B Ba\u015fkan\u0131 \u00f6rne\u011finde oldu\u011fu gibi, g\u00f6revlerine devam etmesi durumunda, bu tart\u0131\u015fmalar an\u0131lan kurumlarda daha kal\u0131c\u0131 izler b\u0131rakacakt\u0131r.<\/p>\n<p style=\"text-align: justify;\">Bilindi\u011fi \u00fczere T\u0130B Ba\u015fkan\u0131n\u0131 Ba\u015fbakan\u0131n atamas\u0131na y\u00f6nelik yasa, bu atama i\u015fleminden sonra Anayasa Mahkemesince iptal edilmi\u015f, ancak iptal karar\u0131 geriye y\u00fcr\u00fcmez gerek\u00e7esiyle atanan ki\u015fi g\u00f6revine devam etmektedir.<\/p>\n<p style=\"text-align: justify;\"><strong>TBMM \u0130\u00c7 T\u00dcZ\u00dc\u011e\u00dcNE G\u00d6RE TEMEL YASALARDA GE\u00c7\u0130C\u0130 MADDE \u00d6NERGES\u0130 VEREB\u0130LME: <\/strong><\/p>\n<p style=\"text-align: justify;\"><strong>Ge\u00e7ici madde eklenmesi ile ilgisi olmayan \u00f6nergeler <\/strong><\/p>\n<p style=\"text-align: justify;\">TBMM \u0130\u00e7t\u00fcz\u00fc\u011f\u00fcn\u00fcn 91 nci maddesinde temel yasalar\u0131n g\u00f6r\u00fc\u015f\u00fclmesi konusu d\u00fczenlenmi\u015f, \u201cher madde \u00fczerinde\u201d Anayasa\u2019ya ayk\u0131r\u0131l\u0131k d\u00e2hil olmak \u00fczere iki de\u011fi\u015fiklik \u00f6nergesi verilebilece\u011fi ifade edildikten sonra, \u201cdi\u011fer konular sakl\u0131d\u0131r\u201d denilerek, di\u011fer konularda genel h\u00fck\u00fcm niteli\u011findeki \u0130\u00e7t\u00fcz\u00fc\u011f\u00fcn 87 nci maddesine g\u00f6ndermede bulunulmu\u015ftur. Bu ba\u011flamda ek veya ge\u00e7ici madde konusunda, temel yasalarla ilgili 91 nci maddede \u00f6zel h\u00fck\u00fcm yer almad\u0131\u011f\u0131ndan \u0130\u00e7t\u00fcz\u00fc\u011f\u00fcn genel h\u00fck\u00fcm niteli\u011findeki 87 nci madde h\u00fck\u00fcmleri ge\u00e7erlidir.<\/p>\n<p style=\"text-align: justify;\">\u0130\u00e7t\u00fcz\u00fc\u011f\u00fcn 87 nci maddesinin birinci f\u0131kras\u0131nda, genel kural olarak \u201cher madde i\u00e7in Anayasa\u2019ya ayk\u0131r\u0131l\u0131k dahil olmak \u00fczere yedi de\u011fi\u015fiklik \u00f6nergesi verilebilece\u011fi\u201d konusu d\u00fczenlenmi\u015f olup, bu konu \u00f6zel d\u00fczenleme gere\u011fi temel yasalar y\u00f6n\u00fcnden 91 nci maddede iki ile s\u0131n\u0131rland\u0131r\u0131lm\u0131\u015ft\u0131r. Bu f\u0131kra ve dolay\u0131s\u0131yla buradaki say\u0131 s\u0131n\u0131rlamas\u0131, \u201cmevcut olan\u201d ge\u00e7ici maddelerdeki de\u011fi\u015fiklik \u00f6nergeleri ile ilgilidir. Ge\u00e7ici madde \u201ceklenmesini\u201d konu almamaktad\u0131r.<\/p>\n<p style=\"text-align: justify;\"><strong>GE\u00c7\u0130C\u0130 MADDE EKLENME \u00d6NERGELER\u0130N\u0130N DAYANA\u011eI <\/strong><\/p>\n<p style=\"text-align: justify;\">\u0130\u00e7t\u00fcz\u00fc\u011f\u00fcn 87 nci maddesindeki d\u00fczenleme \u201cher madde i\u00e7in\u201d (91 inci maddedeki ifade ile \u201cbir madde \u00fczerinde\u201d) de\u011fi\u015fiklik konusunda verilen \u00f6nergelere y\u00f6nelik oldu\u011fundan, \u00f6nceden mevcut olmayan yeni bir ge\u00e7ici madde konusunda verilecek \u00f6nergeler hakk\u0131nda 87 nci maddede herhangi bir say\u0131 s\u0131n\u0131rlamas\u0131 \u00f6ng\u00f6r\u00fclmemi\u015ftir.<\/p>\n<p style=\"text-align: justify;\">Anamuhalefet partisi taraf\u0131ndan verilen ve ge\u00e7ici madde eklenmesini konu alan olduk\u00e7a fazla \u00f6nerge (di\u011fer siyasi partiler veya milletvekilleri taraf\u0131ndan da verilebilecek olan \u00f6nergeler konusunda) 09.2.2011 g\u00fcn\u00fc saat 22.30 sular\u0131nda TBMM genel kurul g\u00f6r\u00fc\u015fmeleri s\u0131ras\u0131nda;<\/p>\n<p style=\"text-align: justify;\">\u00b7    TBMM Ba\u015fkanvekili (Sad\u0131k Yakut), TBMM \u0130\u00e7t\u00fcz\u00fc\u011f\u00fcn\u00fcn 91 nci maddesini gerek\u00e7e yaparak, sadece iki yeni ge\u00e7ici madde eklenmesinin olanakl\u0131 oldu\u011fundan hareketle, di\u011fer \u00f6nergeleri i\u015fleme koymam\u0131\u015f,<\/p>\n<p style=\"text-align: justify;\">\u00b7    AKP milletvekili Bekir Bozda\u011f taraf\u0131ndan bildirilen g\u00f6r\u00fc\u015fte, \u0130\u00e7t\u00fcz\u00fc\u011f\u00fcn 87 inci maddesi uyar\u0131nca yeni ge\u00e7ici madde eklenmesi konusunda verilecek en \u00e7ok 7 adet ge\u00e7ici madde \u00f6nergesinin g\u00f6r\u00fc\u015f\u00fclebilece\u011fi, \u201cburada bir bo\u015fluk oldu\u011fu\u201d, bu durumda team\u00fcllere g\u00f6re hareket edilmesi gerekti\u011fi ve uygulaman\u0131n iki olarak y\u00fcr\u00fct\u00fcld\u00fc\u011f\u00fc,<\/p>\n<p style=\"text-align: justify;\">\u00b7    MHP milletvekili Mehmet \u015eand\u0131r taraf\u0131ndan bildirilen g\u00f6r\u00fc\u015fte, \u0130\u00e7t\u00fcz\u00fc\u011f\u00fcn 87 nci maddesinde say\u0131 s\u0131n\u0131rlamas\u0131 olmad\u0131\u011f\u0131ndan bahisle, istismar boyutuna varmad\u0131k\u00e7a ge\u00e7ici madde eklenmesi konusunda verilen \u00f6nergelerin g\u00f6r\u00fc\u015f\u00fclebilece\u011fi, s\u0131n\u0131rlama noktas\u0131n\u0131n \u201cistismar boyutuna ula\u015fana kadarki nokta\u201d oldu\u011fu,<\/p>\n<p style=\"text-align: justify;\">\u00b7    CHP milletvekilleri Atilla Kart ve Ali R\u0131za \u00d6zt\u00fcrk taraf\u0131ndan bildirilen g\u00f6r\u00fc\u015flerde, say\u0131 s\u0131n\u0131rlamas\u0131n\u0131n \u201cmevcut maddelere\u201d veya \u201cmevcut ge\u00e7ici maddelere\u201d y\u00f6nelik olarak verilen \u00f6nergeler konusunda oldu\u011fu, yeni ge\u00e7ici maddelere y\u00f6nelik verilen \u00f6nergeler hakk\u0131nda say\u0131 s\u0131n\u0131rlamas\u0131 olmad\u0131\u011f\u0131, \u00f6nergelerin yasama organ\u0131n\u0131n etkin \u00e7al\u0131\u015fabilmesi y\u00f6n\u00fcnden i\u015fleme konulmas\u0131 gerekti\u011fi, \u00f6ne s\u00fcr\u00fclen Anayasa Mahkemesi karar\u0131n\u0131n bu konuyu kapsamad\u0131\u011f\u0131, ge\u00e7mi\u015f uygulamalar\u0131n da TBMM Ba\u015fkanl\u0131k i\u015flemi do\u011frultusunda olmad\u0131\u011f\u0131, ifade edilmi\u015f,<\/p>\n<p style=\"text-align: justify;\">B\u00f6ylece ayn\u0131 konuda d\u00f6rt ayr\u0131 g\u00f6r\u00fc\u015f ortaya \u00e7\u0131km\u0131\u015ft\u0131r (TBMM Tutanak Dergisi, 09.02.2011- s. 78-83). TBMM Ba\u015fkanl\u0131\u011f\u0131 i\u015flemi, a\u00e7\u0131k\u00e7a i\u00e7t\u00fcz\u00fck ihdas\u0131 niteli\u011finde, ve de ileri s\u00fcr\u00fclen g\u00f6r\u00fc\u015fler i\u00e7inde de, \u00fcstelik i\u00e7t\u00fcz\u00fckteki a\u00e7\u0131k d\u00fczenlemeye en ayk\u0131r\u0131 uygulama niteli\u011findedir.<\/p>\n<p style=\"text-align: justify;\">Bu tabloda, i\u00e7t\u00fcz\u00fck ihdas\u0131 niteli\u011findeki TBMM Ba\u015fkanl\u0131\u011f\u0131 i\u015flemi aleyhine, Anayasa Mahkemesine ayr\u0131ca dava a\u00e7\u0131lmas\u0131 olanakl\u0131d\u0131r. Anayasa Mahkemesinin bu i\u015flemi iptal etmesi sonras\u0131nda ortaya yeni sorunlar \u00e7\u0131kacakt\u0131r.<\/p>\n<p style=\"text-align: justify;\">Kabul edilen yasan\u0131n, Anayasa\u2019ya esas y\u00f6n\u00fcnden ayk\u0131r\u0131l\u0131\u011f\u0131 yan\u0131nda, ayr\u0131ca \u015fekil y\u00f6n\u00fcnden de iptali istemiyle Anayasa Mahkemesine dava a\u00e7\u0131labilecektir. Anayasa Mahkemesi taraf\u0131ndan, yasalar\u0131n \u015fekil y\u00f6n\u00fcnden denetlenmesi, son oylaman\u0131n \u00f6ng\u00f6r\u00fclen \u00e7o\u011funlukla yap\u0131l\u0131p yap\u0131lmad\u0131\u011f\u0131 ile s\u0131n\u0131rl\u0131 olarak incelenmekte ise de, bu inceleme kendi i\u00e7inde \u201cson oylamaya konu metnin\u201d ne oldu\u011fu sorusunu g\u00fcndeme ta\u015f\u0131makta ve bu konunun \u00f6nsorun olarak incelenmesini zorunlu k\u0131lmaktad\u0131r. Yap\u0131lan bu i\u00e7t\u00fcz\u00fck ihlali i\u015flemi nedeniyle, son oylamaya konu metin (g\u00f6r\u00fc\u015f\u00fclmeleri i\u00e7t\u00fcz\u00fc\u011fe ayk\u0131r\u0131 olarak engellenen ge\u00e7ici maddeler metnin d\u0131\u015f\u0131nda kald\u0131\u011f\u0131 i\u00e7in) farkl\u0131la\u015fm\u0131\u015f; son oylama i\u00e7t\u00fcz\u00fc\u011fe g\u00f6re olmas\u0131 gerekenden farkl\u0131 bir metin i\u00e7eri\u011fiyle yap\u0131lm\u0131\u015f, dolay\u0131s\u0131yla son oylamaya konu metin s\u0131n\u0131rl\u0131 tutuldu\u011fu i\u00e7in, son oylamada oylar\u0131n da\u011f\u0131l\u0131m\u0131 bu etki alt\u0131nda ortaya \u00e7\u0131km\u0131\u015ft\u0131r.<\/p>\n<p style=\"text-align: justify;\">Anayasa\u2019ya ayk\u0131r\u0131l\u0131k nedeniyle esas y\u00f6n\u00fcnden iptal bir yana, Anayasa\u2019n\u0131n 149\/2 nci maddesi uyar\u0131nca \u015fekil y\u00f6n\u00fcnden denetim \u00f6ncelikle yap\u0131lmakta oldu\u011fundan, \u201csa\u011fl\u0131kl\u0131 bir yasama s\u00fcrecinden ge\u00e7erek de\u011fil de, h\u0131zl\u0131 yasala\u015ft\u0131rma \u00e7abalar\u0131n\u0131n sonucu olarak\u201d Anayasa Mahkemesi taraf\u0131ndan bu yasan\u0131n, \u015fekil y\u00f6n\u00fcnden iptali ile de ayr\u0131ca kar\u015f\u0131 kar\u015f\u0131ya kal\u0131nm\u0131\u015ft\u0131r. Bu tablo Yarg\u0131tay ve Dan\u0131\u015ftay i\u00e7in \u00f6ng\u00f6r\u00fclen kadrolar i\u00e7in yap\u0131lacak se\u00e7imlerle g\u00f6reve ba\u015flayacak olanlar i\u00e7in, T\u0130B Ba\u015fkan\u0131 \u00f6rne\u011finin de \u00f6tesine ge\u00e7erek, Anayasa Mahkemesinin karar\u0131 kar\u015f\u0131s\u0131nda tart\u0131\u015fmalar\u0131n hep s\u00fcrmesine neden olacakt\u0131r.<\/p>\n<p style=\"text-align: justify;\"><span style=\"text-decoration: underline;\">Genel olarak ortaya konulan bu durum, tarafs\u0131z bir Cumhurba\u015fkan\u0131 i\u00e7in, bu yasan\u0131n imzalanmayarak TBMM\u2019ne geri g\u00f6ndermesini gerektirmektedir. <\/span><\/p>\n<p style=\"text-align: justify;\"><a href=\"http:\/\/www.odatv.com\/n.php?n=ic-tuzuk-acikca-ihlal-edildi-1102111200\" target=\"_blank\"><span style=\"color: #888888;\">Kaynak : A.\u0130klim Bayraktar &#8211; odatv.com<\/span><\/a><\/p>\n","protected":false},"excerpt":{"rendered":"<p style=\"text-align: justify;\">\n<p style=\"text-align: justify;\">\u00d6mer Faruk Emina\u011fao\u011flu&#8217;na g\u00f6re Torba Yasa g\u00f6r\u00fc\u015fmelerinde i\u00e7 t\u00fcz\u00fck ihdas\u0131 yap\u0131ld\u0131. Bu durum da yasan\u0131n Anayasa Mahekemsi&#8217;nden d\u00f6nmesini gerektiriyor.<\/p>\n<p style=\"text-align: justify;\">TBMM\u2019de g\u00f6r\u00fc\u015f\u00fclen aralar\u0131nda Yarg\u0131tay ve Dan\u0131\u015ftay Yasalar\u0131nda de\u011fi\u015fiklik yap\u0131lmas\u0131n\u0131 da i\u00e7eren alt\u0131 yasa ile ilgili toplam on \u00fc\u00e7 madde ve \u00fc\u00e7 ge\u00e7ici maddeden olu\u015fan, kamuoyundaki bilinen ismiyle \u201ctorba yasa\u201d <\/p>\n","protected":false},"author":1,"featured_media":0,"comment_status":"open","ping_status":"closed","sticky":false,"template":"","format":"standard","meta":{"footnotes":""},"categories":[105],"tags":[],"class_list":["post-28174","post","type-post","status-publish","format-standard","hentry","category-gundem","odd"],"_links":{"self":[{"href":"http:\/\/www.korhanyilmaz.com\/index.php?rest_route=\/wp\/v2\/posts\/28174","targetHints":{"allow":["GET"]}}],"collection":[{"href":"http:\/\/www.korhanyilmaz.com\/index.php?rest_route=\/wp\/v2\/posts"}],"about":[{"href":"http:\/\/www.korhanyilmaz.com\/index.php?rest_route=\/wp\/v2\/types\/post"}],"author":[{"embeddable":true,"href":"http:\/\/www.korhanyilmaz.com\/index.php?rest_route=\/wp\/v2\/users\/1"}],"replies":[{"embeddable":true,"href":"http:\/\/www.korhanyilmaz.com\/index.php?rest_route=%2Fwp%2Fv2%2Fcomments&post=28174"}],"version-history":[{"count":0,"href":"http:\/\/www.korhanyilmaz.com\/index.php?rest_route=\/wp\/v2\/posts\/28174\/revisions"}],"wp:attachment":[{"href":"http:\/\/www.korhanyilmaz.com\/index.php?rest_route=%2Fwp%2Fv2%2Fmedia&parent=28174"}],"wp:term":[{"taxonomy":"category","embeddable":true,"href":"http:\/\/www.korhanyilmaz.com\/index.php?rest_route=%2Fwp%2Fv2%2Fcategories&post=28174"},{"taxonomy":"post_tag","embeddable":true,"href":"http:\/\/www.korhanyilmaz.com\/index.php?rest_route=%2Fwp%2Fv2%2Ftags&post=28174"}],"curies":[{"name":"wp","href":"https:\/\/api.w.org\/{rel}","templated":true}]}}