{"id":28168,"date":"2011-02-11T15:02:31","date_gmt":"2011-02-11T13:02:31","guid":{"rendered":"http:\/\/www.korhanyilmaz.com\/?p=28168"},"modified":"2011-02-11T15:02:31","modified_gmt":"2011-02-11T13:02:31","slug":"olum-cukurundaki-9-kayip-araniyor","status":"publish","type":"post","link":"http:\/\/www.korhanyilmaz.com\/?p=28168","title":{"rendered":"&#8220;\u00d6l\u00fcm \u00e7ukuru&#8221;ndaki 9 kay\u0131p aran\u0131yor"},"content":{"rendered":"<p style=\"text-align: center;\"><a href=\"http:\/\/www.korhanyilmaz.com\/wp-content\/uploads\/2011\/02\/304.jpg\"  class=\"lightview\"><img loading=\"lazy\" decoding=\"async\" class=\"aligncenter size-full wp-image-28169\" src=\"http:\/\/www.korhanyilmaz.com\/wp-content\/uploads\/2011\/02\/304.jpg\" alt=\"\" width=\"462\" height=\"214\" \/><\/a><\/p>\n<p style=\"text-align: justify;\">Elbistan Af\u015fin Termik Santrali&#8217;ne k\u00f6m\u00fcr \u00fcretimi yapan \u00c7\u00f6llolar k\u00f6m\u00fcr havzas\u0131nda d\u00fcn meydana gelen toprak kaymas\u0131nda milyonlarca metrek\u00fcp topra\u011f\u0131n alt\u0131nda kalan 9 ki\u015fiyi arama ve kurtarma \u00e7al\u0131\u015fmalar\u0131 bug\u00fcn de devam ediyor.<\/p>\n<p style=\"text-align: justify;\">\u00c7\u00f6llolar k\u00f6m\u00fcr havzas\u0131nda ya\u015fanan, ancak, k\u00f6m\u00fcr \u00e7\u0131kar\u0131lan saha olmad\u0131\u011f\u0131 belirtilen sahada meydana gelen g\u00f6\u00e7\u00fc\u011f\u00fcn ard\u0131ndan b\u00f6lgeye g\u00f6nderilen kurtarma ekipleri, arama \u00e7al\u0131\u015fmalar\u0131n\u0131 g\u00fc\u00e7l\u00fckle y\u00fcr\u00fct\u00fcyor. <!--more--><\/p>\n<p style=\"text-align: justify;\">Sivil savunma ve AKUT, sabahtan bu yana s\u00fcren aramalarda toprak alt\u0131nda kalan bir dozere ula\u015ft\u0131.<\/p>\n<p style=\"text-align: justify;\">Arama kurtarma k\u00f6pekleri e\u015fli\u011finde yap\u0131lan canl\u0131 aramas\u0131nda hen\u00fcz sonu\u00e7 elde edilemedi.<\/p>\n<p style=\"text-align: justify;\"><strong>\u0130\u011fne ile kuyu kazmak&#8230; <\/strong><\/p>\n<p style=\"text-align: justify;\">\u00dc\u00e7 futbol sahas\u0131 b\u00fcy\u00fckl\u00fc\u011f\u00fcnde bir alan\u0131 kapsayan, 160 metre derinlikte ya\u015fanan g\u00f6\u00e7\u00fck b\u00f6lgesindeki \u00e7al\u0131\u015fmalar, i\u011fne ile kuyu kazar gibi y\u00fcr\u00fct\u00fcl\u00fcyor.<\/p>\n<p style=\"text-align: justify;\">B\u00f6lgenin heyelan nedeniyle tehlikeli olu\u015fu ve daha k\u0131sa s\u00fcrede sonu\u00e7 alabilme plan\u0131yla arama ekipleri, karadan girmek yerine, havadan helikopterlerle farkl\u0131 noktalara indiriliyor.<\/p>\n<p style=\"text-align: justify;\">&#8220;\u00d6l\u00fcm \u00e7ukuru&#8221; olarak adland\u0131r\u0131lan k\u00f6m\u00fcr havzas\u0131ndaki aramalar, sahaya indirilen ekiplerin yan\u0131 s\u0131ra, helikopterle havadan g\u00f6zlemlenerek y\u00fcr\u00fct\u00fcl\u00fcyor.<\/p>\n<p style=\"text-align: justify;\">Yanlar\u0131nda \u00f6zel e\u011fitimli k\u00f6pekler de bulunan ekipler, canl\u0131 arama dedekt\u00f6r\u00fc ve arama k\u00f6pekleri ile sahay\u0131 tar\u0131yor. D\u00fcn saat 10.00&#8217;da ya\u015fanan 1 ki\u015finin \u00f6ld\u00fc\u011f\u00fc, 13 ki\u015finin kurtar\u0131ld\u0131\u011f\u0131 g\u00f6\u00e7\u00fc\u011f\u00fcn oldu\u011fu b\u00f6lgede, yer yer heyelan tehlikesi ya\u015fanabilece\u011fi korkusu da arama ekiplerini tedirgin ediyor.<\/p>\n<p style=\"text-align: justify;\">Arama \u00e7al\u0131\u015fmalar\u0131, Genelkurmay Ba\u015fkanl\u0131\u011f\u0131&#8217;ndan 1&#8217;i ambulans olarak kullan\u0131lan 4 Skorsky helikopter, Sa\u011fl\u0131k Bakanl\u0131\u011f\u0131&#8217;na ait bir hava ambulans\u0131, \u0130l Jandarma Komutanl\u0131\u011f\u0131 Komando Birli\u011fi, Kahramanmara\u015f \u0130l Afet ve Acil Durum M\u00fcd\u00fcrl\u00fc\u011f\u00fc ekipleri, Adana, Gaziantep, Malatya, Diyarbak\u0131r&#8217;dan arama kurtarma birli\u011fi ekiplerince y\u00fcr\u00fct\u00fcl\u00fcyor.<\/p>\n<p style=\"text-align: justify;\">Kay\u0131plar\u0131n yerlerinin belirlenmesi i\u00e7in canl\u0131 arama dedekt\u00f6rleri, arama kurtarma teknisyenleri, \u00f6zel e\u011fitimli arama k\u00f6pekleri de b\u00f6lgedeki \u00e7al\u0131\u015fmalara kat\u0131l\u0131yor.<\/p>\n<p style=\"text-align: justify;\">G\u00f6\u00e7\u00fck alt\u0131nda kalan ki\u015filerin cep telefonlar\u0131n\u0131n sinyalleri de takibe al\u0131nd\u0131, ancak, \u00e7al\u0131\u015fmalarda hen\u00fcz sonu\u00e7 al\u0131namad\u0131.<\/p>\n<p style=\"text-align: justify;\">Maden Tetkik ve Arama (MTA) Genel M\u00fcd\u00fcrl\u00fc\u011f\u00fc&#8217;nden 3 ki\u015filik uzman ekip de, g\u00f6\u00e7\u00fckte \u00fc\u00e7 a\u015famal\u0131 bir \u00e7al\u0131\u015fma yapacak.<\/p>\n<p style=\"text-align: justify;\"><strong>Devlet sahas\u0131 neden kaymad\u0131? <\/strong><\/p>\n<p style=\"text-align: justify;\">T\u00fcrk-\u0130\u015f&#8217;e ba\u011fl\u0131 T\u00fcrkiye Maden \u0130\u015f\u00e7ileri Sendikas\u0131 Genel Ba\u015fkan\u0131 \u0130smail Aslan, depremlere ba\u011fl\u0131 olarak g\u00f6\u00e7\u00fck meydana geldi\u011fi \u015feklindeki de\u011ferlendirmeleri ger\u00e7ek\u00e7i bulmad\u0131\u011f\u0131n\u0131 belirterek, &#8220;Bu sahaya bir kilometre uzakl\u0131kta devletin i\u015fletti\u011fi sahada neden heyelan olmad\u0131?&#8221; diye sordu.<\/p>\n<p style=\"text-align: justify;\">4 g\u00fcn ara ile 2 g\u00f6\u00e7\u00fck meydana gelen b\u00f6lgede m\u00fchendislik hatalar\u0131 ve \u00e7ok b\u00fcy\u00fck ihmal olabilece\u011fine de\u011finen Aslan, &#8220;A\u00e7\u0131k linyit alanlar\u0131nda tarihimizde b\u00f6yle bir olay yok. \u00d6zel sekt\u00f6r\u00fcn i\u015fletti\u011fi bu alanda b\u00f6yle bir g\u00f6\u00e7\u00fck oluyor da hemen yan\u0131ndaki sahada neden olmad\u0131? Bu i\u015fletmecilik zihniyeti ile t\u0131pk\u0131 karpuzun kafas\u0131n\u0131 kesip, elini sokup g\u00f6be\u011fini \u00e7\u0131kar\u0131yorlar. Ben onlarca y\u0131l devletin i\u015fletti\u011fi sahada operat\u00f6r olarak \u00e7al\u0131\u015ft\u0131m. Ben bile burada gelen tehlikeyi g\u00f6rebilirdim&#8221; dedi.<\/p>\n<p style=\"text-align: justify;\">6 \u015eubat&#8217;taki ilk g\u00f6\u00e7\u00fckten sonra inceleme yapan ODT\u00dc&#8217;den Prof. Dr. Levent Tatl\u0131o\u011flu, b\u00f6lgede 22 Aral\u0131k 2010 ile 29 Ocak 2011 aras\u0131nda meydana gelen 10 depremden 6&#8217;s\u0131n\u0131n g\u00f6\u00e7\u00fc\u011f\u00fc tetikledi\u011fi \u015feklinde rapor haz\u0131rlam\u0131\u015ft\u0131.<\/p>\n<p style=\"text-align: justify;\">Bu arada, Elektrik \u00dcretim A.\u015e. Genel M\u00fcd\u00fcr\u00fc Halil Al\u0131\u015f da, b\u00f6lgeye gelerek arama \u00e7al\u0131\u015fmalar\u0131n\u0131 yerinde inceledi. Al\u0131\u015f, 50 milyon metrek\u00fcp topra\u011f\u0131n kayarak, k\u00f6m\u00fcr \u00e7\u0131kar\u0131lan 100 metrelik b\u00f6l\u00fcm\u00fcn yar\u0131s\u0131n\u0131 doldurdu\u011funu, heyelan\u0131n s\u00fcrd\u00fc\u011f\u00fcn\u00fc s\u00f6yledi.<\/p>\n<p style=\"text-align: justify;\"><strong>\u0130\u015fte kay\u0131plar&#8230; <\/strong><\/p>\n<p style=\"text-align: justify;\">G\u00f6\u00e7\u00fck alt\u0131nda aranan ki\u015filerin isimleri \u015f\u00f6yle: &#8220;Jeoloji m\u00fchendisi Halil Tatl\u0131, makine m\u00fchendisi Cuma Y\u0131ld\u0131r\u0131m, makine operat\u00f6rleri Hac\u0131 Mehmet \u0130pek, Muhsin Ko\u015fan, Kemal Elmas, dozer operat\u00f6r\u00fc Adnan Demir, topograf\u00e7\u0131 Tu\u011fran G\u00f6khan, drenaj i\u015f\u00e7isi Aydo\u011fan Polat ve mesle\u011fi \u00f6\u011frenilemeyen Nail Y\u0131lmaz.&#8221;<\/p>\n<p style=\"text-align: justify;\"><a href=\"http:\/\/www.cnnturk.com\/2011\/turkiye\/02\/11\/olum.cukurundaki.9.kayip.araniyor\/606420.0\/index.html\" target=\"_blank\"><span style=\"color: #888888;\">CNN T\u00dcRK<\/span><\/a><\/p>\n","protected":false},"excerpt":{"rendered":"<p style=\"text-align: center;\">\n<p style=\"text-align: justify;\">Elbistan Af\u015fin Termik Santrali&#8217;ne k\u00f6m\u00fcr \u00fcretimi yapan \u00c7\u00f6llolar k\u00f6m\u00fcr havzas\u0131nda d\u00fcn meydana gelen toprak kaymas\u0131nda milyonlarca metrek\u00fcp topra\u011f\u0131n alt\u0131nda kalan 9 ki\u015fiyi arama ve kurtarma \u00e7al\u0131\u015fmalar\u0131 bug\u00fcn de devam ediyor.<\/p>\n<p style=\"text-align: justify;\">\u00c7\u00f6llolar k\u00f6m\u00fcr havzas\u0131nda ya\u015fanan, ancak, k\u00f6m\u00fcr \u00e7\u0131kar\u0131lan saha olmad\u0131\u011f\u0131 belirtilen sahada meydana gelen g\u00f6\u00e7\u00fc\u011f\u00fcn ard\u0131ndan b\u00f6lgeye g\u00f6nderilen kurtarma <\/p>\n","protected":false},"author":1,"featured_media":0,"comment_status":"open","ping_status":"closed","sticky":false,"template":"","format":"standard","meta":{"footnotes":""},"categories":[105],"tags":[],"class_list":["post-28168","post","type-post","status-publish","format-standard","hentry","category-gundem","odd"],"_links":{"self":[{"href":"http:\/\/www.korhanyilmaz.com\/index.php?rest_route=\/wp\/v2\/posts\/28168","targetHints":{"allow":["GET"]}}],"collection":[{"href":"http:\/\/www.korhanyilmaz.com\/index.php?rest_route=\/wp\/v2\/posts"}],"about":[{"href":"http:\/\/www.korhanyilmaz.com\/index.php?rest_route=\/wp\/v2\/types\/post"}],"author":[{"embeddable":true,"href":"http:\/\/www.korhanyilmaz.com\/index.php?rest_route=\/wp\/v2\/users\/1"}],"replies":[{"embeddable":true,"href":"http:\/\/www.korhanyilmaz.com\/index.php?rest_route=%2Fwp%2Fv2%2Fcomments&post=28168"}],"version-history":[{"count":0,"href":"http:\/\/www.korhanyilmaz.com\/index.php?rest_route=\/wp\/v2\/posts\/28168\/revisions"}],"wp:attachment":[{"href":"http:\/\/www.korhanyilmaz.com\/index.php?rest_route=%2Fwp%2Fv2%2Fmedia&parent=28168"}],"wp:term":[{"taxonomy":"category","embeddable":true,"href":"http:\/\/www.korhanyilmaz.com\/index.php?rest_route=%2Fwp%2Fv2%2Fcategories&post=28168"},{"taxonomy":"post_tag","embeddable":true,"href":"http:\/\/www.korhanyilmaz.com\/index.php?rest_route=%2Fwp%2Fv2%2Ftags&post=28168"}],"curies":[{"name":"wp","href":"https:\/\/api.w.org\/{rel}","templated":true}]}}