{"id":28163,"date":"2011-02-11T11:37:35","date_gmt":"2011-02-11T09:37:35","guid":{"rendered":"http:\/\/www.korhanyilmaz.com\/?p=28163"},"modified":"2011-02-11T11:37:35","modified_gmt":"2011-02-11T09:37:35","slug":"kilicdaroglu-insanda-biraz-ahlak-olur","status":"publish","type":"post","link":"http:\/\/www.korhanyilmaz.com\/?p=28163","title":{"rendered":"K\u0131l\u0131\u00e7daro\u011flu: \u0130nsanda biraz ahlak olur!"},"content":{"rendered":"<p style=\"text-align: center;\"><a href=\"http:\/\/www.korhanyilmaz.com\/wp-content\/uploads\/2011\/02\/281.jpg\"  class=\"lightview\"><img loading=\"lazy\" decoding=\"async\" class=\"aligncenter size-full wp-image-28164\" src=\"http:\/\/www.korhanyilmaz.com\/wp-content\/uploads\/2011\/02\/281.jpg\" alt=\"\" width=\"414\" height=\"218\" \/><\/a><\/p>\n<p style=\"text-align: justify;\">CHP lideri, KKTC B\u00fcy\u00fckel\u00e7isi&#8217;nin g\u00f6revden al\u0131nmas\u0131yla ilgili olarak &#8220;tam bir skandal&#8221; a\u00e7\u0131klamas\u0131nda bulunurken, CHP&#8217;li Hur\u015fit G\u00fcne\u015f&#8217;in s\u00f6zlerini k\u0131namak i\u00e7in bas\u0131n toplant\u0131s\u0131 yapan AKP&#8217;li vekiller i\u00e7in de Rize&#8217;deki olay\u0131 hat\u0131rlatarak, &#8220;\u0130nsan biraz utan\u0131r. \u0130nsanda biraz ahlak olur&#8221; dedi.<!--more--><\/p>\n<p style=\"text-align: justify;\">ANKARA &#8211; CHP Genel Ba\u015fkan\u0131 Kemal K\u0131l\u0131\u00e7daro\u011flu, T\u00fcrkiye&#8217;nin Lefko\u015fa B\u00fcy\u00fckel\u00e7ili\u011findeki g\u00f6rev de\u011fi\u015fimine ili\u015fkin, &#8221;Tam bir skandal. T\u00fcrkiye Cumhuriyeti tarihinde bir \u00fclkeye B\u00fcy\u00fckel\u00e7i atayacaks\u0131n\u0131z, 6 ay sonra g\u00f6revden alacaks\u0131n\u0131z. B\u00f6yle bir \u00f6rnek var m\u0131?&#8221; ifadelerini kulland\u0131.<\/p>\n<p style=\"text-align: justify;\">K\u0131l\u0131\u00e7daro\u011flu, \u0130stanbul&#8217;a hareketinden \u00f6nce Esenbo\u011fa Havaliman\u0131&#8217;nda gazetecilerin g\u00fcndeme ili\u015fkin sorular\u0131n\u0131 yan\u0131tlad\u0131.<\/p>\n<p style=\"text-align: center;\"><a href=\"http:\/\/www.korhanyilmaz.com\/wp-content\/uploads\/2011\/02\/303.jpg\"  class=\"lightview\"><img loading=\"lazy\" decoding=\"async\" class=\"aligncenter size-full wp-image-28165\" src=\"http:\/\/www.korhanyilmaz.com\/wp-content\/uploads\/2011\/02\/303.jpg\" alt=\"\" width=\"448\" height=\"231\" \/><\/a><\/p>\n<p style=\"text-align: justify;\">Bir gazetecinin &#8221;T\u00fcrkiye&#8217;nin Lefko\u015fa B\u00fcy\u00fckel\u00e7isi Kaya T\u00fcrkmen&#8217;in g\u00f6revden al\u0131nmas\u0131na&#8221; ili\u015fkin de\u011ferlendirmesinin sorulmas\u0131 \u00fczerine K\u0131l\u0131\u00e7daro\u011flu, &#8221;Tam bir skandal. T\u00fcrkiye Cumhuriyeti tarihinde bir \u00fclkeye B\u00fcy\u00fckel\u00e7i atayacaks\u0131n\u0131z 6 ay sonra g\u00f6revden alacaks\u0131n\u0131z. B\u00f6yle bir \u00f6rnek var m\u0131?&#8221; diye sordu.<\/p>\n<p style=\"text-align: justify;\">Bir ba\u015fka gazetecinin &#8221;D\u0131\u015fi\u015fleri Bakanl\u0131\u011f\u0131n\u0131n &#8216;g\u00f6revden alma de\u011fil&#8217; a\u00e7\u0131klamas\u0131 var&#8221; \u015feklindeki hat\u0131rlatmas\u0131 \u00fczerine ise K\u0131l\u0131\u00e7daro\u011flu, \u015funlar\u0131 s\u00f6yledi:<\/p>\n<p style=\"text-align: justify;\">&#8221;Bir ki\u015finin g\u00f6revden al\u0131nmas\u0131 ne demektir? Yerine bir atama yapt\u0131\u011f\u0131n\u0131z zaman ne yap\u0131yorsunuz onu. Merkeze al\u0131yorsunuz demektir. D\u0131\u015fi\u015fleri Bakanl\u0131\u011f\u0131 bunu bilmiyor mu? Ama o da H\u00fck\u00fcmete yaranmak i\u00e7in &#8216;Hay\u0131r. Biz g\u00f6revden almad\u0131k&#8230;&#8217; G\u00f6revden almad\u0131ysan\u0131z 6 ay i\u00e7inde ne oldu da bir b\u00fcy\u00fckel\u00e7iyi de\u011fi\u015ftiriyorsunuz? Acaba D\u0131\u015fi\u015fleri Bakanl\u0131\u011f\u0131 s\u00f6zc\u00fcleri, hele Say\u0131n Davuto\u011flu \u00e7\u0131k\u0131p \u015f\u00f6yle bir a\u00e7\u0131klama yaps\u0131n &#8216;Efendim, bunun \u00f6rne\u011fi D\u0131\u015fi\u015fleri Bakanl\u0131\u011f\u0131 tarihinde \u00e7ok. Biz, bir yere b\u00fcy\u00fckel\u00e7i atar\u0131z 6 ay de\u011fil, 3 ay sonra da g\u00f6revden al\u0131r\u0131z.&#8217; B\u00f6yle bir \u00f6rnek var m\u0131? \u00d6rnek yok. Tam bir skandal.&#8221;<\/p>\n<p style=\"text-align: justify;\">Mevcut iktidar\u0131n T\u00fcrkiye&#8217;yi y\u00f6netemedi\u011fini savunan K\u0131l\u0131\u00e7daro\u011flu, &#8221;S\u00fcrekli kaos. S\u00fcrekli sorun yaratan bir iktidar. Ekonomide b\u00f6yle, maliyede b\u00f6yle, b\u00fct\u00e7ede b\u00f6yle, d\u0131\u015f politikada b\u00f6yle. \u00c7\u0131k\u0131p, sokaktaki yurtta\u015fa sorun. Hayat\u0131n ne kadar k\u00f6t\u00fc y\u00f6netildi\u011fini o yurtta\u015f kendi hayat\u0131ndan hissediyor zaten. B\u00f6yle bir h\u00fck\u00fcmet olamaz&#8221; diye konu\u015ftu.<\/p>\n<p style=\"text-align: justify;\"><strong>&#8220;CUMHURBA\u015eKANI G\u00dcL&#8217;DEN TALEB\u0130M A\u00c7IK!&#8221;<\/strong><\/p>\n<p style=\"text-align: justify;\">K\u0131l\u0131\u00e7daro\u011flu, bir gazetecinin Yarg\u0131tay ve Dan\u0131\u015ftayda daire say\u0131s\u0131n\u0131n art\u0131r\u0131lmas\u0131n\u0131 \u00f6ng\u00f6ren yasayla ilgili d\u00fcn Cumhurba\u015fkan\u0131 Abdullah G\u00fcl&#8217;e \u00e7a\u011fr\u0131da bulundu\u011funu hat\u0131rlatarak, &#8221;Acaba Cumhurba\u015fkan\u0131&#8217;ndan bir randevu talebinde bulunup g\u00f6r\u00fc\u015fmeyi d\u00fc\u015f\u00fcn\u00fcyor musunuz?&#8221; sorusu \u00fczerine, \u015f\u00f6yle konu\u015ftu:<\/p>\n<p style=\"text-align: justify;\">&#8221;Talebim a\u00e7\u0131kt\u0131. Bu konuda Say\u0131n Cumhurba\u015fkan\u0131&#8217;n\u0131n yasan\u0131n parlamentodan ge\u00e7i\u015f s\u00fcrecini dikkatle izledi\u011fini umuyorum. \u00c7\u00fcnk\u00fc bu tasar\u0131 parlamentoya g\u00f6nderilirken Yarg\u0131tay, Dan\u0131\u015ftay, barolar gibi kurulu\u015flar\u0131n g\u00f6r\u00fc\u015flerinin al\u0131nmad\u0131\u011f\u0131, baz\u0131 sivil toplum kurulu\u015flar\u0131n\u0131n Adalet Komisyonu&#8217;nda dinlenmedi\u011fini biliyoruz. Her \u015feyden \u00f6nce tasar\u0131n\u0131n haz\u0131rlan\u0131\u015f \u015fekli Ba\u015fbakanl\u0131\u011f\u0131n &#8216;Yasalar nas\u0131l haz\u0131rlan\u0131r&#8217; y\u00f6netmeli\u011fine ayk\u0131r\u0131. E\u011fer bu kadar ciddi bir tasar\u0131, parlamentoda sa\u011fl\u0131kl\u0131 bir tart\u0131\u015fma ortam\u0131 bulmadan, yang\u0131ndan mal ka\u00e7\u0131r\u0131r gibi yasala\u015ft\u0131r\u0131l\u0131yorsa Say\u0131n Cumhurba\u015fkan\u0131n\u0131n bunun \u00fczerinde durmas\u0131 laz\u0131m. En az\u0131ndan ilgili taraflar\u0131n g\u00f6r\u00fc\u015flerini almas\u0131 laz\u0131m. Ben kendisine samimi bir \u00e7a\u011fr\u0131da bulundum. \u00c7\u00fcnk\u00fc toplumun \u00f6nemli bir kesiminin tedirginlik duydu\u011funu biliyoruz. Yarg\u0131 \u00fczerinde oyun oynamak, hele yarg\u0131y\u0131 siyasala\u015ft\u0131rman\u0131n demokrasimizin gelece\u011fi a\u00e7\u0131s\u0131ndan ciddi bir tehlike olu\u015fturaca\u011f\u0131n\u0131 umuyorum, Say\u0131n Cumhurba\u015fkan\u0131 da \u00e7ok iyi biliyordur. O nedenle kendisine b\u00f6yle bir \u00e7a\u011fr\u0131y\u0131 samimiyetle ve iyi niyetle yapt\u0131m.&#8221;<\/p>\n<p style=\"text-align: justify;\">Cumhurba\u015fkan\u0131 Abdullah G\u00fcl&#8217;\u00fcn yasay\u0131 onaylamas\u0131 halinde Anayasa Mahkemesine ba\u015fvurup vurmayacaklar\u0131 y\u00f6n\u00fcndeki bir soruya ise K\u0131l\u0131\u00e7daro\u011flu, &#8221;Elbette arkada\u015flar. Hukuk\u00e7u arkada\u015flar\u0131m\u0131z de\u011ferlendirecekler. Anayasaya ayk\u0131r\u0131l\u0131\u011f\u0131 varsa Anayasa Mahkemesine g\u00f6t\u00fcr\u00fcr. Bu bizim en do\u011fal hakk\u0131m\u0131z zaten. Olmas\u0131 gereken yap\u0131lmas\u0131 gereken de budur. Ama Anayasaya ayk\u0131r\u0131l\u0131k yoksa zaten bir sorun yoktur. Bunu de\u011ferlendirecek olanlar hukuk\u00e7ulard\u0131r&#8221; dedi.<\/p>\n<p style=\"text-align: justify;\">Konuya t\u00fcm\u00fcyle siyasi pencereden bakmad\u0131klar\u0131n\u0131 kaydeden K\u0131l\u0131\u00e7daro\u011flu, s\u00f6zlerini \u015f\u00f6yle s\u00fcrd\u00fcrd\u00fc:<\/p>\n<p style=\"text-align: justify;\">&#8221;\u00c7\u00fcnk\u00fc olay, g\u00fcnl\u00fck siyasetin \u00f6tesinde T\u00fcrkiye&#8217;nin gelece\u011fiyle ilgili bir sorundur. E\u011fer, Anayasada yarg\u0131 ba\u011f\u0131ms\u0131zl\u0131\u011f\u0131 ihlal edilmi\u015fse, yarg\u0131ya hi\u00e7bir makam, hi\u00e7bir otorite talimat veremiyorsa ki talimat verenler var. Talimat verenler AKP milletvekilleri, talimat verenler AKP&#8217;nin Adalet Bakanl\u0131\u011f\u0131, bakanlar\u0131. Yine AKP&#8217;nin bakanlar\u0131 ar\u0131yorlar, yarg\u0131y\u0131 ar\u0131yorlar, savc\u0131lar\u0131 ar\u0131yorlar, yarg\u0131\u00e7lara yaz\u0131 yaz\u0131yorlar. B\u00fct\u00fcn bunlar\u0131n hepsi ortadayken b\u00f6yle bir d\u00fczenlemenin yap\u0131lmas\u0131 gelecekte T\u00fcrkiye&#8217;nin \u00e7ok daha a\u011f\u0131r riskler \u00fcstlenece\u011fi bir yap\u0131n\u0131n olu\u015fmas\u0131na yol a\u00e7acakt\u0131r. Bu tehlikeyi de herhalde biz g\u00f6r\u00fcyorsak, biliyorsak Anayasa Mahkemesine ta\u015f\u0131yaca\u011f\u0131z.&#8221;<\/p>\n<p style=\"text-align: justify;\"><strong>&#8220;\u0130NSANDA B\u0130RAZ UTANMA OLUR, AHLAK OLUR&#8221;<\/strong><\/p>\n<p style=\"text-align: justify;\">Bir gazetecinin, CHP Genel Ba\u015fkan Yard\u0131mc\u0131s\u0131 Hur\u015fit G\u00fcne\u015f&#8217;in, partisinin \u0130zmit \u0130l\u00e7e Te\u015fkilat\u0131nda sarf etti\u011fi iddia edilen s\u00f6zlerle ilgili kendisine uyar\u0131 yap\u0131ld\u0131\u011f\u0131n\u0131n konu\u015fuldu\u011funu&#8217; belirtmesi \u00fczerine K\u0131l\u0131\u00e7daro\u011flu, &#8221;Hay\u0131r efendim. Ne uyar\u0131s\u0131 yapm\u0131\u015f\u0131m G\u00fcne\u015f&#8217;e?&#8221; diye sordu.<\/p>\n<p style=\"text-align: justify;\">\u0130ddia edilen a\u00e7\u0131klaman\u0131n G\u00fcne\u015f&#8217;e ait olmad\u0131\u011f\u0131n\u0131 belirten K\u0131l\u0131\u00e7daro\u011flu, G\u00fcne\u015f&#8217;in, a\u00e7\u0131klamay\u0131 yapt\u0131\u011f\u0131n\u0131 \u00f6ne s\u00fcren ki\u015fileri mahkemeye verdi\u011fini s\u00f6yledi.<\/p>\n<p style=\"text-align: justify;\">&#8221;Olmayan bir \u015fey konusunda k\u0131yamet kopar\u0131ld\u0131\u011f\u0131n\u0131&#8221; dile getiren K\u0131l\u0131\u00e7daro\u011flu, \u015funlar\u0131 kaydetti:<\/p>\n<p style=\"text-align: justify;\">&#8221;AKP&#8217;li milletvekilleri oturup bas\u0131n toplant\u0131s\u0131 yapt\u0131lar olmayan bir deme\u00e7, yalan bir deme\u00e7 y\u00fcz\u00fcnden. Ama ayn\u0131 AKP&#8217;li milletvekilleri Rize Belediye Ba\u015fkan\u0131 &#8216;Bizim ikinci e\u015flerimiz K\u00fcrt olsun&#8217; dedi\u011fi zaman sus pus edip durdular. \u0130nsan biraz utan\u0131r. \u0130nsanda biraz ahlak olur. Ona tepki vermeyen bir milletvekili, kalkacak yalan haber \u00fczerine tepki verecek. Onun \u00fczerinden siyaset yapacak. \u00d6nce e\u011fer siyaset yap\u0131yorlarsa, ahlakl\u0131 d\u00fc\u015f\u00fcn\u00fcyorlarsa Rizeli Belediye Ba\u015fkan\u0131n\u0131n s\u00f6yledi\u011fi laflar konusunda Say\u0131n Ba\u015fbakan\u0131n \u00f6z\u00fcr dilemesini beklemek, ilgili belediye ba\u015fkan\u0131n\u0131n \u00f6z\u00fcr dilemesini beklemek&#8230; Bunlar yap\u0131ld\u0131 m\u0131? Yap\u0131lmad\u0131. Ama olmayan laf y\u00fcz\u00fcnden k\u0131yametler kopar\u0131l\u0131yor.&#8221;<\/p>\n<p style=\"text-align: justify;\"><a href=\"http:\/\/www.gazeteport.com.tr\/SIYASET\/NEWS\/GP_851650\" target=\"_blank\">Kaynak : GAZETEPORT<\/a><\/p>\n","protected":false},"excerpt":{"rendered":"<p style=\"text-align: center;\">\n<p style=\"text-align: justify;\">CHP lideri, KKTC B\u00fcy\u00fckel\u00e7isi&#8217;nin g\u00f6revden al\u0131nmas\u0131yla ilgili olarak &#8220;tam bir skandal&#8221; a\u00e7\u0131klamas\u0131nda bulunurken, CHP&#8217;li Hur\u015fit G\u00fcne\u015f&#8217;in s\u00f6zlerini k\u0131namak i\u00e7in bas\u0131n toplant\u0131s\u0131 yapan AKP&#8217;li vekiller i\u00e7in de Rize&#8217;deki olay\u0131 hat\u0131rlatarak, &#8220;\u0130nsan biraz utan\u0131r. \u0130nsanda biraz ahlak olur&#8221; dedi.<\/p>\n","protected":false},"author":1,"featured_media":0,"comment_status":"open","ping_status":"closed","sticky":false,"template":"","format":"standard","meta":{"footnotes":""},"categories":[105],"tags":[],"class_list":["post-28163","post","type-post","status-publish","format-standard","hentry","category-gundem","odd"],"_links":{"self":[{"href":"http:\/\/www.korhanyilmaz.com\/index.php?rest_route=\/wp\/v2\/posts\/28163","targetHints":{"allow":["GET"]}}],"collection":[{"href":"http:\/\/www.korhanyilmaz.com\/index.php?rest_route=\/wp\/v2\/posts"}],"about":[{"href":"http:\/\/www.korhanyilmaz.com\/index.php?rest_route=\/wp\/v2\/types\/post"}],"author":[{"embeddable":true,"href":"http:\/\/www.korhanyilmaz.com\/index.php?rest_route=\/wp\/v2\/users\/1"}],"replies":[{"embeddable":true,"href":"http:\/\/www.korhanyilmaz.com\/index.php?rest_route=%2Fwp%2Fv2%2Fcomments&post=28163"}],"version-history":[{"count":0,"href":"http:\/\/www.korhanyilmaz.com\/index.php?rest_route=\/wp\/v2\/posts\/28163\/revisions"}],"wp:attachment":[{"href":"http:\/\/www.korhanyilmaz.com\/index.php?rest_route=%2Fwp%2Fv2%2Fmedia&parent=28163"}],"wp:term":[{"taxonomy":"category","embeddable":true,"href":"http:\/\/www.korhanyilmaz.com\/index.php?rest_route=%2Fwp%2Fv2%2Fcategories&post=28163"},{"taxonomy":"post_tag","embeddable":true,"href":"http:\/\/www.korhanyilmaz.com\/index.php?rest_route=%2Fwp%2Fv2%2Ftags&post=28163"}],"curies":[{"name":"wp","href":"https:\/\/api.w.org\/{rel}","templated":true}]}}