{"id":28159,"date":"2011-02-11T12:35:56","date_gmt":"2011-02-11T10:35:56","guid":{"rendered":"http:\/\/www.korhanyilmaz.com\/?p=28159"},"modified":"2011-02-11T12:35:56","modified_gmt":"2011-02-11T10:35:56","slug":"basbakanin-telefonuyla-gorevden-alindi","status":"publish","type":"post","link":"http:\/\/www.korhanyilmaz.com\/?p=28159","title":{"rendered":"Ba\u015fbakan&#8217;\u0131n telefonuyla g\u00f6revden al\u0131nd\u0131"},"content":{"rendered":"<div id=\"attachment_28172\" style=\"width: 401px\" class=\"wp-caption aligncenter\"><a href=\"http:\/\/www.korhanyilmaz.com\/wp-content\/uploads\/2011\/02\/305.jpg\"  class=\"lightview\"><img loading=\"lazy\" decoding=\"async\" aria-describedby=\"caption-attachment-28172\" class=\"size-full wp-image-28172 \" src=\"http:\/\/www.korhanyilmaz.com\/wp-content\/uploads\/2011\/02\/305.jpg\" alt=\"\" width=\"391\" height=\"248\" \/><\/a><p id=\"caption-attachment-28172\" class=\"wp-caption-text\">Alt\u0131 ay \u00f6nce T\u00fcrkiye&#39;nin Lefko\u015fa B\u00fcy\u00fckel\u00e7ili\u011fine atanan Kaya T\u00fcrkmen<\/p><\/div>\n<p style=\"text-align: justify;\">Ge\u00e7ti\u011fimiz y\u0131l T\u00fcrkiye&#8217;nin Lefko\u015fa B\u00fcy\u00fckel\u00e7i\u011fine atanan Kaya T\u00fcrkmen&#8217;in s\u00fcrpriz bir \u015fekilde g\u00f6revden al\u0131narak yerine KKTC&#8217;de hi\u00e7 de sevilmeyen Halil \u0130brahim Ak\u00e7a&#8217;n\u0131n atanmas\u0131n\u0131n perde arkas\u0131 belli olmaya ba\u015flad\u0131.<\/p>\n<p style=\"text-align: justify;\">Ba\u015fbakan Erdo\u011fan&#8217;\u0131n T\u00fcrkiye kar\u015f\u0131t\u0131 g\u00f6steriler kar\u015f\u0131s\u0131nda sorumlulu\u011fu alt\u0131 ay \u00f6nce KKTC B\u00fcy\u00fckel\u00e7ili\u011fine atanan Kaya T\u00fcrkmen&#8217;e kesti\u011fi gelen bilgiler aras\u0131nda.<!--more--><\/p>\n<p style=\"text-align: justify;\">\u0130STANBUL &#8211; KKTC&#8217;de ya\u015fanan b\u00fcy\u00fckel\u00e7i krizinin arkas\u0131nda bizzat Ba\u015fbakan Recep Tayyip Erdo\u011fan oldu\u011fu belirtiliyor.<\/p>\n<p style=\"text-align: justify;\">Alt\u0131 ay \u00f6nce T\u00fcrkiye&#8217;nin Lefko\u015fa B\u00fcy\u00fckel\u00e7ili\u011fine atanan Kaya T\u00fcrkmen&#8217;in ba\u015fbakan Erdo\u011fan&#8217;\u0131n b\u00fcy\u00fck tepki g\u00f6sterdi\u011fi protesto g\u00f6sterilerinin hemen ard\u0131ndan g\u00f6revden al\u0131nmas\u0131 \u015fa\u015fk\u0131nl\u0131kla kar\u015f\u0131lanm\u0131\u015ft\u0131. D\u0131\u015fi\u015flerinin haberi olmadan yap\u0131lan bu ataman\u0131n perde arkas\u0131 yava\u015f yava\u015f ortaya \u00e7\u0131kmaya ba\u015flad\u0131.<\/p>\n<p style=\"text-align: justify;\">Al\u0131nan bilgilere g\u00f6re KKTC&#8217;de ya\u015fanan pankart krizinin sorumlusu olarak B\u00fcy\u00fckel\u00e7i Kaya T\u00fcrkmen&#8217;i sorumlu tutarak bizzat D\u0131\u015fi\u015fleri Bakan\u0131&#8217;n\u0131 arayarak T\u00fcrkmen&#8217;in hemen g\u00f6revden al\u0131narak, hi\u00e7 diplomasi deneyimi bulunmayan ve KKTC ile ilgili g\u00f6r\u00fc\u015fleri nedeniyle adada hi\u00e7 sevilmeyen Halil \u0130brahim Ak\u00e7a&#8217;n\u0131n atanmas\u0131n\u0131 istedi. Halil \u0130brahim Ak\u00e7a, KKTC&#8217;ye yard\u0131m program\u0131yla ilgili TC Teknik Heyet Ba\u015fkanl\u0131\u011f\u0131 g\u00f6revini y\u00fcr\u00fct\u00fcyordu.<\/p>\n<p style=\"text-align: justify;\"><strong>AK\u00c7A K\u0130MD\u0130R?<\/strong><\/p>\n<div id=\"attachment_28160\" style=\"width: 268px\" class=\"wp-caption alignleft\"><a href=\"http:\/\/www.korhanyilmaz.com\/wp-content\/uploads\/2011\/02\/302.jpg\"  class=\"lightview\"><img loading=\"lazy\" decoding=\"async\" aria-describedby=\"caption-attachment-28160\" class=\"size-full wp-image-28160\" style=\"margin-left: 10px; margin-right: 10px;\" src=\"http:\/\/www.korhanyilmaz.com\/wp-content\/uploads\/2011\/02\/302.jpg\" alt=\"\" width=\"258\" height=\"180\" \/><\/a><p id=\"caption-attachment-28160\" class=\"wp-caption-text\">Halil \u0130brahim Ak\u00e7a<\/p><\/div>\n<p style=\"text-align: justify;\">\u0130T\u00dc Elektronik ve Haberle\u015fme M\u00fchendisli\u011fi B\u00f6l\u00fcm\u00fc mezunu olan, University of Delaware\u2019de ekonomi masteri yapan Ak\u00e7a, DPT\u2019de m\u00fcste\u015farl\u0131k yard\u0131mc\u0131l\u0131\u011f\u0131na kadar farkl\u0131 g\u00f6revlerde bulundu. Ak\u00e7a, KKTC\u2019ye yard\u0131m program\u0131yla ilgili TC Teknik Heyeti Ba\u015fkanl\u0131\u011f\u0131 g\u00f6revini y\u00fcr\u00fct\u00fcyordu. B\u00fcy\u00fckel\u00e7ilik \u201cistisnai memuriyet\u201d oldu\u011fu i\u00e7in bu g\u00f6reve, D\u0131\u015fi\u015fleri\u2019nde meslek memuru olmayan ki\u015filer de m\u00fc\u015fterek kararname ile atanabiliyor. B\u00fcy\u00fckel\u00e7ilik g\u00f6revi, Devlet Memurlar\u0131 Yasas\u0131\u2019n\u0131n 59. maddesinde say\u0131lan istisnai memurluk i\u00e7inde yer al\u0131yor. B\u00fcy\u00fckel\u00e7i atamalar\u0131, b\u00fct\u00fcn bakanlar\u0131n imzas\u0131n\u0131 ta\u015f\u0131yan m\u00fc\u015fterek kararnamenin cumhurba\u015fkan\u0131 taraf\u0131ndan onaylanmas\u0131 suretiyle yap\u0131l\u0131yor. H\u00fck\u00fcmet, devlet memuru olabilmek i\u00e7in i\u00e7in gerekli genel \u015fartlar\u0131 ta\u015f\u0131yan ki\u015fileri, kararname ile b\u00fcy\u00fckel\u00e7i olarak atayabiliyor. D\u0131\u015fi\u015fleri Bakanl\u0131\u011f\u0131 d\u0131\u015f\u0131ndan atanan b\u00fcy\u00fckel\u00e7ilerin, g\u00f6revleri sona erdikten sonra bu bakanl\u0131k ile olan ili\u015fkileri sona eriyor.<\/p>\n<p style=\"text-align: justify;\">Halil \u0130brahim Ak\u00e7a son olarak Fortune dergisine KKTC \u00fczerine yapt\u0131\u011f\u0131 a\u00e7\u0131klamalar \u00fczerine sert tepki \u00e7ekmi\u015fti.<\/p>\n<p style=\"text-align: justify;\">&#8211; Dede emekli maa\u015f\u0131 olarak 7 bin lira al\u0131yor. \u00dcniversite mezunu torunu, \u00f6zel sekt\u00f6rde 1500 lira kazan\u0131yor. Dede kendisini; \u2018Bilmez misiniz, biz bu maa\u015fla torunlar\u0131m\u0131z\u0131 ge\u00e7indiriyoruz\u2019 diye savunuyor. Halbuki b\u0131rak, torunun e\u011fitim g\u00f6rm\u00fc\u015f, kendisi i\u015f bulsun, hayat\u0131n\u0131 kazans\u0131n.<\/p>\n<p style=\"text-align: justify;\">&#8211; KKTC\u2019deki temel sorun, \u00e7al\u0131\u015fanlar\u0131n \u00e7ok y\u00fcksek \u00fccret almas\u0131 ve fazla insan \u00e7al\u0131\u015fmas\u0131. Hepsinde \u00e7ok g\u00fc\u00e7l\u00fc sendikalar var ve sendikalar tasarruf y\u00f6n\u00fcnde at\u0131lacak ad\u0131mlar\u0131n hepsini engelliyor.<\/p>\n<p style=\"text-align: justify;\">&#8211; \u0130ngilizler emekli oluyor, KKTC\u2019ye geliyor, ald\u0131klar\u0131 maa\u015f 600 pound. KKTC\u2019den oraya gidenlerin emekli maa\u015flar\u0131 2 &#8211; 3 bin pound. Bu y\u00fczden 12 bin emekliden 7 bininin emekli maa\u015flar\u0131 gelir vergisine tabi tutuldu.<\/p>\n<p style=\"text-align: justify;\">&#8211; Sendikal haklar\u0131n kullan\u0131m \u015fekli \u00e7ok tahripk\u00e2r, kamu hizmet sunumunu olumsuz etkiliyor. \u00d6rne\u011fin, s\u0131nav yap\u0131laca\u011f\u0131 g\u00fcn \u00f6\u011fretmenler greve gidiyor, s\u0131nav saati ge\u00e7iyor, grevi bitiriyorlar. G\u00fc\u00e7lerini b\u00f6yle kullan\u0131yorlar. Bir\u00e7ok yasada, sendikal haklarin daralt\u0131lmas\u0131na ve kullan\u0131m \u015feklinin d\u00fczenlenmesine ihtiya\u00e7 var.<\/p>\n<p style=\"text-align: justify;\">&#8211; T\u00fcrkiye as\u0131l bal\u0131k tutma konusunda yard\u0131mc\u0131 olmal\u0131. Program da bunu \u00f6ng\u00f6r\u00fcyor. Ancak KKTC toplumunda bu yeni durumun fark\u0131ndal\u0131\u011f\u0131 laz\u0131m. Kamuoyu d\u00fcnyadan kopuk. Yerel ve gereksiz konularla me\u015fgul oluyor.<\/p>\n<p style=\"text-align: justify;\"><a href=\"http:\/\/www.gazeteport.com.tr\/GUNCEL\/NEWS\/GP_851688\" target=\"_blank\"><span style=\"color: #888888;\">Kaynak : GAZETEPORT<\/span><\/a><\/p>\n","protected":false},"excerpt":{"rendered":"<p id=\"caption-attachment-28172\" class=\"wp-caption-text\">Alt\u0131 ay \u00f6nce T\u00fcrkiye&#39;nin Lefko\u015fa B\u00fcy\u00fckel\u00e7ili\u011fine atanan Kaya T\u00fcrkmen<\/p>\n<p style=\"text-align: justify;\">Ge\u00e7ti\u011fimiz y\u0131l T\u00fcrkiye&#8217;nin Lefko\u015fa B\u00fcy\u00fckel\u00e7i\u011fine atanan Kaya T\u00fcrkmen&#8217;in s\u00fcrpriz bir \u015fekilde g\u00f6revden al\u0131narak yerine KKTC&#8217;de hi\u00e7 de sevilmeyen Halil \u0130brahim Ak\u00e7a&#8217;n\u0131n atanmas\u0131n\u0131n perde arkas\u0131 belli olmaya ba\u015flad\u0131.<\/p>\n<p style=\"text-align: justify;\">Ba\u015fbakan Erdo\u011fan&#8217;\u0131n T\u00fcrkiye kar\u015f\u0131t\u0131 g\u00f6steriler kar\u015f\u0131s\u0131nda sorumlulu\u011fu alt\u0131 ay \u00f6nce KKTC B\u00fcy\u00fckel\u00e7ili\u011fine atanan <\/p>\n","protected":false},"author":1,"featured_media":0,"comment_status":"open","ping_status":"closed","sticky":false,"template":"","format":"standard","meta":{"footnotes":""},"categories":[105],"tags":[],"class_list":["post-28159","post","type-post","status-publish","format-standard","hentry","category-gundem","odd"],"_links":{"self":[{"href":"http:\/\/www.korhanyilmaz.com\/index.php?rest_route=\/wp\/v2\/posts\/28159","targetHints":{"allow":["GET"]}}],"collection":[{"href":"http:\/\/www.korhanyilmaz.com\/index.php?rest_route=\/wp\/v2\/posts"}],"about":[{"href":"http:\/\/www.korhanyilmaz.com\/index.php?rest_route=\/wp\/v2\/types\/post"}],"author":[{"embeddable":true,"href":"http:\/\/www.korhanyilmaz.com\/index.php?rest_route=\/wp\/v2\/users\/1"}],"replies":[{"embeddable":true,"href":"http:\/\/www.korhanyilmaz.com\/index.php?rest_route=%2Fwp%2Fv2%2Fcomments&post=28159"}],"version-history":[{"count":0,"href":"http:\/\/www.korhanyilmaz.com\/index.php?rest_route=\/wp\/v2\/posts\/28159\/revisions"}],"wp:attachment":[{"href":"http:\/\/www.korhanyilmaz.com\/index.php?rest_route=%2Fwp%2Fv2%2Fmedia&parent=28159"}],"wp:term":[{"taxonomy":"category","embeddable":true,"href":"http:\/\/www.korhanyilmaz.com\/index.php?rest_route=%2Fwp%2Fv2%2Fcategories&post=28159"},{"taxonomy":"post_tag","embeddable":true,"href":"http:\/\/www.korhanyilmaz.com\/index.php?rest_route=%2Fwp%2Fv2%2Ftags&post=28159"}],"curies":[{"name":"wp","href":"https:\/\/api.w.org\/{rel}","templated":true}]}}