{"id":28153,"date":"2011-02-11T12:20:26","date_gmt":"2011-02-11T10:20:26","guid":{"rendered":"http:\/\/www.korhanyilmaz.com\/?p=28153"},"modified":"2011-02-11T12:20:26","modified_gmt":"2011-02-11T10:20:26","slug":"haberala-nakil","status":"publish","type":"post","link":"http:\/\/www.korhanyilmaz.com\/?p=28153","title":{"rendered":"Haberal&#8217;a nakil"},"content":{"rendered":"<p style=\"text-align: center;\"><a href=\"http:\/\/www.korhanyilmaz.com\/wp-content\/uploads\/2011\/02\/312.jpg\"  class=\"lightview\"><img loading=\"lazy\" decoding=\"async\" class=\"aligncenter size-full wp-image-28198\" src=\"http:\/\/www.korhanyilmaz.com\/wp-content\/uploads\/2011\/02\/312.jpg\" alt=\"\" width=\"411\" height=\"220\" \/><\/a><\/p>\n<p style=\"text-align: justify;\">&#8221;Ergenekon&#8221; davas\u0131 kapsam\u0131nda tutuklu bulunan eski Ba\u015fkent \u00dcniversitesi Rekt\u00f6r\u00fc Prof. Dr. Mehmet Haberal&#8217;\u0131n mahkemeye g\u00f6nderilmeyen sa\u011fl\u0131k raporuna ili\u015fkin, 4 ki\u015fi g\u00f6zalt\u0131na al\u0131nd\u0131.<\/p>\n<p style=\"text-align: justify;\">Haberal&#8217;in sa\u011fl\u0131k durumuyla ilgili Adli T\u0131p Kurumu&#8217;ndan savc\u0131l\u0131\u011fa g\u00f6nderilen muayene sonucu yaz\u0131s\u0131nda, &#8221;Hastan\u0131n klinik muayene ve tetkik sonu\u00e7lar\u0131na g\u00f6re, verilerin hasta i\u00e7in \u00f6ng\u00f6r\u00fclen hayati risk ile tam olarak ba\u011fda\u015fmad\u0131\u011f\u0131 izlenimi elde edildi\u011fi&#8221; belirtildi. Haberal, mahkeme karar\u0131yla ba\u015fka bir hastaneye sevkedildi. <!--more--><\/p>\n<p style=\"text-align: justify;\">\u00d6zel Yetkili savc\u0131l\u0131k taraf\u0131ndan bu sabah ifade i\u00e7in \u0130stanbul Adliyesi&#8217;ne \u00e7a\u011fr\u0131lan Kardiyoloji Enstit\u00fcs\u00fc&#8217;nden Prof. Dr. Cengiz \u00c7eliker sevk edildi\u011fi mahkemece tutukland\u0131.<\/p>\n<p style=\"text-align: justify;\">\u0130STANBUL- \u0130stanbul \u00d6zel Yetkili Cumhuriyet Savc\u0131s\u0131 Fikret Se\u00e7en taraf\u0131ndan y\u00fcr\u00fct\u00fclen soru\u015fturma kapsam\u0131nda, bir astsubay, bir hem\u015fire ve Haberal&#8217;\u0131n iki refakat\u00e7isinden olu\u015fan 4 ki\u015fiyle ilgili g\u00f6zalt\u0131 karar\u0131 verildi. Emniyet g\u00f6revlileri, sabah saatlerinde s\u00f6z konusu ki\u015fileri g\u00f6zalt\u0131na ald\u0131.<\/p>\n<p style=\"text-align: justify;\">\u00d6zel yetkili savc\u0131 Se\u00e7en&#8217;in ayr\u0131ca, 3 Aral\u0131k 2010&#8217;da geldi\u011fi Be\u015fikta\u015f&#8217;taki \u0130stanbul Adliyesinde, Savc\u0131l\u0131kta &#8221;\u015f\u00fcpheli&#8221; s\u0131fat\u0131yla ifade veren ve ard\u0131ndan da serbest b\u0131rak\u0131lan Prof. Dr. Cengiz \u00c7eliker&#8217;i, bug\u00fcn yeniden ifadesini almak \u00fczere \u00e7a\u011f\u0131rd\u0131\u011f\u0131 kaydedildi.  \u00c7eliker&#8217;in \u00f6\u011fleden sonra gelerek &#8221;\u015f\u00fcpheli&#8221; s\u0131fat\u0131yla ifade verece\u011fi \u00f6\u011frenildi.<\/p>\n<p style=\"text-align: justify;\">Hastal\u0131\u011f\u0131 nedeniyle \u0130\u00dc Kardiyoloji Enstit\u00fcs\u00fcnde tedavi g\u00f6ren &#8221;Ergenekon&#8221; davas\u0131n\u0131n tutuklu san\u0131\u011f\u0131 Prof. Dr. Mehmet Haberal&#8217;\u0131n sa\u011fl\u0131k durumuyla ilgili, Enstit\u00fcn\u00fcn 5 ki\u015filik doktorlar heyetince 16 Ekim 2010&#8217;da yaz\u0131lan ve &#8221;Enstit\u00fcm\u00fcz\u00fcn 3. servisinde 304 numaral\u0131 odada yatmakta olan Mehmet Haberal&#8217;in durumu de\u011ferlendirilmi\u015f ve t\u0131bbi tedavisine ayakta devam edilerek bir ay sonra kontrole gelmek \u00fczere taburcu edilmesine karar verilmi\u015ftir&#8221; ifadeleri bulunan sa\u011fl\u0131k raporunun, yarg\u0131laman\u0131n yap\u0131ld\u0131\u011f\u0131 \u0130stanbul 13. A\u011f\u0131r Ceza Mahkemesi&#8217;ne ula\u015ft\u0131r\u0131lmad\u0131\u011f\u0131 gerek\u00e7esiyle soru\u015fturma ba\u015flat\u0131lm\u0131\u015ft\u0131.<\/p>\n<p style=\"text-align: justify;\">Soru\u015fturma kapsam\u0131nda, 3 Aral\u0131k 2010&#8217;da davet edildikleri Be\u015fikta\u015f&#8217;taki \u0130stanbul Adliyesinde Savc\u0131 Se\u00e7en taraf\u0131ndan \u015f\u00fcpheli olarak sorgulanan \u0130stanbul \u00dcniversitesi (\u0130\u00dc) Kardiyoloji Enstit\u00fcs\u00fc M\u00fcd\u00fcr\u00fc Prof. Dr. Erhan Kans\u0131z, Kardiyoloji Anabilim Dal\u0131 Ba\u015fkan\u0131 Prof. Dr. Zerrin Yi\u011fit, Prof. Dr. Cengiz \u00c7eliker ve Prof. Dr. Sezer Karc\u0131er serbest b\u0131rak\u0131lm\u0131\u015ft\u0131.<\/p>\n<p style=\"text-align: justify;\">Soru\u015fturmada, Prof. Dr. Cengizhan T\u00fcrko\u011flu&#8217;nun tan\u0131k olarak dinlenilmesinin ard\u0131ndan yeniden Be\u015fikta\u015f&#8217;taki \u0130stanbul Adliyesine \u00e7a\u011fr\u0131lan \u0130\u00dc Kardiyoloji Enstit\u00fcs\u00fc M\u00fcd\u00fcr\u00fc Prof. Dr. Erhan Kans\u0131z, ikinci kez geldi\u011fi Be\u015fikta\u015f&#8217;taki \u0130stanbul Adliyesinde 11 Ocak&#8217;ta savc\u0131 Se\u00e7en taraf\u0131ndan sevk edildi\u011fi \u0130stanbul N\u00f6bet\u00e7i 13. A\u011f\u0131r Ceza Mahkemesince tutuklanm\u0131\u015ft\u0131.<\/p>\n<p style=\"text-align: justify;\"><strong>DOKTORU TUTUKLANDI<\/strong><\/p>\n<p style=\"text-align: justify;\">Haberal&#8217;\u0131n mahkemeye g\u00f6nderilmeyen sa\u011fl\u0131k raporuna ili\u015fkin savc\u0131l\u0131k\u00e7a ifadesine ba\u015fvurulan Prof. Dr. Cengiz \u00c7eliker, tutuklama istemiyle mahkemeye sevk edildi.<\/p>\n<p style=\"text-align: justify;\">Be\u015fikta\u015f&#8217;taki \u0130stanbul Adliyesi&#8217;ne avukat\u0131 Fesih Delidere ile birlikte gelen Prof. Dr. Cengiz \u00c7eliker, burada soru\u015fturmay\u0131 y\u00fcr\u00fcten Cumhuriyet Savc\u0131s\u0131 Fikret Se\u00e7en taraf\u0131ndan sorguland\u0131.<\/p>\n<p style=\"text-align: justify;\">\u00c7eliker, savc\u0131l\u0131k sorgusunun ard\u0131ndan tutuklanmas\u0131 istemiyle \u0130stanbul N\u00f6bet\u00e7i 9. A\u011f\u0131r Ceza Mahkemesi&#8217;ne sevk edildi. \u00c7eliker, sevk edildi\u011fi mahkemece tutukland\u0131. Prof. Dr. \u00c7eliker, 3 Aral\u0131k 2010&#8217;da geldi\u011fi Be\u015fikta\u015f&#8217;taki \u0130stanbul Adliyesinde &#8221;\u015f\u00fcpheli&#8221; s\u0131fat\u0131yla ifade vermi\u015f ve ard\u0131ndan da serbest b\u0131rak\u0131lm\u0131\u015ft\u0131.<\/p>\n<p style=\"text-align: justify;\"><strong>ADL\u0130 TIP RAPORU: VER\u0130LER BA\u011eDA\u015eMIYOR<\/strong><\/p>\n<p style=\"text-align: justify;\">Haberal&#8217;in sa\u011fl\u0131k durumuyla ilgili Adli T\u0131p Kurumundan \u0130stanbul Cumhuriyet Ba\u015fsavc\u0131l\u0131\u011f\u0131na g\u00f6nderilen muayene sonucu yaz\u0131s\u0131nda, &#8221;Hastan\u0131n klinik muayene ve tetkik sonu\u00e7lar\u0131na g\u00f6re, verilerin hasta i\u00e7in \u00f6ng\u00f6r\u00fclen hayati risk ile tam olarak ba\u011fda\u015fmad\u0131\u011f\u0131 izlenimi elde edildi\u011fi&#8221; belirtildi.<\/p>\n<p style=\"text-align: justify;\">Adli T\u0131p Kurumu 3. \u0130htisas Kurulu taraf\u0131ndan \u0130stanbul Cumhuriyet Ba\u015fsavc\u0131l\u0131\u011f\u0131na g\u00f6nderilen yaz\u0131da, \u0130stanbul Cumhuriyet Ba\u015fsavc\u0131l\u0131\u011f\u0131n\u0131n 7 Ocak 2011 tarihli yaz\u0131s\u0131 ile g\u00f6nderilen Mehmet Haberal hakk\u0131ndaki evrak\u0131n incelendi\u011fi belirtildi.<\/p>\n<p style=\"text-align: justify;\">Haberal&#8217;in 26 Ocak 2011 tarihinde \u0130stanbul \u00dcniversitesi (\u0130\u00dc) Kardiyoloji Enstit\u00fcs\u00fcnde yap\u0131lan muayenesi ile Haberal hakk\u0131nda d\u00fczenlenen adli dosyadaki t\u0131bbi belgelerin de incelendi\u011fi kaydedilen yaz\u0131da, &#8221;Hastan\u0131n yap\u0131lan klinik muayenesi, biyokimyasal parametreleri, EKG, ekokardiyografi, eforlu EKG, holter EKG ve koroner anjiyografi sonu\u00e7lar\u0131 birlikte de\u011ferlendirildi\u011finde, bu verilerin hasta i\u00e7in \u00f6ng\u00f6r\u00fclen hayati risk ile tam olarak ba\u011fda\u015fmad\u0131\u011f\u0131 izlenimi elde edilmi\u015ftir&#8221; denildi.<\/p>\n<p style=\"text-align: justify;\">Yaz\u0131da ayr\u0131ca, Haberal&#8217;\u0131n tetkiklerinin h\u0131zl\u0131 bir \u015fekilde g\u00fcncellenebilece\u011fi hat\u0131rlat\u0131larak, Haberal&#8217;in ba\u015fka bir kardiyoloji merkezine sevk edilerek yat\u0131r\u0131lmas\u0131n\u0131n sa\u011flanmas\u0131 ve orada ayn\u0131 klinik incelemelerin yeniden yapt\u0131r\u0131larak sonu\u00e7lar\u0131n\u0131n Adli T\u0131p Kurumuna g\u00f6nderilmesi talep edildi.<\/p>\n<p style=\"text-align: justify;\">Yaz\u0131da, &#8221;Haberal&#8217;in yeniden Adli T\u0131p Kurumunda muayenesine gerek g\u00f6r\u00fclmedi\u011fini bilgilerinize arz ederim&#8221; ifadesi de kullan\u0131ld\u0131. Adli T\u0131p Kurumu 3. \u0130htisas Kurulu Ba\u015fkan Vekili Operat\u00f6r Doktor M. O. Akt\u00fcrk, uzman doktor Y\u00fcksel Ayd\u0131n Yaz\u0131c\u0131 ve Dr. O. Karakaya&#8217;n\u0131n imzalar\u0131n\u0131n yer ald\u0131\u011f\u0131 yaz\u0131n\u0131n, yarg\u0131lamay\u0131 ger\u00e7ekle\u015ftiren \u0130stanbul 13. A\u011f\u0131r Ceza Mahkemesine ula\u015ft\u0131r\u0131ld\u0131\u011f\u0131 kaydedildi.<\/p>\n<p style=\"text-align: justify;\"><strong>ADL\u0130 TIP YAZISINA \u0130T\u0130RAZ<\/strong><\/p>\n<p style=\"text-align: justify;\">Bu arada, Be\u015fikta\u015f&#8217;taki \u0130stanbul Adliyesine gelen Haberal&#8217;in avukat\u0131 Dilek Helvac\u0131, \u0130stanbul 13. A\u011f\u0131r Ceza Mahkemesine bir dilek\u00e7e sunarak, Adli T\u0131p Kurumu yaz\u0131s\u0131na itiraz etti. Helvac\u0131&#8217;n\u0131n, yaz\u0131da 2 doktorun imzas\u0131n\u0131n bulundu\u011fu, heyet ba\u015fkan vekilinin raporu sadece onaylamak i\u00e7in imzalad\u0131\u011f\u0131 ve heyet olu\u015fmad\u0131\u011f\u0131 gerek\u00e7esiyle yaz\u0131ya y\u00f6nelik itirazda bulundu\u011fu kaydedildi.<\/p>\n<p style=\"text-align: justify;\">\u0130kinci &#8221;Ergenekon&#8221; davas\u0131na bakan \u0130stanbul 13. A\u011f\u0131r Ceza Mahkemesi, 12 Kas\u0131m 2010 tarihinde g\u00f6r\u00fclen duru\u015fmada, Haberal&#8217;\u0131n nihai sa\u011fl\u0131k durumuyla ilgili rapor ald\u0131r\u0131lmas\u0131 i\u00e7in Adli T\u0131p Kurumuna sevk edilmesini kararla\u015ft\u0131rarak, bu san\u0131k hakk\u0131ndaki t\u00fcm sa\u011fl\u0131k raporlar\u0131n\u0131n da bu kuruma g\u00f6nderilmesine karar vermi\u015fti.<\/p>\n<p style=\"text-align: justify;\">Mahkeme, daha sonra Haberal&#8217;\u0131n tedavisini yapan doktor taraf\u0131ndan d\u00fczenlenen &#8221;Potansiyel ani \u00f6l\u00fcm riskiyle hareket ettirilmesinin t\u0131bben m\u00fcmk\u00fcn olmad\u0131\u011f\u0131na&#8221; ili\u015fkin raporu de\u011ferlendirerek, Haberal&#8217;\u0131n Adli T\u0131p Kurumunca g\u00f6revlendirilecek uzmanlar taraf\u0131ndan tedavi g\u00f6rd\u00fc\u011f\u00fc hastanede kontrol edilerek, rapor d\u00fczenlenmesine h\u00fckmetmi\u015fti.<\/p>\n<p style=\"text-align: justify;\">Adli T\u0131p Kurumundan bir heyet, Prof. Dr. Mehmet Haberal&#8217;\u0131n sa\u011fl\u0131k durumuna ili\u015fkin \u0130stanbul 13. A\u011f\u0131r Ceza Mahkemesince istenilen incelemeyi yapmak \u00fczere 26 Ocak 2011 tarihinde \u0130stanbul \u00dcniversitesi Kardiyoloji Enstit\u00fcs\u00fcne giderek Haberal&#8217;\u0131 burada muayene etmi\u015fti.<\/p>\n<p style=\"text-align: justify;\"><strong>HABERAL BA\u015eKA HASTANEYE SEVK ED\u0130LD\u0130<\/strong><\/p>\n<p style=\"text-align: justify;\">Haberal, Mehmet Akif Ersoy G\u00f6\u011f\u00fcs Kalp ve Damar Cerrahisi E\u011fitim ve Ara\u015ft\u0131rma Hastanesine nakledildi.<\/p>\n<p style=\"text-align: justify;\">Al\u0131nan bilgiye g\u00f6re, Prof. Dr. Haberal, bir s\u00fcredir tedavisinin s\u00fcrd\u00fc\u011f\u00fc \u0130stanbul \u00dcniversitesi (\u0130\u00dc) Kardiyoloji Enstit\u00fcs\u00fcnden, Mehmet Akif Ersoy G\u00f6\u011f\u00fcs Kalp ve Damar Cerrahisi E\u011fitim ve Ara\u015ft\u0131rma Hastanesine sevk edildi.<\/p>\n<p style=\"text-align: justify;\"><a href=\"http:\/\/www.gazeteport.com.tr\/GUNCEL\/NEWS\/GP_851694\" target=\"_blank\"><span style=\"color: #888888;\">Kaynak :\u00a0 GAZETEPORT<\/span><\/a><\/p>\n","protected":false},"excerpt":{"rendered":"<p style=\"text-align: center;\">\n<p style=\"text-align: justify;\">&#8221;Ergenekon&#8221; davas\u0131 kapsam\u0131nda tutuklu bulunan eski Ba\u015fkent \u00dcniversitesi Rekt\u00f6r\u00fc Prof. Dr. Mehmet Haberal&#8217;\u0131n mahkemeye g\u00f6nderilmeyen sa\u011fl\u0131k raporuna ili\u015fkin, 4 ki\u015fi g\u00f6zalt\u0131na al\u0131nd\u0131.<\/p>\n<p style=\"text-align: justify;\">Haberal&#8217;in sa\u011fl\u0131k durumuyla ilgili Adli T\u0131p Kurumu&#8217;ndan savc\u0131l\u0131\u011fa g\u00f6nderilen muayene sonucu yaz\u0131s\u0131nda, &#8221;Hastan\u0131n klinik muayene ve tetkik sonu\u00e7lar\u0131na g\u00f6re, verilerin hasta i\u00e7in \u00f6ng\u00f6r\u00fclen hayati risk ile <\/p>\n","protected":false},"author":1,"featured_media":0,"comment_status":"open","ping_status":"closed","sticky":false,"template":"","format":"standard","meta":{"footnotes":""},"categories":[105],"tags":[],"class_list":["post-28153","post","type-post","status-publish","format-standard","hentry","category-gundem","odd"],"_links":{"self":[{"href":"http:\/\/www.korhanyilmaz.com\/index.php?rest_route=\/wp\/v2\/posts\/28153","targetHints":{"allow":["GET"]}}],"collection":[{"href":"http:\/\/www.korhanyilmaz.com\/index.php?rest_route=\/wp\/v2\/posts"}],"about":[{"href":"http:\/\/www.korhanyilmaz.com\/index.php?rest_route=\/wp\/v2\/types\/post"}],"author":[{"embeddable":true,"href":"http:\/\/www.korhanyilmaz.com\/index.php?rest_route=\/wp\/v2\/users\/1"}],"replies":[{"embeddable":true,"href":"http:\/\/www.korhanyilmaz.com\/index.php?rest_route=%2Fwp%2Fv2%2Fcomments&post=28153"}],"version-history":[{"count":0,"href":"http:\/\/www.korhanyilmaz.com\/index.php?rest_route=\/wp\/v2\/posts\/28153\/revisions"}],"wp:attachment":[{"href":"http:\/\/www.korhanyilmaz.com\/index.php?rest_route=%2Fwp%2Fv2%2Fmedia&parent=28153"}],"wp:term":[{"taxonomy":"category","embeddable":true,"href":"http:\/\/www.korhanyilmaz.com\/index.php?rest_route=%2Fwp%2Fv2%2Fcategories&post=28153"},{"taxonomy":"post_tag","embeddable":true,"href":"http:\/\/www.korhanyilmaz.com\/index.php?rest_route=%2Fwp%2Fv2%2Ftags&post=28153"}],"curies":[{"name":"wp","href":"https:\/\/api.w.org\/{rel}","templated":true}]}}