{"id":28145,"date":"2011-02-11T08:30:57","date_gmt":"2011-02-11T06:30:57","guid":{"rendered":"http:\/\/www.korhanyilmaz.com\/?p=28145"},"modified":"2011-02-11T08:30:57","modified_gmt":"2011-02-11T06:30:57","slug":"kayinbirader-ortaligi-karistirdi","status":"publish","type":"post","link":"http:\/\/www.korhanyilmaz.com\/?p=28145","title":{"rendered":"Kay\u0131nbirader ortal\u0131\u011f\u0131 kar\u0131\u015ft\u0131rd\u0131"},"content":{"rendered":"<p style=\"text-align: center;\"><a href=\"http:\/\/www.korhanyilmaz.com\/wp-content\/uploads\/2011\/02\/286.jpg\"  class=\"lightview\"><img loading=\"lazy\" decoding=\"async\" class=\"aligncenter size-full wp-image-28146\" src=\"http:\/\/www.korhanyilmaz.com\/wp-content\/uploads\/2011\/02\/286.jpg\" alt=\"\" width=\"329\" height=\"244\" \/><\/a><\/p>\n<p style=\"text-align: justify;\">AKP Genel Ba\u015fkan Yard\u0131mc\u0131s\u0131 Haluk \u0130pek\u2019in kay\u0131nbiraderi olan Rekt\u00f6r, \u2018\u2019Akademik personel\u2019\u2019 ilan\u0131 verdi.  \u2018\u2019Adrese teslim\u2019\u2019 diye nitelenen ilan \u00fczerine, Tabip Odas\u0131, \u2018\u2019Al\u0131naca\u011f\u0131 \u00f6ne s\u00fcr\u00fclen isimler\u2019\u2019 i\u00e7in noter belgesi d\u00fczenletti.<\/p>\n<p style=\"text-align: justify;\">ANKARA- Ankara\u2019da yeni kurulan Y\u0131ld\u0131r\u0131m Beyaz\u0131t \u00dcniversitesi&#8217;nde \u2018\u2019Akademik personel krizi\u2019\u2019 \u00e7\u0131kt\u0131. AKP Genel Ba\u015fkan Yard\u0131mc\u0131s\u0131 Haluk \u0130pek\u2019in kay\u0131nbiraderi olan ve 3 ay \u00f6nce profes\u00f6rl\u00fc\u011fe y\u00fckselip, Rekt\u00f6r olarak atanan Metin Do\u011fan\u2019\u0131n ba\u015f\u0131ndaki \u00fcniversitenin ilan\u0131 &#8220;Adrese teslim\u2019\u2019 olarak nitelendi. <!--more--><\/p>\n<p style=\"text-align: justify;\">Ankara Tabip Odas\u0131, \u00dcniversiteye al\u0131nacak profes\u00f6r ve do\u00e7entlerin \u00f6nceden belirlendi\u011fini savunarak, noterden belge d\u00fczenletti.  ATO, al\u0131m sonras\u0131 noter belgesini a\u00e7\u0131klamak \u00fczere kasaya kilitledi. ATO Ba\u015fkan\u0131 Bayaz\u0131t \u0130lhan, \u201cBa\u015fvuru s\u00fcresinin dolmas\u0131ndan 3 g\u00fcn \u00f6nce tespit etti\u011fimiz isimleri, noter onay\u0131yla belgeledik\u201d dedi.<\/p>\n<p style=\"text-align: justify;\"><strong>KABIZLIK DO\u00c7ENT\u0130<\/strong><\/p>\n<p style=\"text-align: justify;\">\u0130landa al\u0131nacak akademik personel i\u00e7in \u00e7ok ayr\u0131nt\u0131l\u0131 kadro tariflerinde bulunuldu.  Ankara Tabip Odas\u0131, &#8220;Devlet olanaklar\u0131yla tarikat \u00fcniversitesi kuruluyor\u201d a\u00e7\u0131klamas\u0131 yapt\u0131. Atanacak isimlerin \u00f6nceden belli oldu\u011funu savunarak bu isimleri notere onaylatt\u0131.<\/p>\n<p style=\"text-align: justify;\">26 Ocak 2011\u2019de verilen  ilanda, enfeksiyon hastal\u0131klar\u0131nda 10, \u00e7ocuk hastal\u0131klar\u0131nda 8, n\u00f6rolojide 5 y\u0131ll\u0131k profes\u00f6rl\u00fck \u015fart\u0131 arand\u0131. Gastroenteroloji i\u00e7in \u2018\u2019Do\u00e7ent ve bir \u00fcniversitede en az 5 y\u0131l kadrolu \u00e7al\u0131\u015fma\u201d \u015fart\u0131 konuldu. Genel cerrahiye al\u0131nacak do\u00e7entin \u2018\u2019Kab\u0131zl\u0131k cerrahisi uzman\u0131\u2019\u2019 olmas\u0131 istendi. N\u00f6roloji i\u00e7in de \u2018\u2019EMG sertifikas\u0131 ve ektrofizyolojik \u00e7al\u0131\u015fma\u201d \u015fart\u0131 konuldu. Fiziksel T\u0131p i\u00e7in i\u015fe, Fibromiyalji konusunda \u00e7ok y\u00f6nl\u00fc \u00e7al\u0131\u015fma arand\u0131.<\/p>\n<p style=\"text-align: justify;\">AK Parti Genel Ba\u015fkan Yard\u0131mc\u0131s\u0131 Haluk \u0130pek&#8217;in e\u015finin karde\u015fi olan Prof. Metin Do\u011fan, Van Y\u00fcz\u00fcnc\u00fc Y\u0131l \u00dcniversite Hastanesi&#8217;nde uzman doktorken, Ankara Trafik Hastanesi&#8217;ne atand\u0131 ve Do\u00e7ent oldu. Ard\u0131ndan \u00f6nce Ke\u00e7i\u00f6ren E\u011fitim Hastanesine sonra da Atat\u00fcrk Hastanesine ba\u015fhekim oldu. Ankara&#8217;da ba\u015fhekimken Sakarya \u00dcniversitesi&#8217;nden profes\u00f6rl\u00fck unvan\u0131 ald\u0131. 2010 Ekim ay\u0131nda Profes\u00f6r olan Do\u011fan, Aral\u0131k 2010\u2019da da Cumhurba\u015fkan\u0131 taraf\u0131ndan Y\u0131ld\u0131r\u0131m Beyaz\u0131t \u00dcniversitesine rekt\u00f6r se\u00e7ildi.<\/p>\n<p style=\"text-align: justify;\"><a href=\"http:\/\/www.gazeteport.com.tr\/SIYASET\/NEWS\/GP_851312\" target=\"_blank\"><span style=\"color: #888888;\">Kaynak : GAZETEPORT<\/span><\/a><\/p>\n","protected":false},"excerpt":{"rendered":"<p style=\"text-align: center;\">\n<p style=\"text-align: justify;\">AKP Genel Ba\u015fkan Yard\u0131mc\u0131s\u0131 Haluk \u0130pek\u2019in kay\u0131nbiraderi olan Rekt\u00f6r, \u2018\u2019Akademik personel\u2019\u2019 ilan\u0131 verdi. \u2018\u2019Adrese teslim\u2019\u2019 diye nitelenen ilan \u00fczerine, Tabip Odas\u0131, \u2018\u2019Al\u0131naca\u011f\u0131 \u00f6ne s\u00fcr\u00fclen isimler\u2019\u2019 i\u00e7in noter belgesi d\u00fczenletti.<\/p>\n<p style=\"text-align: justify;\">ANKARA- Ankara\u2019da yeni kurulan Y\u0131ld\u0131r\u0131m Beyaz\u0131t \u00dcniversitesi&#8217;nde \u2018\u2019Akademik personel krizi\u2019\u2019 \u00e7\u0131kt\u0131. AKP Genel Ba\u015fkan Yard\u0131mc\u0131s\u0131 Haluk \u0130pek\u2019in kay\u0131nbiraderi olan <\/p>\n","protected":false},"author":1,"featured_media":0,"comment_status":"open","ping_status":"closed","sticky":false,"template":"","format":"standard","meta":{"footnotes":""},"categories":[105],"tags":[],"class_list":["post-28145","post","type-post","status-publish","format-standard","hentry","category-gundem","odd"],"_links":{"self":[{"href":"http:\/\/www.korhanyilmaz.com\/index.php?rest_route=\/wp\/v2\/posts\/28145","targetHints":{"allow":["GET"]}}],"collection":[{"href":"http:\/\/www.korhanyilmaz.com\/index.php?rest_route=\/wp\/v2\/posts"}],"about":[{"href":"http:\/\/www.korhanyilmaz.com\/index.php?rest_route=\/wp\/v2\/types\/post"}],"author":[{"embeddable":true,"href":"http:\/\/www.korhanyilmaz.com\/index.php?rest_route=\/wp\/v2\/users\/1"}],"replies":[{"embeddable":true,"href":"http:\/\/www.korhanyilmaz.com\/index.php?rest_route=%2Fwp%2Fv2%2Fcomments&post=28145"}],"version-history":[{"count":0,"href":"http:\/\/www.korhanyilmaz.com\/index.php?rest_route=\/wp\/v2\/posts\/28145\/revisions"}],"wp:attachment":[{"href":"http:\/\/www.korhanyilmaz.com\/index.php?rest_route=%2Fwp%2Fv2%2Fmedia&parent=28145"}],"wp:term":[{"taxonomy":"category","embeddable":true,"href":"http:\/\/www.korhanyilmaz.com\/index.php?rest_route=%2Fwp%2Fv2%2Fcategories&post=28145"},{"taxonomy":"post_tag","embeddable":true,"href":"http:\/\/www.korhanyilmaz.com\/index.php?rest_route=%2Fwp%2Fv2%2Ftags&post=28145"}],"curies":[{"name":"wp","href":"https:\/\/api.w.org\/{rel}","templated":true}]}}