{"id":28136,"date":"2011-02-11T09:57:23","date_gmt":"2011-02-11T07:57:23","guid":{"rendered":"http:\/\/www.korhanyilmaz.com\/?p=28136"},"modified":"2011-02-11T09:57:23","modified_gmt":"2011-02-11T07:57:23","slug":"fransiz-sokagindan-arkadasinin-kucaginda-cikmis","status":"publish","type":"post","link":"http:\/\/www.korhanyilmaz.com\/?p=28136","title":{"rendered":"Frans\u0131z Soka\u011f\u0131&#8217;ndan arkada\u015f\u0131n\u0131n yard\u0131m\u0131yla \u00e7\u0131km\u0131\u015f"},"content":{"rendered":"<p style=\"text-align: center;\"><a href=\"http:\/\/www.korhanyilmaz.com\/wp-content\/uploads\/2011\/02\/283.jpg\"  class=\"lightview\"><img loading=\"lazy\" decoding=\"async\" class=\"aligncenter size-full wp-image-28137\" src=\"http:\/\/www.korhanyilmaz.com\/wp-content\/uploads\/2011\/02\/283.jpg\" alt=\"\" width=\"413\" height=\"221\" \/><\/a><\/p>\n<p style=\"text-align: justify;\">Sunucu ve oyuncu Defne Joy Foster&#8217;in ani \u00f6l\u00fcm\u00fc t\u00fcm y\u00f6nleriyle tart\u0131\u015f\u0131l\u0131rken, g\u00fcvenlik kameras\u0131 g\u00f6r\u00fcnt\u00fcleri, bilinmeyen detaylar\u0131 ortaya \u00e7\u0131kard\u0131.G\u00f6r\u00fcnt\u00fcler gerek televizyonlarda, gerekse internet sitelerindeki bilgi kirlili\u011fine yan\u0131t verir niteli\u011finde&#8230;<!--more--><\/p>\n<p style=\"text-align: justify;\">\u0130STANBUL &#8211; Beyo\u011flu&#8217;ndaki &#8220;Eelence&#8221; adl\u0131 bara gitmeden \u00f6nce aralar\u0131nda Tolga Karel&#8217;in de oldu\u011fu bir grup arkada\u015f\u0131yla Frans\u0131z Soka\u011f\u0131&#8217;ndaki ChezBore adl\u0131 mekanda e\u011flenen Foster, 01.24&#8217;te buradan ayr\u0131l\u0131yor. Foster, mekan\u0131n kap\u0131s\u0131ndan modac\u0131 Yusuf Kay\u0131&#8217;n\u0131n kuca\u011f\u0131nda \u00e7\u0131k\u0131yor. G\u00f6r\u00fcnt\u00fclerde, Defne Joy&#8217;un 5 arkada\u015f\u0131yla birlikte \u00e7\u0131kt\u0131\u011f\u0131 ChezBore&#8217;a, birka\u00e7 dakika sonra, ko\u015farak ve heyecanl\u0131 bir \u015fekilde geri d\u00f6n\u00fcyor. \u0130kinci kez Chezbore&#8217;den \u00e7\u0131kt\u0131klar\u0131nda ise Defne Joy ve 5 arkada\u015f\u0131n\u0131n yan\u0131nda oyuncu Tolga Karel&#8217;in de oldu\u011fu g\u00f6r\u00fcl\u00fcyor. Foster, arkada\u015f\u0131 Karel&#8217;in koluna girerek Frans\u0131z Soka\u011f\u0131&#8217;ndan yine arkada\u015flar\u0131yla birlikte ayr\u0131l\u0131yor.<\/p>\n<p style=\"text-align: justify;\"><strong>&#8220;\u00c7ok i\u00e7tik, hepimiz sarho\u015ftuk&#8221;<\/strong><\/p>\n<p style=\"text-align: justify;\"><a href=\"http:\/\/www.korhanyilmaz.com\/wp-content\/uploads\/2011\/02\/284.jpg\"  class=\"lightview\"><img loading=\"lazy\" decoding=\"async\" class=\"alignleft size-full wp-image-28138\" style=\"margin-left: 10px; margin-right: 10px;\" src=\"http:\/\/www.korhanyilmaz.com\/wp-content\/uploads\/2011\/02\/284.jpg\" alt=\"\" width=\"230\" height=\"344\" \/><\/a>Defne&#8217;yi bardan kuca\u011f\u0131nda d\u0131\u015far\u0131ya \u00e7\u0131karan modac\u0131 Yusuf Kay\u0131, o gece ya\u015fananlar\u0131 anlatt\u0131. Yok B\u00f6yle Bir Dans Yar\u0131\u015fmas\u0131&#8217;n\u0131n kost\u00fcmlerini haz\u0131rlayan modac\u0131 Yusuf Kay\u0131, Defne Joy Foster&#8217;\u0131 \u00f6l\u00fcm\u00fcn\u00fcn \u00f6nce g\u00f6renlerden biri. Kay\u0131, o gece ya\u015fananlar\u0131 Habert\u00fcrk&#8217;e \u015f\u00f6yle anlatt\u0131: &#8220;Defneyle bu programda tan\u0131\u015ft\u0131k ve \u00e7ok iyi arkada\u015f olduk. O gece \u00f6nce Frans\u0131z Soka\u011f\u0131&#8217;ndaki bir mekandayd\u0131k. \u00c7ok i\u00e7tik. Hepimiz sarho\u015f olduk. Sonra oradan \u00e7\u0131kt\u0131k. \u00c7\u0131karken \u015fakala\u015f\u0131yorduk. Defneyi kuca\u011f\u0131ma al\u0131p \u00e7\u0131kard\u0131m. Sonra Defne &#8216;Aaa \u00e7antam\u0131 unuttum&#8217; deyince ko\u015farak mekana geri d\u00f6nd\u00fck ve \u00e7antas\u0131n\u0131 ald\u0131k. O esnada Tolga da birileriyle sohbet ediyordu. O da geldi ve hep birlikte \u00d6zg\u00fcr Aras&#8217;\u0131n bar\u0131na gittik. Orada da \u00e7ok i\u00e7tik. Defne&#8217;de herhangi bir rahats\u0131zl\u0131k yoktu. Her \u015fey gayet iyiydi. Sonra k\u0131z arkada\u015f\u0131m ertesi g\u00fcn i\u015fi oldu\u011fu i\u00e7in erken uyumas\u0131 gerekti\u011fini s\u00f6yledi, saat 3 gibi biz onunla mekandan ayr\u0131ld\u0131k. Barda Kerem Altan ile tan\u0131\u015ft\u0131klar\u0131n\u0131n fark\u0131nda de\u011filim, hat\u0131rlam\u0131yorum. Sonra onunla \u00e7\u0131km\u0131\u015flar. Sabah \u00f6ld\u00fc\u011f\u00fcn\u00fc \u00f6\u011frendik. \u00c7ok \u00e7ok \u00fczg\u00fcn\u00fcz. Ona yan\u0131yoruz.&#8221;<\/p>\n<p style=\"text-align: justify;\"><strong>Rak\u0131 ve tekila i\u00e7ti, bitkin g\u00f6r\u00fcn\u00fcyordu<\/strong><\/p>\n<p style=\"text-align: justify;\">O gece mekanda bulunan bir arkada\u015f\u0131, Defne Joy&#8217;un yan\u0131nda g\u00f6r\u00fclen ki\u015fiyle gece boyunca dans etti\u011fini, rak\u0131 ve tekila i\u00e7ti\u011fini anlatt\u0131. Yan\u0131na gidip nas\u0131l oldu\u011funu sordu\u011funda ise konu\u015famad\u0131\u011f\u0131n\u0131 anlatan arkada\u015f\u0131, &#8220;O kadar bitkin g\u00f6r\u00fcn\u00fcyordu ki bana cevap bile veremedi. Yan\u0131nda arkada\u015flar\u0131 olmasa evine g\u00f6t\u00fcrmeyi teklif edecektim&#8221; dedi.<\/p>\n<p style=\"text-align: justify;\"><a href=\"http:\/\/www.gazeteport.com.tr\/GUNCEL\/NEWS\/GP_851555\" target=\"_blank\"><span style=\"color: #888888;\">Kaynak : GAZETEPORT<\/span><\/a><\/p>\n","protected":false},"excerpt":{"rendered":"<p style=\"text-align: center;\">\n<p style=\"text-align: justify;\">Sunucu ve oyuncu Defne Joy Foster&#8217;in ani \u00f6l\u00fcm\u00fc t\u00fcm y\u00f6nleriyle tart\u0131\u015f\u0131l\u0131rken, g\u00fcvenlik kameras\u0131 g\u00f6r\u00fcnt\u00fcleri, bilinmeyen detaylar\u0131 ortaya \u00e7\u0131kard\u0131.G\u00f6r\u00fcnt\u00fcler gerek televizyonlarda, gerekse internet sitelerindeki bilgi kirlili\u011fine yan\u0131t verir niteli\u011finde&#8230;<\/p>\n","protected":false},"author":1,"featured_media":0,"comment_status":"open","ping_status":"closed","sticky":false,"template":"","format":"standard","meta":{"footnotes":""},"categories":[105],"tags":[],"class_list":["post-28136","post","type-post","status-publish","format-standard","hentry","category-gundem","odd"],"_links":{"self":[{"href":"http:\/\/www.korhanyilmaz.com\/index.php?rest_route=\/wp\/v2\/posts\/28136","targetHints":{"allow":["GET"]}}],"collection":[{"href":"http:\/\/www.korhanyilmaz.com\/index.php?rest_route=\/wp\/v2\/posts"}],"about":[{"href":"http:\/\/www.korhanyilmaz.com\/index.php?rest_route=\/wp\/v2\/types\/post"}],"author":[{"embeddable":true,"href":"http:\/\/www.korhanyilmaz.com\/index.php?rest_route=\/wp\/v2\/users\/1"}],"replies":[{"embeddable":true,"href":"http:\/\/www.korhanyilmaz.com\/index.php?rest_route=%2Fwp%2Fv2%2Fcomments&post=28136"}],"version-history":[{"count":0,"href":"http:\/\/www.korhanyilmaz.com\/index.php?rest_route=\/wp\/v2\/posts\/28136\/revisions"}],"wp:attachment":[{"href":"http:\/\/www.korhanyilmaz.com\/index.php?rest_route=%2Fwp%2Fv2%2Fmedia&parent=28136"}],"wp:term":[{"taxonomy":"category","embeddable":true,"href":"http:\/\/www.korhanyilmaz.com\/index.php?rest_route=%2Fwp%2Fv2%2Fcategories&post=28136"},{"taxonomy":"post_tag","embeddable":true,"href":"http:\/\/www.korhanyilmaz.com\/index.php?rest_route=%2Fwp%2Fv2%2Ftags&post=28136"}],"curies":[{"name":"wp","href":"https:\/\/api.w.org\/{rel}","templated":true}]}}