{"id":28132,"date":"2011-02-11T08:58:09","date_gmt":"2011-02-11T06:58:09","guid":{"rendered":"http:\/\/www.korhanyilmaz.com\/?p=28132"},"modified":"2011-02-11T08:58:09","modified_gmt":"2011-02-11T06:58:09","slug":"cumhuriyet-kusagina-buruk-cenaze","status":"publish","type":"post","link":"http:\/\/www.korhanyilmaz.com\/?p=28132","title":{"rendered":"Cumhuriyet ku\u015fa\u011f\u0131na buruk cenaze"},"content":{"rendered":"<p style=\"text-align: center;\"><a href=\"http:\/\/www.korhanyilmaz.com\/wp-content\/uploads\/2011\/02\/282.jpg\"  class=\"lightview\"><img loading=\"lazy\" decoding=\"async\" class=\"aligncenter size-full wp-image-28133\" src=\"http:\/\/www.korhanyilmaz.com\/wp-content\/uploads\/2011\/02\/282.jpg\" alt=\"\" width=\"384\" height=\"255\" \/><\/a><\/p>\n<p style=\"text-align: justify;\">Kurtulu\u015f sava\u015f\u0131 komutan\u0131 ve ilk Ula\u015ft\u0131rma Bakan\u0131 Ali \u00c7etinkaya\u2019n\u0131n k\u0131z\u0131, sessizce u\u011furland\u0131. Osman Paks\u00fct&#8217;\u00fcn de annesi olan \u0130stiklal Paks\u00fct&#8217;\u00fcn cenazesine Anayasa Mahkemesi, TSK ve h\u00fck\u00fcmetten hi\u00e7 kimse kat\u0131lmad\u0131.<\/p>\n<p style=\"text-align: justify;\">Cumhuriyeti kuran kadrolar aras\u0131nda yer alan, Atat\u00fcrk\u2019\u00fcn silah arkada\u015f\u0131 ve ilk Ula\u015ft\u0131rma Bakan\u0131 Ali \u00c7etinkaya\u2019n\u0131n k\u0131z\u0131 \u0130stiklal Paks\u00fct, sessiz bir cenaze t\u00f6reni ile u\u011furland\u0131. Anayasa Mahkemesi Ba\u015fkanvekili Osman Paks\u00fct&#8217;\u00fcn de annesi olan \u0130stiklal Paks\u00fct&#8217;\u00fcn cenazesine Anayasa Mahkemesi, Silahl\u0131 Kuvvetler, h\u00fck\u00fcmet ve b\u00fcrokrasiden hi\u00e7 kimse kat\u0131lmad\u0131. <!--more--><\/p>\n<p style=\"text-align: justify;\">Kocatepe Camii&#8217;ndeki t\u00f6rende Osman Paks\u00fct, e\u015fi Ferda Paks\u00fct ve karde\u015fi G\u00fclbin Paks\u00fct, taziyeleri kabul etti. T\u00f6rene CHP Ankara Milletvekili Y\u0131lmaz Ate\u015f, \u0130smet \u0130n\u00f6n\u00fc&#8217;n\u00fcn k\u0131z\u0131 \u00d6zden Toker ile \u0130n\u00f6n\u00fc&#8217;n\u00fcn torunu CHP Genel Ba\u015fkan Yard\u0131mc\u0131s\u0131 G\u00fcls\u00fcn Bilgehan kat\u0131ld\u0131. 88 ya\u015f\u0131nda \u00f6len Paks\u00fct&#8217;\u00fcn cenazesi, Cebeci Asri Mezarl\u0131\u011f\u0131&#8217;nda topra\u011fa verildi.<\/p>\n<p style=\"text-align: justify;\"><strong>AL\u0130 \u00c7ET\u0130NKAYA K\u0130MD\u0130R?<\/strong><\/p>\n<p style=\"text-align: justify;\">\u00c7etinkaya, Kurtulu\u015f Sava\u015f\u0131 komutanlar\u0131ndand\u0131.. Bay\u0131nd\u0131rl\u0131k Bakanl\u0131\u011f\u0131 ve Ula\u015ft\u0131rma Bakanl\u0131\u011f\u0131 g\u00f6revlerinde bulunan \u00c7etinkaya, T\u00fcrkiye Cumhuriyeti\u2019nin ilk Ula\u015ft\u0131rma Bakan\u0131 oldu. Mondros M\u00fctarekesi\u2019nden sonra Ayval\u0131k\u2019taki 72. Alay Komutanl\u0131\u011f\u0131&#8217;na getirildi. 29 May\u0131s 1919\u2019da Ayval\u0131k\u2019\u0131 i\u015fgal eden Yunan ordusuna kar\u015f\u0131 ilk direni\u015fi ba\u015flatt\u0131 ve halk\u0131n da kat\u0131l\u0131m\u0131n\u0131 sa\u011flayarak, Ayval\u0131k Cephesini olu\u015fturdu. 1925&#8217;te \u015eeyh Sait ayaklanmas\u0131 s\u0131ras\u0131nda \u0130stiklal Mahkemesi Ba\u015fkan\u0131 olarak g\u00f6rev yapt\u0131. Ankara&#8217;daki resmi dairelerin \u00e7o\u011fu, \u00c7etinkaya&#8217;n\u0131n Bay\u0131nd\u0131rl\u0131k Bakanl\u0131\u011f\u0131 s\u0131ras\u0131nda yap\u0131ld\u0131.<\/p>\n<p style=\"text-align: justify;\"><a href=\"http:\/\/www.gazeteport.com.tr\/GUNCEL\/NEWS\/GP_851302\" target=\"_blank\"><span style=\"color: #888888;\">Kaynak : Yavuz Alatan &#8211; GAZETEPORT<\/span><\/a><\/p>\n","protected":false},"excerpt":{"rendered":"<p style=\"text-align: center;\">\n<p style=\"text-align: justify;\">Kurtulu\u015f sava\u015f\u0131 komutan\u0131 ve ilk Ula\u015ft\u0131rma Bakan\u0131 Ali \u00c7etinkaya\u2019n\u0131n k\u0131z\u0131, sessizce u\u011furland\u0131. Osman Paks\u00fct&#8217;\u00fcn de annesi olan \u0130stiklal Paks\u00fct&#8217;\u00fcn cenazesine Anayasa Mahkemesi, TSK ve h\u00fck\u00fcmetten hi\u00e7 kimse kat\u0131lmad\u0131.<\/p>\n<p style=\"text-align: justify;\">Cumhuriyeti kuran kadrolar aras\u0131nda yer alan, Atat\u00fcrk\u2019\u00fcn silah arkada\u015f\u0131 ve ilk Ula\u015ft\u0131rma Bakan\u0131 Ali \u00c7etinkaya\u2019n\u0131n k\u0131z\u0131 \u0130stiklal Paks\u00fct, sessiz bir <\/p>\n","protected":false},"author":1,"featured_media":0,"comment_status":"open","ping_status":"closed","sticky":false,"template":"","format":"standard","meta":{"footnotes":""},"categories":[105],"tags":[],"class_list":["post-28132","post","type-post","status-publish","format-standard","hentry","category-gundem","odd"],"_links":{"self":[{"href":"http:\/\/www.korhanyilmaz.com\/index.php?rest_route=\/wp\/v2\/posts\/28132","targetHints":{"allow":["GET"]}}],"collection":[{"href":"http:\/\/www.korhanyilmaz.com\/index.php?rest_route=\/wp\/v2\/posts"}],"about":[{"href":"http:\/\/www.korhanyilmaz.com\/index.php?rest_route=\/wp\/v2\/types\/post"}],"author":[{"embeddable":true,"href":"http:\/\/www.korhanyilmaz.com\/index.php?rest_route=\/wp\/v2\/users\/1"}],"replies":[{"embeddable":true,"href":"http:\/\/www.korhanyilmaz.com\/index.php?rest_route=%2Fwp%2Fv2%2Fcomments&post=28132"}],"version-history":[{"count":0,"href":"http:\/\/www.korhanyilmaz.com\/index.php?rest_route=\/wp\/v2\/posts\/28132\/revisions"}],"wp:attachment":[{"href":"http:\/\/www.korhanyilmaz.com\/index.php?rest_route=%2Fwp%2Fv2%2Fmedia&parent=28132"}],"wp:term":[{"taxonomy":"category","embeddable":true,"href":"http:\/\/www.korhanyilmaz.com\/index.php?rest_route=%2Fwp%2Fv2%2Fcategories&post=28132"},{"taxonomy":"post_tag","embeddable":true,"href":"http:\/\/www.korhanyilmaz.com\/index.php?rest_route=%2Fwp%2Fv2%2Ftags&post=28132"}],"curies":[{"name":"wp","href":"https:\/\/api.w.org\/{rel}","templated":true}]}}