{"id":28121,"date":"2011-02-11T07:26:23","date_gmt":"2011-02-11T05:26:23","guid":{"rendered":"http:\/\/www.korhanyilmaz.com\/?p=28121"},"modified":"2011-02-11T07:26:23","modified_gmt":"2011-02-11T05:26:23","slug":"yok-baskente-el-koya-yanit-bile-yollamis","status":"publish","type":"post","link":"http:\/\/www.korhanyilmaz.com\/?p=28121","title":{"rendered":"Y\u00d6K &#8216;Ba\u015fkent&#8217;e el koy&#8217;a yan\u0131t bile yollam\u0131\u015f"},"content":{"rendered":"<p style=\"text-align: center;\"><a href=\"http:\/\/www.korhanyilmaz.com\/wp-content\/uploads\/2011\/02\/278.jpg\"  class=\"lightview\"><img loading=\"lazy\" decoding=\"async\" class=\"aligncenter size-full wp-image-28122\" src=\"http:\/\/www.korhanyilmaz.com\/wp-content\/uploads\/2011\/02\/278.jpg\" alt=\"\" width=\"320\" height=\"227\" \/><\/a><\/p>\n<p style=\"text-align: justify;\">\u00d6zcan, &#8216;Ba\u015fkent&#8217;e el koyun&#8217; haberi i\u00e7in &#8216;Bize ula\u015fan bir yaz\u0131 yok&#8217; dedi ama kendi imzas\u0131n\u0131 ta\u015f\u0131yan belge var.<\/p>\n<p style=\"text-align: justify;\">\u00d6nceki g\u00fcn Radikal\u2019in \u201cHaberal\u2019\u0131n Ba\u015fkent\u2019e el koyun talebi\u201d haberini \u201cBa\u015fkent \u00dcniversitesi ile ilgili bize ula\u015fan herhangi bir yaz\u0131, bilgi ve belge yok\u201d diyerek yalanlayan Y\u00fcksek\u00f6\u011fretim Kurulu\u2019nu (Y\u00d6K), kendi yazd\u0131\u011f\u0131 yaz\u0131 zor durumda b\u0131rakacak. <!--more--><\/p>\n<p style=\"text-align: justify;\">05 Kas\u0131m 2010 tarihli \u2018gizli\u2019 ibareli yaz\u0131, bizzat Prof. Dr. Yusuf Ziya \u00d6zcan\u2019\u0131n imzas\u0131n\u0131 ta\u015f\u0131yor. \u0130stanbul Cumhuriyet Ba\u015fsavc\u0131l\u0131\u011f\u0131\u2019n\u0131n 23.12.2009 tarih ve 827 say\u0131 numaral\u0131 yaz\u0131s\u0131na cevaben yaz\u0131lan belgede, Prof. Mehmet Haberal ile ilgili raporun incelendi\u011fi ve Y\u00fcksek\u00f6\u011fretim Denetleme Kurulu\u2019na g\u00f6nderildi\u011fi belirtiliyor. Ayn\u0131 yaz\u0131da konuya ili\u015fkin incelemenin h\u0131zland\u0131r\u0131lmas\u0131 i\u00e7in de Y\u00fcksek\u00f6\u011fretim Denetleme Kurulu\u2019na uyar\u0131da bulunuldu\u011fu ve raporun en k\u0131sa zamanda savc\u0131l\u0131\u011fa g\u00f6nderilece\u011fi belirtiliyor.<\/p>\n<p style=\"text-align: justify;\"><strong>Y\u00d6K\u2019e iki yaz\u0131 yaz\u0131ld\u0131<\/strong><\/p>\n<p style=\"text-align: justify;\">\u0130stanbul Ba\u015fsavc\u0131l\u0131\u011f\u0131, Bankac\u0131l\u0131k D\u00fczenleme ve Denetleme Kurulu (BDDK) raporuna dayanarak Ba\u015fkent \u00dcniversitesi\u2019nden Haberal\u2019\u0131n \u015firketlerine kanunsuz para aktar\u0131yla ilgili gere\u011fini yapmas\u0131 i\u00e7in Y\u00d6K\u2019e iki yazm\u0131\u015ft\u0131. \u0130lk yaz\u0131 23.12.2009 tarihini ta\u015f\u0131yordu. Bu yaz\u0131ya cevap almayan savc\u0131l\u0131k Y\u00d6K\u2019e 15.10.2010 tarihinde ikinci bir yaz\u0131 yazm\u0131\u015ft\u0131.<\/p>\n<p style=\"text-align: justify;\">Savc\u0131l\u0131\u011f\u0131n raporunda Ba\u015fkent \u00dcniversitesi kaynaklar\u0131n\u0131n kanunlara ayk\u0131r\u0131 olarak kullan\u0131ld\u0131\u011f\u0131 savunuluyor ve Y\u00d6K\u2019ten \u00fcniversite ile ilgili yap\u0131lan tespitlerin Vak\u0131f Y\u00fcksek\u00f6\u011fretim Kurumlar\u0131 Y\u00f6netmeli\u011fi \u00e7er\u00e7evesinde de\u011ferlendirilmesi isteniyor.<\/p>\n<p style=\"text-align: justify;\"><strong>Erdo\u011fan\u2019a anlatt\u0131<\/strong><\/p>\n<p style=\"text-align: justify;\">Y\u00d6K Ba\u015fkan\u0131 Yusuf Ziya \u00d6zcan d\u00fcn Ba\u015fbakan Recep Tayyip Erdo\u011fan\u2019a, Ba\u015fkent \u00dcniversitesi\u2019nin Gazi \u00dcniversitesi\u2019ne devredilece\u011fini ili\u015fkin haberler konusunda bilgi verdi. Erdo\u011fan\u2019\u0131n, at\u0131lacak ad\u0131mlar\u0131n yasalara uygun olmas\u0131, titiz davran\u0131lmas\u0131 i\u00e7in \u00f6zel talimat verdi\u011fi belirtildi. G\u00f6r\u00fc\u015fmede Y\u00d6K Yasa Tasar\u0131s\u0131\u2019n\u0131n da g\u00fcndeme geldi\u011fi kaydedildi.<\/p>\n<p style=\"text-align: justify;\"><a href=\"http:\/\/www.radikal.com.tr\/Radikal.aspx?aType=RadikalDetayV3&amp;ArticleID=1039645&amp;Date=11.02.2011&amp;CategoryID=77\" target=\"_blank\"><span style=\"color: #888888;\">Kaynak : Abdullah K\u0131l\u0131\u00e7 &#8211; Radikal<\/span><\/a><\/p>\n","protected":false},"excerpt":{"rendered":"<p style=\"text-align: center;\">\n<p style=\"text-align: justify;\">\u00d6zcan, &#8216;Ba\u015fkent&#8217;e el koyun&#8217; haberi i\u00e7in &#8216;Bize ula\u015fan bir yaz\u0131 yok&#8217; dedi ama kendi imzas\u0131n\u0131 ta\u015f\u0131yan belge var.<\/p>\n<p style=\"text-align: justify;\">\u00d6nceki g\u00fcn Radikal\u2019in \u201cHaberal\u2019\u0131n Ba\u015fkent\u2019e el koyun talebi\u201d haberini \u201cBa\u015fkent \u00dcniversitesi ile ilgili bize ula\u015fan herhangi bir yaz\u0131, bilgi ve belge yok\u201d diyerek yalanlayan Y\u00fcksek\u00f6\u011fretim Kurulu\u2019nu (Y\u00d6K), kendi yazd\u0131\u011f\u0131 yaz\u0131 <\/p>\n","protected":false},"author":1,"featured_media":0,"comment_status":"open","ping_status":"closed","sticky":false,"template":"","format":"standard","meta":{"footnotes":""},"categories":[105],"tags":[],"class_list":["post-28121","post","type-post","status-publish","format-standard","hentry","category-gundem","odd"],"_links":{"self":[{"href":"http:\/\/www.korhanyilmaz.com\/index.php?rest_route=\/wp\/v2\/posts\/28121","targetHints":{"allow":["GET"]}}],"collection":[{"href":"http:\/\/www.korhanyilmaz.com\/index.php?rest_route=\/wp\/v2\/posts"}],"about":[{"href":"http:\/\/www.korhanyilmaz.com\/index.php?rest_route=\/wp\/v2\/types\/post"}],"author":[{"embeddable":true,"href":"http:\/\/www.korhanyilmaz.com\/index.php?rest_route=\/wp\/v2\/users\/1"}],"replies":[{"embeddable":true,"href":"http:\/\/www.korhanyilmaz.com\/index.php?rest_route=%2Fwp%2Fv2%2Fcomments&post=28121"}],"version-history":[{"count":0,"href":"http:\/\/www.korhanyilmaz.com\/index.php?rest_route=\/wp\/v2\/posts\/28121\/revisions"}],"wp:attachment":[{"href":"http:\/\/www.korhanyilmaz.com\/index.php?rest_route=%2Fwp%2Fv2%2Fmedia&parent=28121"}],"wp:term":[{"taxonomy":"category","embeddable":true,"href":"http:\/\/www.korhanyilmaz.com\/index.php?rest_route=%2Fwp%2Fv2%2Fcategories&post=28121"},{"taxonomy":"post_tag","embeddable":true,"href":"http:\/\/www.korhanyilmaz.com\/index.php?rest_route=%2Fwp%2Fv2%2Ftags&post=28121"}],"curies":[{"name":"wp","href":"https:\/\/api.w.org\/{rel}","templated":true}]}}