{"id":28104,"date":"2011-02-10T18:25:29","date_gmt":"2011-02-10T16:25:29","guid":{"rendered":"http:\/\/www.korhanyilmaz.com\/?p=28104"},"modified":"2011-02-10T18:25:29","modified_gmt":"2011-02-10T16:25:29","slug":"meclis%e2%80%99te-%e2%80%98sayin-ocalan%e2%80%99-yumruklasmasi","status":"publish","type":"post","link":"http:\/\/www.korhanyilmaz.com\/?p=28104","title":{"rendered":"Meclis\u2019te \u2018say\u0131n \u00d6calan\u2019 yumrukla\u015fmas\u0131"},"content":{"rendered":"<p style=\"text-align: center;\"><a href=\"http:\/\/www.korhanyilmaz.com\/wp-content\/uploads\/2011\/02\/273.jpg\"  class=\"lightview\"><img loading=\"lazy\" decoding=\"async\" class=\"aligncenter size-full wp-image-28105\" src=\"http:\/\/www.korhanyilmaz.com\/wp-content\/uploads\/2011\/02\/273.jpg\" alt=\"\" width=\"420\" height=\"210\" \/><\/a><\/p>\n<p style=\"text-align: justify;\">AKP\u2019li vekillerin BDP\u2019li Kaplan\u2019\u0131n konu\u015fmas\u0131na tepki g\u00f6stermesi \u00fczerine Meclis\u2019te yine yumruklar konu\u015ftu. Kaplan\u2008AKP\u2019lilere \u0130\u00e7t\u00fcz\u00fck kitap\u00e7\u0131\u011f\u0131 f\u0131rlatt\u0131, Sak\u0131k yumruk att\u0131.<\/p>\n<p style=\"text-align: justify;\">TBMM Genel Kurulu Genel Kurul\u2019da konu\u015fan BDP\u2019li Hasip Kaplan, torba yasadaki \u00f6\u011frenci aff\u0131yla ilgili maddede affa ili\u015fkin getirilen \u2018ter\u00f6r su\u00e7undan h\u00fck\u00fcm giyenler\u2019 hari\u00e7 ifadesine tepki g\u00f6sterdi. Kaplan, Ba\u015fbakan Erdo\u011fan\u2019\u0131n da Diyarbak\u0131r DGM \u2019de yarg\u0131land\u0131\u011f\u0131n\u0131 belirterek \u201cBa\u015fbakan da ter\u00f6risttir bu maddeye g\u00f6re \u00fcniversitede okuyamaz.<!--more--><\/p>\n<p style=\"text-align: justify;\">Diyarbak\u0131r DGM \u2019de yarg\u0131lanm\u0131\u015ft\u0131r, da\u011fdan inenlere \u00fcniversite kap\u0131s\u0131n\u0131 kapat\u0131yorsunuz\u201d dedi. Kaplan\u2019\u0131n s\u00f6zlerine AKP milletvekilleri tepki g\u00f6sterirken Kaplan AKP \u2019lilere \u2018DGM karar\u0131n\u0131 getiririm. Allah Allah do\u011fruyu do\u011frulay\u0131n ne yapt\u0131\u011f\u0131n\u0131z\u0131 bilmiyorsunuz\u201d diye ba\u011f\u0131rd\u0131. Hasip Kaplan\u2019\u0131n k\u00fcrs\u00fcden \u201cSay\u0131n Abdullah \u00d6calan \u201d demesi tart\u0131\u015fmalara yol a\u00e7t\u0131. Birle\u015fimi y\u00f6neten Meclis Ba\u015fkanvekili Sad\u0131k Yakut, Kaplan \u2019\u0131n konu\u015fmas\u0131 s\u0131ras\u0131nda mikrofonun sesini kapatt\u0131. Yakut Kaplan \u2019\u0131 da \u201c40 bin ki\u015finin \u00f6l\u00fcm\u00fcne sebep olan bir ki\u015fiye say\u0131n diyemezsiniz s\u00f6zlerinizi d\u00fczeltin \u201d diye uyard\u0131.<\/p>\n<div id=\"attachment_28106\" style=\"width: 410px\" class=\"wp-caption aligncenter\"><a href=\"http:\/\/www.korhanyilmaz.com\/wp-content\/uploads\/2011\/02\/274.jpg\"  class=\"lightview\"><img loading=\"lazy\" decoding=\"async\" aria-describedby=\"caption-attachment-28106\" class=\"size-full wp-image-28106\" src=\"http:\/\/www.korhanyilmaz.com\/wp-content\/uploads\/2011\/02\/274.jpg\" alt=\"\" width=\"400\" height=\"266\" \/><\/a><p id=\"caption-attachment-28106\" class=\"wp-caption-text\">AKP\u2019li Yeni, \u00e7i\u00e7ek tarhlar\u0131na tak\u0131larak yere d\u00fc\u015ft\u00fc <\/p><\/div>\n<p style=\"text-align: justify;\">Kaplan ise \u00f6nceki g\u00fcn Genel Kurul\u2019da ya\u015fanan Adalet Komisyonu Ba\u015fkan\u0131 Ahmet \u0130yimaya \u2019n\u0131n Kenan Evren i\u00e7in \u2018say\u0131n m\u00fcvekkilim \u2019 ifadesini kulland\u0131\u011f\u0131n\u0131 belirterek \u201cBenim de m\u00fcvekkilim Say\u0131n \u00d6calan. Hanginiz m\u00fcvekkiline say\u0131n demiyor \u201d diye s\u00f6zlerini savundu.<\/p>\n<p style=\"text-align: justify;\">Kaplan \u2019\u0131 birle\u015fimi y\u00f6neten Meclis Ba\u015fkanvekili Sad\u0131k Yakut da \u201cel kol hareketlerini b\u0131rak\u0131n indirin elinizi. Haddinizi bilin \u201d diye uyard\u0131. Milletvekillerinin sorular\u0131na h\u00fck\u00fcmet ad\u0131na yan\u0131t veren Devlet Bakan\u0131 Cevdet Y\u0131lmaz ise Kaplan \u2019\u0131n s\u00f6zlerine \u201cSay\u0131n Kaplan \u2019\u0131n ba\u015fbakan\u0131m\u0131za \u00f6yle bir yak\u0131\u015ft\u0131rmada bulunaca\u011f\u0131n\u0131 sanm\u0131yorum. Kanunla ilgili yorum yapt\u0131. Ter\u00f6r\u00fcn, ter\u00f6ristin evrensel hukuk \u00e7er\u00e7evesinde tan\u0131m\u0131 belli. Hi\u00e7 kimse T\u00fcrkiye Cumhuriyeti Ba\u015fbakan\u0131 hakk\u0131nda b\u00f6yle bir yorum yapmaz diye d\u00fc\u015f\u00fcn\u00fcyorum. D\u00fczeltilmesinde fayda var\u201d kar\u015f\u0131l\u0131\u011f\u0131n\u0131 verdi.<\/p>\n<p style=\"text-align: justify;\"><strong>T\u00fczmen:\u2008\u2018Da\u011fa gidin\u2019<\/strong><\/p>\n<p style=\"text-align: justify;\">Tansiyonun y\u00fckselmesi \u00fczerine AK Partili TBMM Ba\u015fkanvekili Sad\u0131k Yakut BDP\u2019li Hasip Kaplan\u2019\u0131n mikrofonunu kapatt\u0131. Ancak AK Partili K\u00fcr\u015fat T\u00fczmen ve BDP\u2019li S\u0131rr\u0131 Sak\u0131k aras\u0131nda kar\u015f\u0131l\u0131kl\u0131 hakaret d\u00fczeyindeki s\u00f6zl\u00fc at\u0131\u015fma ve AK Parti Grup Ba\u015fkanvekili Nurettin Canikli\u2019nin BDP\u2019lilere y\u00f6nelik \u201cY\u00fcre\u011finiz varsa etti\u011finiz yemine uyun. Milletin vekiline paral\u0131 asker diyecek kadar \u00e7ukura d\u00fc\u015femezsiniz\u201d s\u00f6zleriyle tart\u0131\u015fma alevlendi. BDP\u2019li S\u0131rr\u0131 Sak\u0131k Ayla Akat ve Hasip Kaplan\u2019\u0131n, k\u00fcrs\u00fcdeki Canikli\u2019nin \u00fcst\u00fcne do\u011fru y\u00fcr\u00fcmeleri \u00fczerine Genel Kurul\u2019da ortal\u0131k kar\u0131\u015ft\u0131. Bu s\u0131rada AKP Samsun Milletvekili Ahmet Yeni, Canikli\u2019yi korumak i\u00e7in k\u00fcrs\u00fcn\u00fcn \u00f6n\u00fcne ge\u00e7ince Sak\u0131k\u2019\u0131n Canikli\u2019ye ula\u015fmas\u0131n\u0131 engellemeye \u00e7al\u0131\u015fan AKP milletvekili barikat\u0131n\u0131 yarmak i\u00e7in savurdu\u011fu yumruk ve tekmelerin hedefi oldu. Yeni, ald\u0131\u011f\u0131 darbeler nedeniyle k\u00fcrs\u00fcn\u00fcn yan\u0131nda bulunan \u00e7i\u00e7ek tarh\u0131n\u0131n i\u00e7ine d\u00fc\u015ferken, Yeni\u2019nin durumunu g\u00f6ren AKP Gaziantep Milletvekili Mehmet Erdo\u011fan da yerinden f\u0131rlayarak Sak\u0131k\u2019\u0131n g\u0131rtla\u011f\u0131na sar\u0131ld\u0131. Erdo\u011fan ve Sak\u0131k\u2019\u0131n bu s\u0131rada kar\u015f\u0131l\u0131kl\u0131 olarak birbirlerine tokat ve yumruk sallad\u0131\u011f\u0131 g\u00f6r\u00fcld\u00fc. AKP ve BDP\u2019li vekiller aras\u0131nda ya\u015fanan arbade s\u0131ras\u0131nda BDP\u2019li Hasip Kaplan da elindeki i\u00e7t\u00fcz\u00fck kitap\u00e7\u0131\u011f\u0131n\u0131 AKP s\u0131ralar\u0131na do\u011fru f\u0131rlatt\u0131. AKP\u2019li K\u00fcr\u015fat T\u00fczmen\u2019in bu s\u0131rada \u201cA\u015fa\u011f\u0131l\u0131klar\u201d diye ba\u011f\u0131rd\u0131\u011f\u0131n\u0131 duyan BDP\u2019li Hasip Kaplan, elini tehditkar bir \u015fekilde sallayarak \u201cA\u015fa\u011f\u0131l\u0131k adam, seni deftere yazd\u0131m. Sana yedirece\u011fim o laf\u0131, sana yedirece\u011fim\u201d diye ba\u011f\u0131rd\u0131.<\/p>\n<p style=\"text-align: justify;\">Bu s\u0131rada AK Parti s\u0131ralar\u0131ndan BDP\u2019lilere \u201cBurada ne i\u015finiz var, da\u011fa gidin\u201d diye ba\u011f\u0131r\u0131ld\u0131\u011f\u0131 duyuldu. CHP\u2019li \u0130dare Amiri Ahmet K\u00fc\u00e7\u00fck ba\u015fta olmak \u00fczere CHP\u2019li milletvekilleri araya girerek Kaplan ve Sak\u0131k\u2019\u0131 kendi s\u0131ralar\u0131na do\u011fru adeta s\u00fcr\u00fckleyerek g\u00f6t\u00fcrd\u00fcler. Salon d\u0131\u015f\u0131na \u00e7\u0131kmay\u0131 reddeden Sak\u0131k, AKP s\u0131ralar\u0131na do\u011fru \u201cSay\u0131sal g\u00fcc\u00fcn\u00fcze mi g\u00fcveniyorsunuz? Biz zulme boyun e\u011fseydik burada olur muyduk?\u201d diye ba\u011f\u0131rd\u0131. Sak\u0131k ve Kaplan daha sonra g\u00fc\u00e7l\u00fckle ikna edilerek Genel Kurul salonu d\u0131\u015f\u0131na \u00e7\u0131kar\u0131ld\u0131. Ba\u015fkanvekili Yakut oturuma ara vermek zorunda kald\u0131.<\/p>\n<p style=\"text-align: justify;\"><a href=\"http:\/\/haber.gazetevatan.com\/mecliste-sayin-ocalan-yumruklasmasi\/358540\/1\/Gundem\" target=\"_blank\"><span style=\"color: #888888;\">Kaynak : VATAN<\/span><\/a><\/p>\n","protected":false},"excerpt":{"rendered":"<p style=\"text-align: center;\">\n<p style=\"text-align: justify;\">AKP\u2019li vekillerin BDP\u2019li Kaplan\u2019\u0131n konu\u015fmas\u0131na tepki g\u00f6stermesi \u00fczerine Meclis\u2019te yine yumruklar konu\u015ftu. Kaplan AKP\u2019lilere \u0130\u00e7t\u00fcz\u00fck kitap\u00e7\u0131\u011f\u0131 f\u0131rlatt\u0131, Sak\u0131k yumruk att\u0131.<\/p>\n<p style=\"text-align: justify;\">TBMM Genel Kurulu Genel Kurul\u2019da konu\u015fan BDP\u2019li Hasip Kaplan, torba yasadaki \u00f6\u011frenci aff\u0131yla ilgili maddede affa ili\u015fkin getirilen \u2018ter\u00f6r su\u00e7undan h\u00fck\u00fcm giyenler\u2019 hari\u00e7 ifadesine tepki g\u00f6sterdi. Kaplan, Ba\u015fbakan <\/p>\n","protected":false},"author":1,"featured_media":0,"comment_status":"open","ping_status":"closed","sticky":false,"template":"","format":"standard","meta":{"footnotes":""},"categories":[105],"tags":[],"class_list":["post-28104","post","type-post","status-publish","format-standard","hentry","category-gundem","odd"],"_links":{"self":[{"href":"http:\/\/www.korhanyilmaz.com\/index.php?rest_route=\/wp\/v2\/posts\/28104","targetHints":{"allow":["GET"]}}],"collection":[{"href":"http:\/\/www.korhanyilmaz.com\/index.php?rest_route=\/wp\/v2\/posts"}],"about":[{"href":"http:\/\/www.korhanyilmaz.com\/index.php?rest_route=\/wp\/v2\/types\/post"}],"author":[{"embeddable":true,"href":"http:\/\/www.korhanyilmaz.com\/index.php?rest_route=\/wp\/v2\/users\/1"}],"replies":[{"embeddable":true,"href":"http:\/\/www.korhanyilmaz.com\/index.php?rest_route=%2Fwp%2Fv2%2Fcomments&post=28104"}],"version-history":[{"count":0,"href":"http:\/\/www.korhanyilmaz.com\/index.php?rest_route=\/wp\/v2\/posts\/28104\/revisions"}],"wp:attachment":[{"href":"http:\/\/www.korhanyilmaz.com\/index.php?rest_route=%2Fwp%2Fv2%2Fmedia&parent=28104"}],"wp:term":[{"taxonomy":"category","embeddable":true,"href":"http:\/\/www.korhanyilmaz.com\/index.php?rest_route=%2Fwp%2Fv2%2Fcategories&post=28104"},{"taxonomy":"post_tag","embeddable":true,"href":"http:\/\/www.korhanyilmaz.com\/index.php?rest_route=%2Fwp%2Fv2%2Ftags&post=28104"}],"curies":[{"name":"wp","href":"https:\/\/api.w.org\/{rel}","templated":true}]}}