{"id":28101,"date":"2011-02-10T17:52:27","date_gmt":"2011-02-10T15:52:27","guid":{"rendered":"http:\/\/www.korhanyilmaz.com\/?p=28101"},"modified":"2011-02-10T17:52:27","modified_gmt":"2011-02-10T15:52:27","slug":"aritman-arap-kadinlari-sozunun-arkasinda","status":"publish","type":"post","link":"http:\/\/www.korhanyilmaz.com\/?p=28101","title":{"rendered":"Ar\u0131tman &#8216;Arap kad\u0131nlar\u0131&#8217; s\u00f6z\u00fcn\u00fcn arkas\u0131nda"},"content":{"rendered":"<p style=\"text-align: justify;\"><a href=\"http:\/\/www.korhanyilmaz.com\/wp-content\/uploads\/2011\/02\/271.jpg\"  class=\"lightview\"><img loading=\"lazy\" decoding=\"async\" class=\"aligncenter size-full wp-image-28102\" src=\"http:\/\/www.korhanyilmaz.com\/wp-content\/uploads\/2011\/02\/271.jpg\" alt=\"\" width=\"292\" height=\"191\" \/><\/a><\/p>\n<p style=\"text-align: justify;\">CHP \u0130zmir Milletvekili Canan Ar\u0131tman&#8217;\u0131n, &#8220;Arap kad\u0131nlar\u0131 gibi olmak istemiyoruz&#8221; s\u00f6z\u00fc CHP&#8217;de s\u0131k\u0131nt\u0131 yaratt\u0131. CHP Genel Ba\u015fkan\u0131 Kemal K\u0131l\u0131\u00e7daro\u011flu, Arap \u00fclkelerinden bir grup gazeteciye, &#8220;Do\u011fru bir s\u00f6ylem de\u011fil. Canan Han\u0131m&#8217;\u0131 o b\u00f6lgeye g\u00f6ndermemiz laz\u0131m&#8221; dedi. Ar\u0131tman, K\u0131l\u0131\u00e7daro\u011flu&#8217;nu telefonla arayarak \u00fcz\u00fcnt\u00fcs\u00fcn\u00fc aktard\u0131, a\u00e7\u0131klamas\u0131n\u0131n arkas\u0131nda durdu. <!--more--><\/p>\n<p style=\"text-align: justify;\">CHP lideri, \u0130zmir Milletvekili  Ar\u0131tman&#8217;\u0131n, &#8220;Arap kad\u0131nlar\u0131 gibi olmak istemiyoruz&#8221; a\u00e7\u0131klamas\u0131n\u0131 soran Arap gazeteciye, &#8220;Son derece yanl\u0131\u015f, do\u011fru bir s\u00f6ylem de\u011fil. Canan Han\u0131m&#8217;\u0131 en iyisi o b\u00f6lgeye g\u00f6ndermemiz laz\u0131m, Arap kad\u0131nlar\u0131n\u0131 tan\u0131mas\u0131 i\u00e7in. Canan Han\u0131m&#8217;\u0131 Irak&#8217;a giderken birlikte g\u00f6t\u00fcrece\u011fim&#8221; yan\u0131t\u0131n\u0131 verdi.<\/p>\n<p style=\"text-align: justify;\">K\u0131l\u0131\u00e7daro\u011flu Ar\u0131tman&#8217;\u0131, &#8220;\u00f6nyarg\u0131l\u0131 olmakla&#8221; su\u00e7lad\u0131.<\/p>\n<p style=\"text-align: justify;\">Bu s\u00f6zler \u00fczerine  Ar\u0131tman, K\u0131l\u0131\u00e7daro\u011flu&#8217;nu telefonla aray\u0131p \u00fcz\u00fcnt\u00fcs\u00fcn\u00fc belirtti. Arap kad\u0131nlar\u0131yla ilgili s\u00f6zlerinin arkas\u0131nda durdu:<\/p>\n<p style=\"text-align: justify;\">&#8220;Ben Atat\u00fcrk&#8217;\u00fcn koltu\u011funda oturan her CHP Genel Ba\u015fkan\u0131&#8217;n\u0131n kad\u0131n haklar\u0131 ve insan haklar\u0131 konusunda duyarl\u0131 olaca\u011f\u0131na inan\u0131yorum. Bu onlar\u0131n birinci g\u00f6revidir.&#8221;<\/p>\n<p style=\"text-align: justify;\">Ar\u0131tman, Cumhuriyet devriminin asl\u0131nda bir kad\u0131n devrimi oldu\u011funu vurgulad\u0131. T\u00fcrk kad\u0131n\u0131n\u0131n haklar\u0131n\u0131n geriye g\u00f6t\u00fcr\u00fclmek istendi\u011fini savundu.<\/p>\n<p style=\"text-align: justify;\">K\u0131l\u0131\u00e7daro\u011flu ile \u0131rak&#8217;a gitmekten keyif alaca\u011f\u0131n\u0131 belirten Ar\u0131tman, &#8220;B\u00f6ylece Atat\u00fcrk \u00fclkesinin \u00e7a\u011fda\u015f kad\u0131n\u0131 ile bir erke\u011fin d\u00f6rt e\u015finden biri olmak zorunda b\u0131rak\u0131lan kad\u0131nlar aras\u0131nda fark g\u00f6r\u00fcl\u00fcr&#8221; dedi.<\/p>\n<p style=\"text-align: justify;\">Ar\u0131tman, &#8220;Bizim Arap kad\u0131nlar\u0131na \u00f6yk\u00fcnecek bir halimiz yok. Allah korusun diyorum. Suriye&#8217;ye gidelim. Erke\u011fin n\u00fcfus sayfas\u0131n\u0131 g\u00f6stereyim. D\u00f6rt e\u015f i\u00e7in ve 20 \u00e7ocuk i\u00e7in yer var. Biz b\u00f6yle olmak istemiyoruz&#8221; diye konu\u015ftu.<\/p>\n<p style=\"text-align: justify;\">Ar\u0131tman, K\u0131l\u0131\u00e7daro\u011flu&#8217;na T\u00fcrk kad\u0131nlar\u0131n\u0131n durumunu uluslararas\u0131 raporlarla anlatt\u0131\u011f\u0131n\u0131 s\u00f6yledi. Toplumsal d\u00f6n\u00fc\u015f\u00fcm  kad\u0131nlar \u00fczerinden yap\u0131ld\u0131\u011f\u0131n\u0131 savundu. Birle\u015fmi\u015f Milletler&#8217;in raporunda, T\u00fcrk kad\u0131n\u0131n\u0131n durumunun 109 \u00fclke aras\u0131nda 101. s\u0131rada oldu\u011funu belirten Ar\u0131tman, &#8220;Sondan 8. s\u0131raday\u0131z. Son 9 y\u0131lda 37 s\u0131ra geriye gittik&#8221; dedi.<\/p>\n<p style=\"text-align: justify;\">Ar\u0131tman, &#8220;K\u0131l\u0131\u00e7daro\u011flu&#8217;na k\u0131r\u0131ld\u0131\u011f\u0131n\u0131z m\u0131?&#8221; soruna da &#8220;K\u0131rg\u0131nl\u0131\u011fa gerek yok&#8221; yan\u0131t\u0131 verdi.<\/p>\n<p style=\"text-align: justify;\">Canan Ar\u0131tman, &#8220;Birbirimizi daha iyi anlamaya, daha iyi anlatmaya gerek oldu\u011funu d\u00fc\u015f\u00fcn\u00fcyorum. Genel Ba\u015fkan&#8217;a dedim ki, &#8216;Ke\u015fke sizde o Arap gazeteciye, &#8216;siz de kad\u0131nlara insan haklar\u0131n\u0131 eksiksiz verin, o kad\u0131n\u0131n toplumsal stat\u00fcs\u00fcn\u00fc y\u00fckselttin de bizim milletvekilleri ele\u015ftirmesin&#8217; deseydiniz&#8221; dedi.<\/p>\n<p style=\"text-align: justify;\"><a href=\"http:\/\/www.cnnturk.com\/2011\/turkiye\/02\/10\/aritman.arap.kadinlari.sozunun.arkasinda\/606400.0\/index.html\" target=\"_blank\"><span style=\"color: #888888;\">CNN T\u00dcRK<\/span><\/a><\/p>\n","protected":false},"excerpt":{"rendered":"<p style=\"text-align: justify;\">\n<p style=\"text-align: justify;\">CHP \u0130zmir Milletvekili Canan Ar\u0131tman&#8217;\u0131n, &#8220;Arap kad\u0131nlar\u0131 gibi olmak istemiyoruz&#8221; s\u00f6z\u00fc CHP&#8217;de s\u0131k\u0131nt\u0131 yaratt\u0131. CHP Genel Ba\u015fkan\u0131 Kemal K\u0131l\u0131\u00e7daro\u011flu, Arap \u00fclkelerinden bir grup gazeteciye, &#8220;Do\u011fru bir s\u00f6ylem de\u011fil. Canan Han\u0131m&#8217;\u0131 o b\u00f6lgeye g\u00f6ndermemiz laz\u0131m&#8221; dedi. Ar\u0131tman, K\u0131l\u0131\u00e7daro\u011flu&#8217;nu telefonla arayarak \u00fcz\u00fcnt\u00fcs\u00fcn\u00fc aktard\u0131, a\u00e7\u0131klamas\u0131n\u0131n arkas\u0131nda durdu. <\/p>\n","protected":false},"author":1,"featured_media":0,"comment_status":"open","ping_status":"closed","sticky":false,"template":"","format":"standard","meta":{"footnotes":""},"categories":[105],"tags":[],"class_list":["post-28101","post","type-post","status-publish","format-standard","hentry","category-gundem","odd"],"_links":{"self":[{"href":"http:\/\/www.korhanyilmaz.com\/index.php?rest_route=\/wp\/v2\/posts\/28101","targetHints":{"allow":["GET"]}}],"collection":[{"href":"http:\/\/www.korhanyilmaz.com\/index.php?rest_route=\/wp\/v2\/posts"}],"about":[{"href":"http:\/\/www.korhanyilmaz.com\/index.php?rest_route=\/wp\/v2\/types\/post"}],"author":[{"embeddable":true,"href":"http:\/\/www.korhanyilmaz.com\/index.php?rest_route=\/wp\/v2\/users\/1"}],"replies":[{"embeddable":true,"href":"http:\/\/www.korhanyilmaz.com\/index.php?rest_route=%2Fwp%2Fv2%2Fcomments&post=28101"}],"version-history":[{"count":0,"href":"http:\/\/www.korhanyilmaz.com\/index.php?rest_route=\/wp\/v2\/posts\/28101\/revisions"}],"wp:attachment":[{"href":"http:\/\/www.korhanyilmaz.com\/index.php?rest_route=%2Fwp%2Fv2%2Fmedia&parent=28101"}],"wp:term":[{"taxonomy":"category","embeddable":true,"href":"http:\/\/www.korhanyilmaz.com\/index.php?rest_route=%2Fwp%2Fv2%2Fcategories&post=28101"},{"taxonomy":"post_tag","embeddable":true,"href":"http:\/\/www.korhanyilmaz.com\/index.php?rest_route=%2Fwp%2Fv2%2Ftags&post=28101"}],"curies":[{"name":"wp","href":"https:\/\/api.w.org\/{rel}","templated":true}]}}