{"id":28097,"date":"2011-02-10T19:31:49","date_gmt":"2011-02-10T17:31:49","guid":{"rendered":"http:\/\/www.korhanyilmaz.com\/?p=28097"},"modified":"2011-02-10T19:31:49","modified_gmt":"2011-02-10T17:31:49","slug":"batum-pisman-degilim-geri-adim-atmam","status":"publish","type":"post","link":"http:\/\/www.korhanyilmaz.com\/?p=28097","title":{"rendered":"Batum: &#8220;Pi\u015fman de\u011filim, geri ad\u0131m atmam&#8221;"},"content":{"rendered":"<p style=\"text-align: justify;\"><a href=\"http:\/\/www.korhanyilmaz.com\/wp-content\/uploads\/2011\/02\/270.jpg\"  class=\"lightview\"><img loading=\"lazy\" decoding=\"async\" class=\"aligncenter size-full wp-image-28098\" src=\"http:\/\/www.korhanyilmaz.com\/wp-content\/uploads\/2011\/02\/270.jpg\" alt=\"\" width=\"307\" height=\"236\" \/><\/a><\/p>\n<p style=\"text-align: justify;\">CHP Genel Ba\u015fkan Yard\u0131mc\u0131s\u0131 S\u00fcheyl Batum, \u0130zmir&#8217;de bas\u0131n mensuplar\u0131n\u0131n, &#8220;Zonguldak&#8217;ta yapt\u0131\u011f\u0131 konu\u015fmadan dolay\u0131 pi\u015fman olup olmad\u0131\u011f\u0131&#8221; y\u00f6n\u00fcndeki sorusuna, &#8220;Hay\u0131r de\u011filim, s\u00f6ylemek istedi\u011fim ortada. Geri ad\u0131m atmam s\u00f6z konusu de\u011fil. Kimse bana geri ad\u0131m att\u0131ramaz&#8221; cevab\u0131n\u0131 verdi.<\/p>\n<p style=\"text-align: justify;\">CHP&#8217;li Batum Konak Belediyesi taraf\u0131ndan d\u00fczenlenen panele kat\u0131lmak i\u00e7in geldi\u011fi \u0130zmir&#8217;de bas\u0131n munsuplar\u0131n\u0131n sorular\u0131n\u0131 yan\u0131tlad\u0131. <!--more--><\/p>\n<p style=\"text-align: justify;\">Batum, son g\u00fcnlerdeki tart\u0131rmalar konusunda, &#8220;Hakl\u0131 oldu\u011fum konuda geri ad\u0131m atmam s\u00f6z konusu de\u011fil. Kimse de bana geri ad\u0131m att\u0131r\u0131maz. Zihnen de y\u0131pranmad\u0131m ama y\u0131prat\u0131lmak istendim&#8221; dedi.<\/p>\n<p style=\"text-align: justify;\">Batum bir gazetecinin Zonguldak Cumhuriyet Ba\u015fsavc\u0131s\u0131&#8217;n\u0131n &#8220;ka\u011f\u0131ttan kaplan&#8221; s\u00f6z\u00fc nedeniyle 301. maddeden dava a\u00e7mak i\u00e7in Adalet Bakan\u0131 Sadullah Ergin&#8217;den izin istemesini de\u011ferlendirdi.<\/p>\n<p style=\"text-align: justify;\">Savc\u0131n\u0131n dava a\u00e7\u0131p a\u00e7mayaca\u011f\u0131n\u0131 hep birlikte gereceklerini s\u00f6yleyen Batum, &#8220;A\u00e7\u0131l\u0131rsa da s\u00f6yleyecek s\u00f6z\u00fcm\u00fcz var, a\u00e7\u0131lmazsa da. Dava a\u00e7\u0131ld\u0131\u011f\u0131 taktirde T\u00fcrkiye&#8217;deki uygulamay\u0131, o konu\u015fman\u0131n tamam\u0131nda ne s\u00f6yledi\u011fimi ve Avrupa \u0130nsan Haklar\u0131 Mahmekemesi&#8217;ndeki karar\u0131 tabii ki verece\u011fiz. Ama \u015funu s\u00f6yleyeyim bug\u00fcne kadarki uygulama ve A\u0130HM karar\u0131 da g\u00f6srerir ki bir konu\u015fman\u0131n tamam\u0131 al\u0131nmadan, tamam\u0131 alg\u0131lanmadan kesinlikle 301&#8217;in uygulanmas\u0131 m\u00fcmk\u00fcn de\u011fildir&#8221; dedi.<\/p>\n<p style=\"text-align: justify;\">Batum, &#8220;T\u00fcrkiye&#8217;de tabii ki savc\u0131n\u0131n \u00f6yle davrand\u0131\u011f\u0131n\u0131 s\u00f6ylemiyorum. Savc\u0131 mutlaka konu\u015fman\u0131n tamam\u0131na bakm\u0131\u015ft\u0131r. Ama iki \u00fc\u00e7 g\u00fcnd\u00fcr T\u00fcrkiye&#8217;de yap\u0131lmak istenen asl\u0131nda, Ba\u015fbakan&#8217;\u0131n yapmak istedi\u011fine bakt\u0131\u011f\u0131n\u0131zda onun tersinin oldu\u011funu g\u00f6r\u00fcyorsunuz. Bu T\u00fcrk demokrasisinin nereye getirilmek istendi\u011finin a\u00e7\u0131k\u00e7a g\u00f6stergesidir. D\u00fcnyan\u0131n \u00e7ok az demokrasisinde bir insan\u0131n, hele bir siyaset\u00e7inin 30 dakikal\u0131k konu\u015fmas\u0131ndan sadece bir \u015feyi al\u0131p, \u00f6n\u00fcn\u00fc arkas\u0131n\u0131 koymadan s\u00f6z\u00fcm ona demokratik bir \u00fclkenin ba\u015fbakan\u0131n\u0131n, s\u00f6z\u00fcm ona ifade \u00f6zg\u00fcrl\u00fc\u011f\u00fcn\u00fcn oldu\u011fu bir \u00fclkenin ba\u015fbabak\u0131n\u0131n &#8216;Savc\u0131lar harekete ge\u00e7in&#8217; dedi\u011fi ba\u015fka bir tek \u00f6rnek varsa biz de bu t\u00fcr demokrasi isteriz. B\u00f6yle bir anlay\u0131\u015f yoktur&#8221; dedi.<\/p>\n<p style=\"text-align: justify;\">CHP&#8217;li Batum, &#8220;Biz biliyoruz zaten bunu ama \u00f6rnekleri de g\u00f6r\u00fcyoruz. Daha da iyi oluyor. T\u00fcrkiye&#8217;nin nas\u0131l bir \u00fclke oldu\u011funu, nas\u0131l bir demokrasi oldu\u011funu TEKEL i\u015f\u00e7ileri dayak yiyerek, Torba Yasa&#8217;ya kar\u015f\u0131 \u00e7\u0131kmak isteyen sendikac\u0131lar dayak yiyerek, ve de 301&#8217;den bizler g\u00f6rebiliriz. T\u00fcrk halk\u0131 da bunu g\u00f6recek. Sonunda bu iktidardan, ba\u015fbakandan kurtulaca\u011f\u0131z&#8221; dedi.<\/p>\n<p style=\"text-align: justify;\">Batum bir gazetecinin Adalet bakan\u0131 Sadullah Ergin&#8217;in 301&#8217;den dava a\u00e7\u0131l\u0131p a\u00e7\u0131lmama konusunda &#8220;Avrupa i\u00e7tihatlar\u0131na bakaca\u011f\u0131z&#8221; s\u00f6zleri \u00fczerine de, &#8220;Olmas\u0131 gereken bu zaten. Zaten Adalet Bakan\u0131 buna uysa da uymasa da T\u00fcrkiye&#8217;nin yarg\u0131s\u0131 buna uyacakt\u0131r. Ben &#8216;\u015f\u00f6yle karar verecektir, b\u00f6yle karar verecektir&#8217; demiyorum. Ama T\u00fcrk yarg\u0131s\u0131na o y\u00f6nde bir Ba\u015fbakan&#8217;\u0131n bir kelimeyle &#8220;Savc\u0131lar Derhal harekete ge\u00e7in, Savc\u0131lar hepinizi g\u00f6reve \u00e7a\u011f\u0131r\u0131yorum&#8217; demesi d\u00fcnyan\u0131n ba\u015fka bir demokrasisinde yoktur. O ancak Tayyip Erdo\u011fan demokrasisinde olur. Bizim de kar\u015f\u0131 \u00e7\u0131kt\u0131\u011f\u0131m\u0131z budur&#8221; dedi.<\/p>\n<p style=\"text-align: justify;\"><strong>\u0130stifay\u0131 d\u00fc\u015f\u00fcn\u00fcyor mu? <\/strong><\/p>\n<p style=\"text-align: justify;\">Batum CHP&#8217;den istifa edip etmeyece\u011fi yolundaki soruya da, &#8220;G\u00f6rd\u00fcn\u00fcz. Onu say\u0131n Genel Ba\u015fkan&#8217;a s\u00f6yleyin. D\u00fcn say\u0131n genel sekreterle de s\u00f6ylediler. Ama ben tekrar s\u00f6yleyeyim: B\u00f6yle bir\u015fey yok. Biz bir m\u00fccadelenin i\u00e7indeyiz. T\u00fcrkiye&#8217;de ger\u00e7ek demokrasiyi CHP olarak ger\u00e7ekle\u015fterece\u011fiz. T\u00fcrkiye&#8217;deki i\u015fsizli\u011fi, yoksullu\u011fu, yolsuzluklar\u0131 ortadan kald\u0131raca\u011f\u0131z. Bunu istemeyenler ve bug\u00fcn giydi\u011fimiz elbiseyi kafam\u0131za yerle\u015ftirmek isteyenler bunun \u00f6n\u00fcne ge\u00e7mek isteyecekler. Bir s\u00fcr\u00fc \u015feyler yapacaklar, &#8216;ucube&#8217; diyecekler, ona buna sald\u0131racaklar, d\u00fczmece kan\u0131tlar haz\u0131rlayacaklar. Bir c\u00fcmleyi \u00e7ekecekler. Hepsi sava\u015f\u0131 m\u00fcacedeleyi yar\u0131da b\u0131raksa, &#8220;ben \u00fcz\u00fcld\u00fcm, dar\u0131ld\u0131m&#8217; dese nas\u0131l m\u00fccadele edece\u011fiz. O y\u00fczden b\u00f6yle bir\u015fey yok&#8221; dedi.<\/p>\n<p style=\"text-align: justify;\">&#8220;Bu s\u00f6zleri ke\u015fke s\u00f6ylemeseydim dediniz mi? Yast\u0131\u011fa ba\u015f\u0131n\u0131z\u0131 rahat koyuyor musunuz&#8221; sorusuna ise Batum, &#8220;Hi\u00e7 d\u00fc\u015f\u00fcnmedim. Bundan \u00e7ok ho\u015fnutum. \u00c7\u00fcnk\u00fc s\u00f6yl\u00fcyorum. Bunlar turnosol ka\u011f\u0131d\u0131 gibidir. B\u00f6yle rejimlerde medyan\u0131n b\u00fcy\u00fck b\u00f6l\u00fcm\u00fcn\u00fcn dev\u015firilmeye \u00e7al\u0131\u015f\u0131ld\u0131\u011f\u0131, dev\u015firilemeyenlerin bask\u0131, tehdit, korkuyla bask\u0131 alt\u0131na al\u0131nd\u0131\u011f\u0131 \u00fclkelerde bunlar \u00e7\u0131kacakt\u0131r. Medyada bunun \u00fczerine b\u00fcy\u00fck tart\u0131\u015fma programlar\u0131 yapt\u0131lar. Ancak bunlar beni zerre kadar ilgilendirmiyor. Benim T\u00fcrkiye&#8217;de g\u00fcvendi\u011fim, inand\u0131\u011f\u0131m sayg\u0131 duydu\u011fum gazeteciler, ayd\u0131nlar, sokaktaki insanlar var. Onlar\u0131n s\u00f6ylediklerine bakt\u0131\u011f\u0131mda s\u00f6yledi\u011fimin bu \u015fekilde yorumlanmak istendi\u011fine onlar da inand\u0131\u011f\u0131 i\u00e7in o kadar rahat yatt\u0131m ki yata\u011fa, hi\u00e7bir s\u0131k\u0131nt\u0131m yok. Hakl\u0131 oldu\u011fum konuda geri ad\u0131m atmam da s\u00f6z konusu de\u011fil. Kimse de bana geri ad\u0131m att\u0131r\u0131maz. Zihnen de y\u0131pranmad\u0131m, ama y\u0131ptar\u0131lmak istendim&#8221; yan\u0131t\u0131n\u0131 verdi.<\/p>\n<p style=\"text-align: justify;\">Batum, kendisine y\u00f6nelik &#8220;darbeci&#8221; yak\u0131\u015ft\u0131rmalar\u0131na hi\u00e7 \u00fcz\u00fclmedi\u011fini belirterek, &#8220;Benim i\u00e7in ne deseler umurumda bile de\u011fil, hi\u00e7 ilgilenmiyorum. T\u00fcrk halk\u0131 neyin ne oldu\u011funu biliyor&#8221; dedi.<\/p>\n<p style=\"text-align: justify;\"><a href=\"http:\/\/www.cnnturk.com\/2011\/turkiye\/02\/10\/batum.pisman.degilim.geri.adim.atmam\/606365.0\/index.html\" target=\"_blank\"><span style=\"color: #888888;\">CNN T\u00dcRK<\/span><\/a><\/p>\n","protected":false},"excerpt":{"rendered":"<p style=\"text-align: justify;\">\n<p style=\"text-align: justify;\">CHP Genel Ba\u015fkan Yard\u0131mc\u0131s\u0131 S\u00fcheyl Batum, \u0130zmir&#8217;de bas\u0131n mensuplar\u0131n\u0131n, &#8220;Zonguldak&#8217;ta yapt\u0131\u011f\u0131 konu\u015fmadan dolay\u0131 pi\u015fman olup olmad\u0131\u011f\u0131&#8221; y\u00f6n\u00fcndeki sorusuna, &#8220;Hay\u0131r de\u011filim, s\u00f6ylemek istedi\u011fim ortada. Geri ad\u0131m atmam s\u00f6z konusu de\u011fil. Kimse bana geri ad\u0131m att\u0131ramaz&#8221; cevab\u0131n\u0131 verdi.<\/p>\n<p style=\"text-align: justify;\">CHP&#8217;li Batum Konak Belediyesi taraf\u0131ndan d\u00fczenlenen panele kat\u0131lmak i\u00e7in geldi\u011fi \u0130zmir&#8217;de bas\u0131n <\/p>\n","protected":false},"author":1,"featured_media":0,"comment_status":"open","ping_status":"closed","sticky":false,"template":"","format":"standard","meta":{"footnotes":""},"categories":[105],"tags":[],"class_list":["post-28097","post","type-post","status-publish","format-standard","hentry","category-gundem","odd"],"_links":{"self":[{"href":"http:\/\/www.korhanyilmaz.com\/index.php?rest_route=\/wp\/v2\/posts\/28097","targetHints":{"allow":["GET"]}}],"collection":[{"href":"http:\/\/www.korhanyilmaz.com\/index.php?rest_route=\/wp\/v2\/posts"}],"about":[{"href":"http:\/\/www.korhanyilmaz.com\/index.php?rest_route=\/wp\/v2\/types\/post"}],"author":[{"embeddable":true,"href":"http:\/\/www.korhanyilmaz.com\/index.php?rest_route=\/wp\/v2\/users\/1"}],"replies":[{"embeddable":true,"href":"http:\/\/www.korhanyilmaz.com\/index.php?rest_route=%2Fwp%2Fv2%2Fcomments&post=28097"}],"version-history":[{"count":0,"href":"http:\/\/www.korhanyilmaz.com\/index.php?rest_route=\/wp\/v2\/posts\/28097\/revisions"}],"wp:attachment":[{"href":"http:\/\/www.korhanyilmaz.com\/index.php?rest_route=%2Fwp%2Fv2%2Fmedia&parent=28097"}],"wp:term":[{"taxonomy":"category","embeddable":true,"href":"http:\/\/www.korhanyilmaz.com\/index.php?rest_route=%2Fwp%2Fv2%2Fcategories&post=28097"},{"taxonomy":"post_tag","embeddable":true,"href":"http:\/\/www.korhanyilmaz.com\/index.php?rest_route=%2Fwp%2Fv2%2Ftags&post=28097"}],"curies":[{"name":"wp","href":"https:\/\/api.w.org\/{rel}","templated":true}]}}