{"id":28096,"date":"2011-02-10T15:35:16","date_gmt":"2011-02-10T13:35:16","guid":{"rendered":"http:\/\/www.korhanyilmaz.com\/?p=28096"},"modified":"2011-02-10T15:35:16","modified_gmt":"2011-02-10T13:35:16","slug":"lefkosa-buyukelcisi-gorevden-alindi","status":"publish","type":"post","link":"http:\/\/www.korhanyilmaz.com\/?p=28096","title":{"rendered":"Lefko\u015fa B\u00fcy\u00fckel\u00e7isi g\u00f6revden al\u0131nd\u0131"},"content":{"rendered":"<p style=\"text-align: center;\"><a href=\"http:\/\/www.korhanyilmaz.com\/wp-content\/uploads\/2011\/02\/275.jpg\"  class=\"lightview\"><img loading=\"lazy\" decoding=\"async\" class=\"aligncenter size-full wp-image-28110\" src=\"http:\/\/www.korhanyilmaz.com\/wp-content\/uploads\/2011\/02\/275.jpg\" alt=\"\" width=\"398\" height=\"236\" \/><\/a><\/p>\n<p style=\"text-align: justify;\">T\u00fcrkiye&#8217;nin Lefko\u015fa B\u00fcy\u00fckel\u00e7isi Kaya T\u00fcrkmen g\u00f6revinden al\u0131nd\u0131. Yerine K\u0131br\u0131s&#8217;ta \u00f6fkeye yol a\u00e7an mali reformlar\u0131n mimar\u0131 Halil \u0130brahim Ak\u00e7a atand\u0131.<\/p>\n<p style=\"text-align: justify;\">Kuzey K\u0131br\u0131s\u2019ta bir protesto eylemi ile ba\u015flayan ve KKTC ile T\u00fcrkiye y\u00f6netimlerini kar\u015f\u0131 kar\u015f\u0131ya getiren gerginlikte son nokta: B\u00fcy\u00fckel\u00e7i g\u00f6revden al\u0131nd\u0131&#8230; Yerine ise Kuzey K\u0131br\u0131sl\u0131 T\u00fcrk vatanda\u015flar\u0131n\u0131n protestolar\u0131na neden olan mali reform \u00f6nlemlerinin al\u0131nmas\u0131n\u0131n ba\u015f\u0131n\u0131 \u00e7eken b\u00fcrokrat KKTC Teknik Heyet Ba\u015fkan\u0131 Halil \u0130brahim Ak\u00e7a atand\u0131. T\u00fcrkiye\u2019de DPT M\u00fcste\u015far Vekili iken KKTC\u2019ye atanan ve Kuzey K\u0131br\u0131s ekonomisini yola koymak i\u00e7in mali \u00f6nlemlere imza atan Ak\u00e7a, son d\u00f6nemde KKTC\u2019de \u00f6zellikle sendikalar\u0131n b\u00fcy\u00fck tepkisiyle kar\u015f\u0131la\u015f\u0131yordu. <!--more--><\/p>\n<p style=\"text-align: justify;\"><strong>PERDE ARKASI <\/strong><\/p>\n<p style=\"text-align: justify;\">Diplomatik kaynaklar &#8220;Ama\u00e7, KKTC&#8217;de yard\u0131m konular\u0131n\u0131n tek elden e\u015fg\u00fcd\u00fcm\u00fcn\u00fcn sa\u011flanmas\u0131&#8221; diyor, ancak adada hava farkl\u0131.<\/p>\n<p style=\"text-align: justify;\">KKTC&#8217;de ekonomik tedbirlere y\u00f6nelik gittik\u00e7e artan tepki ve barda\u011f\u0131n ta\u015ft\u0131\u011f\u0131 bir miting&#8230;<\/p>\n<p style=\"text-align: justify;\">O mitingdeki pankartlarla, sloganlarla ba\u015flayan tart\u0131\u015fma sonunda Lefko\u015fa&#8217;da de\u011fi\u015fimi getirdi.<\/p>\n<p style=\"text-align: justify;\">T\u00fcrkiye&#8217;nin Lefko\u015fa B\u00fcy\u00fckel\u00e7ili\u011fi&#8217;nde g\u00f6rev de\u011fi\u015fimi yap\u0131ld\u0131. B\u00fcy\u00fckel\u00e7i Kaya T\u00fcrkmen&#8217;in g\u00f6revini, T\u00fcrkiye Cumhuriyeti teknik heyet ba\u015fkan\u0131 Halil \u0130brahim Ak\u00e7a y\u00fcr\u00fctecek.<\/p>\n<p style=\"text-align: justify;\">T\u00fcrkiye&#8217;den K\u0131br\u0131s&#8217;a yap\u0131lan yard\u0131m\u0131, d\u00fczenli olarak bir araya gelen, Kuzey K\u0131br\u0131s ve T\u00fcrkiye teknik heyetleri kararla\u015ft\u0131r\u0131yor.<\/p>\n<p style=\"text-align: justify;\">Halil \u0130brahim Ak\u00e7a, 8 y\u0131ld\u0131r bu heyetlerde t\u00fcrkiye taraf\u0131n\u0131n ba\u015fkanl\u0131\u011f\u0131n\u0131 yap\u0131yor.<\/p>\n<p style=\"text-align: justify;\">Ankara g\u00f6rev de\u011fi\u015fimine fazla anlam y\u00fcklenmesinin \u00f6n\u00fcne ge\u00e7me aray\u0131\u015f\u0131nda.<\/p>\n<p style=\"text-align: justify;\">\u0130lk haber &#8220;Lefko\u015fa B\u00fcy\u00fckel\u00e7isi g\u00f6revden al\u0131nd\u0131&#8221; \u015feklinde geldi.  Dakikalar sonra diplomatik kaynaklardan &#8220;g\u00f6revden alma de\u011fil, g\u00f6rev de\u011fi\u015fimi s\u00f6z konusu. Amac\u0131m\u0131z, K\u0131br\u0131s&#8217;a yap\u0131lan yard\u0131mlar\u0131n tek elden e\u015f g\u00fcd\u00fcm\u00fc&#8221; a\u00e7\u0131klamas\u0131 ula\u015ft\u0131.<\/p>\n<p style=\"text-align: justify;\">Ancak K\u0131br\u0131s&#8217;ta hava farkl\u0131. Ankara&#8217;n\u0131n, o protestolardan ne kadar rahats\u0131z oldu\u011fu s\u0131r de\u011fil. &#8220;Sorumlular\u0131n cezaland\u0131r\u0131lmas\u0131&#8221; beklentisi, KKTC y\u00f6netimine farkl\u0131 kanallardan iletildi.<\/p>\n<p style=\"text-align: justify;\"><strong>&#8220;K\u0131br\u0131sl\u0131lar\u0131 cezaland\u0131r\u0131n&#8221; m\u0131 dedi? <\/strong><\/p>\n<p style=\"text-align: justify;\">K\u0131br\u0131s bas\u0131n\u0131nda yer alan haberlere g\u00f6re o kanallardan biri, KKTC Cumhurba\u015fkan\u0131 Dervi\u015f Ero\u011flu ile T\u00fcrkiye teknik heyet ba\u015fkan\u0131 m\u00fcste\u015far Halil \u0130brahim Ak\u00e7a aras\u0131ndaki g\u00f6r\u00fc\u015fmeydi. O g\u00f6r\u00fc\u015fmede Ak\u00e7a&#8217;n\u0131n Ero\u011flu&#8217;na &#8220;K\u0131br\u0131sl\u0131lar\u0131 cezaland\u0131r\u0131n&#8221; dedi\u011fi \u00f6ne s\u00fcr\u00fcld\u00fc, ard\u0131ndan Ak\u00e7a, gazeteci Levent \u00d6zadam&#8217;a \u015fu d\u00fczeltmeyi g\u00f6nderdi.<\/p>\n<p style=\"text-align: justify;\">&#8220;Say\u0131n Cumhurba\u015fkan\u0131 bir \u00f6nceki h\u00fck\u00fcmetin ekonomiyi hatal\u0131 kararlarla k\u00f6t\u00fc duruma getirerek kendilerine devretti\u011fini, T\u00fcrkiye&#8217;ninse ekonomik tedbirlerin al\u0131nmas\u0131n\u0131 mevcut iktidardan bekledi\u011fini ifade etti.  Ben de &#8220;E\u011fer hatal\u0131 kararlar\u0131n bir bedeli olacaksa bu cezay\u0131 T\u00fcrkiye Cumhuriyeti vatanda\u015flar\u0131 de\u011fil KKTC halk\u0131 kendisi \u00f6demelidir. Zira buradaki iktidarlar\u0131 se\u00e7en KKTC halk\u0131n\u0131n kendisidir.&#8221; dedim.&#8221;<\/p>\n<p style=\"text-align: justify;\">\u015eimdi adada, o g\u00f6r\u00fc\u015fmeye dair ayr\u0131nt\u0131lar\u0131n bas\u0131na s\u0131zmas\u0131ndan, B\u00fcy\u00fckel\u00e7i Kaya T\u00fcrkmen&#8217;in sorumlu tutuldu\u011fu, B\u00fcy\u00fckel\u00e7ilik&#8217;te bu nedenle g\u00f6rev de\u011fi\u015fimi yap\u0131ld\u0131\u011f\u0131 iddialar\u0131 g\u00fcndemde.<\/p>\n<p style=\"text-align: justify;\"><strong>Ero\u011flu: &#8220;\u0130li\u015fkiler kopmaz&#8221; <\/strong><\/p>\n<p style=\"text-align: justify;\">KKTC Cumhurba\u015fkan\u0131 Dervi\u015f Ero\u011flu ise T\u00fcrkiye ile ili\u015fkilerin kopmas\u0131n\u0131n m\u00fcmk\u00fcn olmad\u0131\u011f\u0131n\u0131 belirterek, &#8220;28 Ocak mitinginden sonra iki taraf aras\u0131nda s\u00fcren kar\u015f\u0131l\u0131kl\u0131 mesaj ve beyanat teatisinin en erken zamanda bitmesi gerekti\u011fini&#8221; s\u00f6yledi.<\/p>\n<p style=\"text-align: justify;\">Ero\u011flu, kendisine d\u00fc\u015fenin bu ortam\u0131 yat\u0131\u015ft\u0131racak bir davran\u0131\u015f oldu\u011funu ve bunu yapmaya \u00e7al\u0131\u015ft\u0131\u011f\u0131n\u0131, ayr\u0131ca bu tart\u0131\u015fmalar\u0131n m\u00fczakere masas\u0131nda elini zay\u0131flataca\u011f\u0131n\u0131 ifade etti.<\/p>\n<p style=\"text-align: justify;\">Ero\u011flu, D\u0131\u015f Bas\u0131n Birli\u011fi Ba\u015fkan ve Y\u00f6netim Kurulu \u00fcyelerini kabul\u00fcnde yapt\u0131\u011f\u0131 a\u00e7\u0131klamada, anavatan-yavruvatan ili\u015fkilerinin en s\u0131cak noktada olmas\u0131 gerekirken, &#8220;bu gibi eylemlerle birdenbire bir so\u011fukluk, kar\u015f\u0131l\u0131kl\u0131 beyanatlarla sanki bu ili\u015fkinin kopmas\u0131n\u0131 istermi\u015f gibi bir d\u00fc\u015f\u00fcnce i\u00e7ine girenler oldu\u011funu&#8221; belirterek, ancak anavatan ile ili\u015fkilerin kopmayaca\u011f\u0131n\u0131 kaydetti.<\/p>\n<p style=\"text-align: justify;\">Ero\u011flu, tansiyonun y\u00fcksek olmas\u0131n\u0131n kimseye bir \u015fey kazand\u0131rmayaca\u011f\u0131n\u0131 kaydetti.<\/p>\n<p style=\"text-align: justify;\">G\u00f6r\u00fc\u015fmelerin devam etti\u011fi ve Rum&#8217;un uzla\u015fmazl\u0131\u011f\u0131n\u0131 s\u00fcrd\u00fcrd\u00fc\u011f\u00fc bir zamanda KKTC&#8217;de birlik ve beraberli\u011fin bozulmas\u0131n\u0131n, halk\u0131n bir k\u0131sm\u0131n\u0131n de\u011fi\u015fik d\u00fc\u015f\u00fcnceler i\u00e7inde hareket etmesinin kendi elini zay\u0131flataca\u011f\u0131n\u0131 belirten Cumhurba\u015fkan\u0131 Ero\u011flu, bunun yans\u0131malar\u0131n\u0131 m\u00fczakere masas\u0131nda ve Rum bas\u0131n\u0131nda g\u00f6rd\u00fcklerini s\u00f6yledi.<\/p>\n<p style=\"text-align: justify;\"><strong>Atina geli\u015fmelere kilitlendi <\/strong><\/p>\n<p style=\"text-align: justify;\">Ankara-Lefko\u015fa hatt\u0131ndaki geli\u015fmeleri b\u00fcy\u00fck bir dikkatle izleyen Yunanistan&#8217;\u0131n D\u0131\u015fi\u015fleri Bakanl\u0131\u011f\u0131 s\u00f6zc\u00fcs\u00fc Grigoris Delavekuras, KKTC&#8217;de d\u00fczenlenen mitingler ile T\u00fcrk korvetinin Ege&#8217;deki seyrine ili\u015fkin de\u011ferlendirme ve a\u00e7\u0131klamalarda bulundu.<\/p>\n<p style=\"text-align: justify;\">KKTC&#8217;deki mitingleri konu alan sorular \u00fczerine s\u00f6zc\u00fc, &#8220;i\u015fgal&#8221;s\u00f6ylemlerini tekrarlayarak, &#8220;eylemlerin i\u015fgal kesiminde var olan ger\u00e7ekleri yans\u0131tt\u0131\u011f\u0131n\u0131, s\u00fcregelmekte olan i\u015fgalin bir \u00fcr\u00fcn\u00fc oldu\u011funu&#8221; savundu.<\/p>\n<p style=\"text-align: justify;\">Atina&#8217;n\u0131n KKTC&#8217;deki geli\u015fmeleri &#8220;b\u00fcy\u00fck bir dikkat&#8221; ile izledi\u011fini kaydeden Delavekuras, &#8220;T\u00fcrkiye&#8217;nin nihayet K\u0131br\u0131s&#8217;a nefes ald\u0131rmas\u0131 ve t\u00fcm K\u0131br\u0131s halk\u0131n\u0131n AB&#8217;nin nimetlerinden yararlanmas\u0131 i\u00e7in K\u0131br\u0131s T\u00fcrk taraf\u0131n\u0131n m\u00fczakerelere yap\u0131c\u0131 bir ruhla kat\u0131labilmesi&#8221; gerekti\u011fini b\u00f6yledi.<\/p>\n<p style=\"text-align: justify;\"><a href=\"http:\/\/www.milliyet.com.tr\/lefkosa-buyukelcisi-gorevden-alindi\/dunya\/sondakika\/10.02.2011\/1350650\/default.htm\" target=\"_blank\">Kaynak : Milliyet<\/a><\/p>\n","protected":false},"excerpt":{"rendered":"<p style=\"text-align: center;\">\n<p style=\"text-align: justify;\">T\u00fcrkiye&#8217;nin Lefko\u015fa B\u00fcy\u00fckel\u00e7isi Kaya T\u00fcrkmen g\u00f6revinden al\u0131nd\u0131. Yerine K\u0131br\u0131s&#8217;ta \u00f6fkeye yol a\u00e7an mali reformlar\u0131n mimar\u0131 Halil \u0130brahim Ak\u00e7a atand\u0131.<\/p>\n<p style=\"text-align: justify;\">Kuzey K\u0131br\u0131s\u2019ta bir protesto eylemi ile ba\u015flayan ve KKTC ile T\u00fcrkiye y\u00f6netimlerini kar\u015f\u0131 kar\u015f\u0131ya getiren gerginlikte son nokta: B\u00fcy\u00fckel\u00e7i g\u00f6revden al\u0131nd\u0131&#8230; Yerine ise Kuzey K\u0131br\u0131sl\u0131 T\u00fcrk vatanda\u015flar\u0131n\u0131n protestolar\u0131na neden <\/p>\n","protected":false},"author":1,"featured_media":0,"comment_status":"open","ping_status":"closed","sticky":false,"template":"","format":"standard","meta":{"footnotes":""},"categories":[105],"tags":[],"class_list":["post-28096","post","type-post","status-publish","format-standard","hentry","category-gundem","odd"],"_links":{"self":[{"href":"http:\/\/www.korhanyilmaz.com\/index.php?rest_route=\/wp\/v2\/posts\/28096","targetHints":{"allow":["GET"]}}],"collection":[{"href":"http:\/\/www.korhanyilmaz.com\/index.php?rest_route=\/wp\/v2\/posts"}],"about":[{"href":"http:\/\/www.korhanyilmaz.com\/index.php?rest_route=\/wp\/v2\/types\/post"}],"author":[{"embeddable":true,"href":"http:\/\/www.korhanyilmaz.com\/index.php?rest_route=\/wp\/v2\/users\/1"}],"replies":[{"embeddable":true,"href":"http:\/\/www.korhanyilmaz.com\/index.php?rest_route=%2Fwp%2Fv2%2Fcomments&post=28096"}],"version-history":[{"count":0,"href":"http:\/\/www.korhanyilmaz.com\/index.php?rest_route=\/wp\/v2\/posts\/28096\/revisions"}],"wp:attachment":[{"href":"http:\/\/www.korhanyilmaz.com\/index.php?rest_route=%2Fwp%2Fv2%2Fmedia&parent=28096"}],"wp:term":[{"taxonomy":"category","embeddable":true,"href":"http:\/\/www.korhanyilmaz.com\/index.php?rest_route=%2Fwp%2Fv2%2Fcategories&post=28096"},{"taxonomy":"post_tag","embeddable":true,"href":"http:\/\/www.korhanyilmaz.com\/index.php?rest_route=%2Fwp%2Fv2%2Ftags&post=28096"}],"curies":[{"name":"wp","href":"https:\/\/api.w.org\/{rel}","templated":true}]}}