{"id":28092,"date":"2011-02-10T15:58:53","date_gmt":"2011-02-10T13:58:53","guid":{"rendered":"http:\/\/www.korhanyilmaz.com\/?p=28092"},"modified":"2011-02-10T15:58:53","modified_gmt":"2011-02-10T13:58:53","slug":"ap-komitesinden-universitede-basortusu-cagrisi","status":"publish","type":"post","link":"http:\/\/www.korhanyilmaz.com\/?p=28092","title":{"rendered":"AP Komitesi&#8217;nden &#8216;\u00fcniversitede ba\u015f\u00f6rt\u00fcs\u00fc&#8217; \u00e7a\u011fr\u0131s\u0131"},"content":{"rendered":"<p style=\"text-align: justify;\"><a href=\"http:\/\/www.korhanyilmaz.com\/wp-content\/uploads\/2011\/02\/266.jpg\"  class=\"lightview\"><img loading=\"lazy\" decoding=\"async\" class=\"aligncenter size-full wp-image-28093\" src=\"http:\/\/www.korhanyilmaz.com\/wp-content\/uploads\/2011\/02\/266.jpg\" alt=\"\" width=\"292\" height=\"194\" \/><\/a><\/p>\n<p style=\"text-align: justify;\">Avrupa Parlamentosu (AP) D\u0131\u015f \u0130li\u015fkiler Komitesi, Hollandal\u0131 Hristiyan Demokrat Ria Oomen-Ruijten taraf\u0131ndan kaleme al\u0131nan T\u00fcrkiye karar tasla\u011f\u0131n\u0131, 5 hay\u0131r ve 3 \u00e7ekimsere kar\u015f\u0131 51 oyla kabul etti. T\u00fcrkiye&#8217;ye &#8220;\u00fcniversitelerdeki ba\u015f\u00f6rt\u00fcs\u00fc sorununun kad\u0131nlar\u0131n \u00f6zg\u00fcr tercihine sayg\u0131l\u0131 \u00e7\u00f6z\u00fclmesi&#8221; \u00e7a\u011fr\u0131s\u0131 yap\u0131ld\u0131. <!--more--><\/p>\n<p style=\"text-align: justify;\">AP T\u00fcrkiye Raport\u00f6r\u00fc Oomen-Ruijten ve di\u011fer Hristiyan Demokratlar\u0131n kar\u015f\u0131 \u00e7\u0131kmas\u0131na ra\u011fmen, Hollandal\u0131 Sosyalist Emine Bozkurt taraf\u0131ndan verilen de\u011fi\u015fiklik \u00f6nergesiyle T\u00fcrkiye&#8217;ye, &#8220;\u00fcniversitelerdeki ba\u015f\u00f6rt\u00fcs\u00fc sorununun kad\u0131nlar\u0131n \u00f6zg\u00fcr tercihine sayg\u0131l\u0131 \u015fekilde \u00e7\u00f6z\u00fclmesi&#8221; \u00e7a\u011fr\u0131s\u0131 yap\u0131ld\u0131.<\/p>\n<p style=\"text-align: justify;\">Oomen-Ruijten, oylaman\u0131n ard\u0131ndan bas\u0131na yapt\u0131\u011f\u0131 a\u00e7\u0131klamada, kendisinin de ba\u015f\u00f6rt\u00fcs\u00fc \u00f6zg\u00fcrl\u00fc\u011f\u00fcnden yana oldu\u011funu belirterek, &#8220;Ama bu konu AB&#8217;nin de\u011fil T\u00fcrkiye&#8217;nin i\u015fi. Karar\u0131 T\u00fcrkiye vermeli&#8221; dedi.<\/p>\n<p style=\"text-align: justify;\">Raport\u00f6r Oomen-Ruijten, T\u00fcrkiye karar tasla\u011f\u0131n\u0131n gelecek ay AP Genel Kurulunda oylanmas\u0131 \u00f6ncesinde, ba\u015f\u00f6rt\u00fcs\u00fc konusundaki \u00f6nergeyi destekleyen Sosyalistlerle, bu konuda geri ad\u0131m atmalar\u0131 i\u00e7in pazarl\u0131k yapaca\u011f\u0131n\u0131 belirtti.<\/p>\n<p style=\"text-align: justify;\">Ayn\u0131 zamanda AP&#8217;nin T\u00fcrkiye&#8217;de kad\u0131n haklar\u0131 raport\u00f6rl\u00fc\u011f\u00fcn\u00fc y\u00fcr\u00fcten Emine Bozkurt ise Hristiyan Demokratlar d\u0131\u015f\u0131nda hemen t\u00fcm siyasi gruplar\u0131n deste\u011fiyle kabul edilen \u00f6nergesinin, AP \u00e7o\u011funlu\u011funun iradesini yans\u0131tt\u0131\u011f\u0131n\u0131 belirterek, bu konuda geri ad\u0131m atmas\u0131n\u0131n m\u00fcmk\u00fcn olmad\u0131\u011f\u0131n\u0131 vurgulad\u0131.<\/p>\n<p style=\"text-align: justify;\">Bozkurt, T\u00fcrkiye&#8217;de kad\u0131nlar\u0131n siyasette temsil edilme oran\u0131n\u0131n d\u00fc\u015f\u00fckl\u00fc\u011f\u00fcne vurgu yaparak, bu y\u0131lki genel se\u00e7imlerde partilerden kad\u0131n kotas\u0131 uygulamalar\u0131 bekledi\u011fini ve se\u00e7imler \u00f6ncesinde haz\u0131rlayaca\u011f\u0131 AP raporunda bu konuya dikkati \u00e7ekece\u011fini dile getirdi.<\/p>\n<p style=\"text-align: justify;\">T\u00fcrk as\u0131ll\u0131 Alman Sosyalist \u0130smail Ertu\u011f da &#8220;ba\u015f\u00f6rt\u00fcs\u00fc sorununa \u00f6zg\u00fcrl\u00fckler \u00e7er\u00e7evesinden bakt\u0131klar\u0131n\u0131&#8221; belirterek, kabul edilen de\u011fi\u015fiklik \u00f6nergesiyle AP&#8217;nin T\u00fcrkiye&#8217;ye, &#8220;\u00fcniversitelerde ba\u015f\u00f6rt\u00fcs\u00fcn\u00fcn art\u0131k sorun olmamas\u0131 konusunda net bir mesaj g\u00f6nderdi\u011fini&#8221; a\u00e7\u0131klad\u0131.<\/p>\n<p style=\"text-align: justify;\">Ertu\u011f, AP T\u00fcrkiye karar tasla\u011f\u0131n\u0131, mevcut haliyle ge\u00e7en y\u0131lkinden daha olumlu buldu\u011funu ifade etti.<\/p>\n<p style=\"text-align: justify;\"><strong>&#8220;\u0130mtiyazl\u0131 ortakl\u0131k&#8221; tart\u0131\u015fmas\u0131 <\/strong><\/p>\n<p style=\"text-align: justify;\">AP&#8217;nin en b\u00fcy\u00fck siyasi grubu Hristiyan Demokratlar, &#8220;kat\u0131l\u0131m s\u00fcrecine alternatif olacak imtiyazl\u0131 ortakl\u0131k \u00fczerinde \u00e7al\u0131\u015f\u0131lmas\u0131&#8221; \u00e7a\u011fr\u0131s\u0131 yapan de\u011fi\u015fiklik \u00f6nergesi verdi.<\/p>\n<p style=\"text-align: justify;\">Parlamentonun ikinci b\u00fcy\u00fck grubu Sosyalistlerden &#8220;T\u00fcrkiye lehine verdikleri baz\u0131 de\u011fi\u015fiklik \u00f6nergelerini geri \u00e7ekmeleri kar\u015f\u0131l\u0131\u011f\u0131nda, imtiyazl\u0131 ortakl\u0131k \u00e7a\u011fr\u0131s\u0131ndan vazge\u00e7eceklerini&#8221; a\u00e7\u0131klayan Hristiyan Demokratlar, daha sonra \u00f6nerge sahibi milletvekilini ikna edemedikleri gerek\u00e7esiyle s\u00f6zkonusu maddenin oylanmas\u0131n\u0131 istedi.<\/p>\n<p style=\"text-align: justify;\">Yap\u0131lan oylamada imtiyazl\u0131 ortakl\u0131k \u00f6nergesi reddedildi ve bu durum, oturumu y\u00f6neten AP D\u0131\u015f \u0130li\u015fkiler Komitesi Ba\u015fkan\u0131, \u0130talyan Hristiyan Demokrat Gabriela Albertini taraf\u0131ndan kay\u0131tlara ge\u00e7irildi. S\u00f6z alan AP T\u00fcrkiye Raport\u00f6r\u00fc Ria Oomen-Ruijten, imtiyazl\u0131 ortakl\u0131k \u00f6nergesini kendi inisiyatifiyle geri \u00e7ekti\u011fini belirtmesi \u00fczerine oylama yok say\u0131ld\u0131.<\/p>\n<p style=\"text-align: justify;\">Oomen-Ruijten, Hristiyan Demokratlar\u0131n imtiyazl\u0131 ortakl\u0131k \u00f6nergesini geri \u00e7ekerek iyi niyet g\u00f6sterisinde bulunduklar\u0131n\u0131 belirterek, kar\u015f\u0131l\u0131\u011f\u0131nda Sosyalistlerin de T\u00fcrkiye lehindeki baz\u0131 \u00f6nergeleri geri \u00e7ekmelerini ya da en az\u0131ndan desteklememelerini istedi.<\/p>\n<p style=\"text-align: justify;\">Oylamada kabul edilen de\u011fi\u015fiklik \u00f6nergeleriyle, bas\u0131n \u00f6zg\u00fcrl\u00fc\u011f\u00fc konusunda T\u00fcrkiye&#8217;ye yap\u0131lan \u00e7a\u011fr\u0131 g\u00fc\u00e7lendirildi. T\u00fcrkiye&#8217;de \u00f6zellikle &#8220;soru\u015fturman\u0131n gizlili\u011fini ihlal&#8221; ve &#8220;adil yarg\u0131lamay\u0131 etkilemeye te\u015febb\u00fcs&#8221; su\u00e7lamas\u0131yla gazeteciler aleyhine a\u00e7\u0131lan davalardan endi\u015fe duyuldu\u011fu metne eklendi.<\/p>\n<p style=\"text-align: justify;\">De\u011fi\u015fiklik \u00f6nergeleriyle Ergenekon davas\u0131yla birlikte Balyoz Plan\u0131 da tasla\u011fa dahil edilirken, darbe planlar\u0131na y\u00f6nelik soru\u015fturmalar\u0131n yarg\u0131n\u0131n ve demokratik kurumlar\u0131n g\u00fcc\u00fcn\u00fc ve uygun, ba\u011f\u0131ms\u0131z ve \u015feffaf i\u015fleyi\u015fini ispatlamas\u0131 talep edildi.<\/p>\n<p style=\"text-align: justify;\">S\u00f6zkonusu paragrafta yarg\u0131lama \u00f6ncesi tutukluluk s\u00fcrelerinin uzunlu\u011fundan duyulan endi\u015fe dile getirilerek, t\u00fcm san\u0131klar\u0131n etkin yarg\u0131lanmalar\u0131n\u0131n g\u00fcvence alt\u0131na al\u0131nmas\u0131 istendi.<\/p>\n<p style=\"text-align: justify;\">Kabul edilen bir ba\u015fka de\u011fi\u015fiklik \u00f6nergesiyle Ergenekon paragraf\u0131na Hrant Dink davas\u0131 da ilave edilirken, &#8220;Dink cinayetinin ger\u00e7ek tahrik\u00e7ilerinin ortaya \u00e7\u0131kar\u0131lmas\u0131n\u0131 \u00f6nlemek i\u00e7in devlet y\u00f6neticilerinin yapay engeller \u00e7\u0131karmalar\u0131ndan endi\u015fe duyuldu\u011fu&#8221; ifade edildi.<\/p>\n<p style=\"text-align: justify;\"><strong>&#8220;K\u0131br\u0131s&#8217;a T\u00fcrk vatanda\u015f\u0131 yerle\u015ftirmeyin&#8221; \u00e7a\u011fr\u0131s\u0131 <\/strong><\/p>\n<p style=\"text-align: justify;\">AP D\u0131\u015f \u0130li\u015fkiler Komitesi&#8217;ndeki oylamada, ilk taslakta yer alan T\u00fcrkiye&#8217;ye &#8220;K\u0131br\u0131s&#8217;taki askerlerini derhal \u00e7ekmeye ba\u015fla&#8221; \u00e7a\u011fr\u0131s\u0131 korunurken, K\u0131br\u0131s&#8217;taki kapsaml\u0131 \u00e7\u00f6z\u00fcm m\u00fczakerelerini aktif olarak desteklemesi konusunda sadece T\u00fcrkiye&#8217;ye yap\u0131lan \u00e7a\u011fr\u0131, ilgili di\u011fer taraflar\u0131 i\u00e7ine alacak \u015fekilde geni\u015fletildi.<\/p>\n<p style=\"text-align: justify;\">K\u0131br\u0131s konusunda kabul edilen bir ba\u015fka de\u011fi\u015fiklik \u00f6nergesiyle demografik dengenin de\u011fi\u015ftirilmemesi i\u00e7in T\u00fcrkiye ve KKTC makamlar\u0131na, &#8220;adaya yeni T\u00fcrk vatanda\u015flar\u0131 yerle\u015ftirmekten ka\u00e7\u0131nmalar\u0131&#8221; \u00e7a\u011fr\u0131s\u0131 yap\u0131larak, T\u00fcrkiye&#8217;den &#8220;adaya yerle\u015fen vatanda\u015flar\u0131ndan kaynaklanan sorunu uluslararas\u0131 hukuka ve Cenevre Konvansiyonu&#8217;na uygun \u015fekilde \u00e7\u00f6zmesi&#8221; istendi.<\/p>\n<p style=\"text-align: justify;\">T\u00fcrkiye karar tasla\u011f\u0131n\u0131n 8 Martta AP genel kurulunda oylanmas\u0131 bekleniyor.<\/p>\n<p style=\"text-align: justify;\"><a href=\"http:\/\/www.cnnturk.com\/2011\/dunya\/02\/10\/ap.komitesinden.universitede.basortusu.cagrisi\/606370.0\/index.html\" target=\"_blank\"><span style=\"color: #888888;\">CNN T\u00dcRK<\/span><\/a><\/p>\n","protected":false},"excerpt":{"rendered":"<p style=\"text-align: justify;\">\n<p style=\"text-align: justify;\">Avrupa Parlamentosu (AP) D\u0131\u015f \u0130li\u015fkiler Komitesi, Hollandal\u0131 Hristiyan Demokrat Ria Oomen-Ruijten taraf\u0131ndan kaleme al\u0131nan T\u00fcrkiye karar tasla\u011f\u0131n\u0131, 5 hay\u0131r ve 3 \u00e7ekimsere kar\u015f\u0131 51 oyla kabul etti. T\u00fcrkiye&#8217;ye &#8220;\u00fcniversitelerdeki ba\u015f\u00f6rt\u00fcs\u00fc sorununun kad\u0131nlar\u0131n \u00f6zg\u00fcr tercihine sayg\u0131l\u0131 \u00e7\u00f6z\u00fclmesi&#8221; \u00e7a\u011fr\u0131s\u0131 yap\u0131ld\u0131. <\/p>\n","protected":false},"author":1,"featured_media":0,"comment_status":"open","ping_status":"closed","sticky":false,"template":"","format":"standard","meta":{"footnotes":""},"categories":[105],"tags":[],"class_list":["post-28092","post","type-post","status-publish","format-standard","hentry","category-gundem","odd"],"_links":{"self":[{"href":"http:\/\/www.korhanyilmaz.com\/index.php?rest_route=\/wp\/v2\/posts\/28092","targetHints":{"allow":["GET"]}}],"collection":[{"href":"http:\/\/www.korhanyilmaz.com\/index.php?rest_route=\/wp\/v2\/posts"}],"about":[{"href":"http:\/\/www.korhanyilmaz.com\/index.php?rest_route=\/wp\/v2\/types\/post"}],"author":[{"embeddable":true,"href":"http:\/\/www.korhanyilmaz.com\/index.php?rest_route=\/wp\/v2\/users\/1"}],"replies":[{"embeddable":true,"href":"http:\/\/www.korhanyilmaz.com\/index.php?rest_route=%2Fwp%2Fv2%2Fcomments&post=28092"}],"version-history":[{"count":0,"href":"http:\/\/www.korhanyilmaz.com\/index.php?rest_route=\/wp\/v2\/posts\/28092\/revisions"}],"wp:attachment":[{"href":"http:\/\/www.korhanyilmaz.com\/index.php?rest_route=%2Fwp%2Fv2%2Fmedia&parent=28092"}],"wp:term":[{"taxonomy":"category","embeddable":true,"href":"http:\/\/www.korhanyilmaz.com\/index.php?rest_route=%2Fwp%2Fv2%2Fcategories&post=28092"},{"taxonomy":"post_tag","embeddable":true,"href":"http:\/\/www.korhanyilmaz.com\/index.php?rest_route=%2Fwp%2Fv2%2Ftags&post=28092"}],"curies":[{"name":"wp","href":"https:\/\/api.w.org\/{rel}","templated":true}]}}