{"id":28079,"date":"2011-02-10T12:12:47","date_gmt":"2011-02-10T10:12:47","guid":{"rendered":"http:\/\/www.korhanyilmaz.com\/?p=28079"},"modified":"2011-02-10T12:12:47","modified_gmt":"2011-02-10T10:12:47","slug":"celebi-akp-iktidarinin-gozu-donmus","status":"publish","type":"post","link":"http:\/\/www.korhanyilmaz.com\/?p=28079","title":{"rendered":"\u00c7elebi: AKP iktidar\u0131n\u0131n g\u00f6z\u00fc d\u00f6nm\u00fc\u015f"},"content":{"rendered":"<div id=\"attachment_28080\" style=\"width: 410px\" class=\"wp-caption aligncenter\"><a href=\"http:\/\/www.korhanyilmaz.com\/wp-content\/uploads\/2011\/02\/263.jpg\"  class=\"lightview\"><img loading=\"lazy\" decoding=\"async\" aria-describedby=\"caption-attachment-28080\" class=\"size-full wp-image-28080\" src=\"http:\/\/www.korhanyilmaz.com\/wp-content\/uploads\/2011\/02\/263.jpg\" alt=\"\" width=\"400\" height=\"211\" \/><\/a><p id=\"caption-attachment-28080\" class=\"wp-caption-text\">D\u0130SK Ba\u015fkan\u0131 S\u00fcleyman \u00c7elebi ( Ar\u015fiv )<\/p><\/div>\n<p style=\"text-align: justify;\">D\u0130SK Ba\u015fkan\u0131 S\u00fcleyman \u00c7elebi, Meclis\u2019te g\u00f6r\u00fc\u015fmeleri devam eden \u201cTorba Yasa Tasar\u0131s\u0131\u201dn\u0131n tek bir ger\u00e7e\u011fi b\u00fct\u00fcn \u00e7\u0131plakl\u0131\u011f\u0131yla g\u00f6zler \u00f6n\u00fcne serdi\u011fini ifade ederek, tasar\u0131n\u0131n AKP iktidar\u0131n\u0131n \u201cemek\u00e7i d\u00fc\u015fman\u0131\u201d y\u00fcz\u00fcn\u00fc sergiledi\u011fini savundu. \u00c7elebi, \u201cArt\u0131k s\u00f6z\u00fcn, uyar\u0131lar\u0131n bitti\u011fi noktaday\u0131z. AKP iktidar\u0131 g\u00f6z\u00fc d\u00f6nm\u00fc\u015f\u00e7esine ve b\u0131rak\u0131n toplumu Meclis\u2019ten bile ka\u00e7\u0131rarak yasal d\u00fczenlemeleri bir an \u00f6nce TBMM\u2019den \u00e7\u0131karma gayreti i\u00e7indedir\u201d dedi.<!--more--><\/p>\n<p style=\"text-align: justify;\">T\u00fcrkiye Devrimci \u0130\u015f\u00e7i Sendikalar\u0131 Konfederasyonu (D\u0130SK) Genel Ba\u015fkan\u0131 S\u00fcleyman \u00c7elebi, Meclis\u2019te g\u00f6r\u00fc\u015fmeleri devam eden \u201cTorba Yasa Tasar\u0131s\u0131\u201dn\u0131n tek bir ger\u00e7e\u011fi b\u00fct\u00fcn \u00e7\u0131plakl\u0131\u011f\u0131yla g\u00f6zler \u00f6n\u00fcne serdi\u011fini ifade ederek, tasar\u0131n\u0131n AKP iktidar\u0131n\u0131n \u201cemek\u00e7i d\u00fc\u015fman\u0131\u201d y\u00fcz\u00fcn\u00fc sergiledi\u011fini savundu. \u00c7elebi, \u201cArt\u0131k s\u00f6z\u00fcn, uyar\u0131lar\u0131n bitti\u011fi noktaday\u0131z. AKP iktidar\u0131 g\u00f6z\u00fc d\u00f6nm\u00fc\u015f\u00e7esine ve b\u0131rak\u0131n toplumu Meclis\u2019ten bile ka\u00e7\u0131rarak yasal d\u00fczenlemeleri bir an \u00f6nce TBMM\u2019den \u00e7\u0131karma gayreti i\u00e7indedir\u201d dedi.<\/p>\n<p style=\"text-align: justify;\">D\u0130SK Ba\u015fkan\u0131 \u00c7elebi, D\u0130SK Genel Merkezi\u2019nde bir bas\u0131n toplant\u0131s\u0131 d\u00fczenleyerek, torba tasar\u0131ya ili\u015fkin g\u00f6r\u00fc\u015flerini a\u00e7\u0131klad\u0131. \u00c7elebi yapt\u0131\u011f\u0131 a\u00e7\u0131klamada, AKP h\u00fck\u00fcmetinin emek\u00e7ilerin \u201chaklar\u0131n\u0131n gasp edilmesi \u00fczerine kurulu, ucuz emek ve kurals\u0131zl\u0131\u011f\u0131 dayatan\u201d yeni bir \u00e7al\u0131\u015fma rejimi in\u015fa etti\u011fini s\u00f6zlerine ekleyerek, \u201cBu rejim a\u00e7\u0131k bir s\u00f6m\u00fcr\u00fc rejimidir. T\u00fcrkiye tarihinin, s\u0131n\u0131fsal karakteri en belirgin h\u00fck\u00fcmeti olan AKP, 10 y\u0131ll\u0131k iktidar\u0131 s\u00fcresince sermaye kesimlerinin bir dedi\u011fini iki etmemekte, emek\u00e7ilerin daha kurals\u0131z ve g\u00fcvencesiz ko\u015fularda \u00e7al\u0131\u015fmas\u0131n\u0131n yollar\u0131n\u0131 yapmaktad\u0131r. Bunu yaparken de topluma a\u00e7\u0131k a\u00e7\u0131k yalan s\u00f6ylemekten, halk\u0131 kand\u0131rmaya \u00e7al\u0131\u015fmaktan \u00e7ekinmemektedir\u201d dedi.<\/p>\n<p style=\"text-align: justify;\"><strong>E\u011e\u0130T\u0130M VE SA\u011eLIK SEKT\u00d6R\u00dcNDE VAZ\u0130YET K\u00d6T\u00dc<\/strong><\/p>\n<p style=\"text-align: justify;\">\u0130\u015f\u00e7ilerin art\u0131k kadrolu, d\u00fczenli gelir getiren, g\u00fcvenceli bir i\u015f bulma olana\u011f\u0131n\u0131 ve umudunu giderek yitirdiklerini savunan \u00c7elebi, bunun tek sorumlusunun AKP h\u00fck\u00fcmetinin geli\u015ftirdi\u011fi istihdam stratejileri oldu\u011funu s\u00f6yledi. E\u011fitim ve sa\u011fl\u0131k sekt\u00f6r\u00fcnde \u00e7al\u0131\u015fanlar\u0131n s\u0131k\u0131nt\u0131 ya\u015fad\u0131klar\u0131n\u0131 belirten \u00c7elebi, \u201cAKP h\u00fck\u00fcmeti iktidara geldi\u011finden bu yana y\u00fcz binlerle ifade edilen \u00f6\u011fretmen a\u00e7\u0131\u011f\u0131na ra\u011fmen e\u011fitim sekt\u00f6r\u00fcne yeteri say\u0131da kadrolu eleman almam\u0131\u015ft\u0131r. MEB\u2019in 2010 B\u00fct\u00e7e Raporu\u2019na g\u00f6re, AKP d\u00f6neminde 478 bin ki\u015fi istihdam edilirken, bunlar\u0131n yaln\u0131zca y\u00fczde 31\u2019i kadrolu olarak istihdam edildi. S\u00f6zle\u015fmeli olarak istihdam edilenler ise y\u00fczde 15 oldu. Buna kar\u015f\u0131n k\u0131smi zamanl\u0131 ge\u00e7ici \u00f6\u011fretici, \u00fccretli usta \u00f6\u011fretici olarak \u00e7al\u0131\u015fanlar bu d\u00f6nem i\u00e7erisinde MEB b\u00fcnyesine kat\u0131lanlar\u0131n yar\u0131s\u0131n\u0131 olu\u015fturdu. Bu ki\u015filer en k\u00f6t\u00fc ko\u015fullarda, ders saati \u00fczerinden, ayda en fazla 16-17 g\u00fcn sigortal\u0131 olabilen, normal \u00f6\u011fretmene g\u00f6re \u00e7ok daha az \u00fccret alan \u00f6\u011fretmenlerdir. Yani \u00f6\u011fretmen al\u0131mlar\u0131nda g\u00fcvencesizlik ve kurals\u0131zl\u0131k bir istisna de\u011fil kural haline geldi. Yine 4C stat\u00fcs\u00fcnde 20 bin personel bu d\u00f6nemde MEB b\u00fcnyesine dahil oldu\u201d dedi.<\/p>\n<p style=\"text-align: justify;\">Sa\u011fl\u0131k sekt\u00f6r\u00fcnde, AKP d\u00f6nemi boyunca istihdam edilen her 10 ki\u015fiden 9\u2019unun ta\u015feron i\u015f\u00e7isi oldu\u011funu s\u00f6yleyen \u00c7elebi, \u201cBu konuda i\u015f\u00e7i lehine verilen yarg\u0131 kararlar\u0131 iktidar taraf\u0131ndan uygulanmamaktad\u0131r. \u00d6zel sekt\u00f6rde ise esnek \u00e7al\u0131\u015fma bi\u00e7imleri, g\u00fcvencesizlik, kurals\u0131zl\u0131k yayg\u0131nla\u015ft\u0131. Krizde \u015firketlere yard\u0131m musluklar\u0131n\u0131 a\u00e7an h\u00fck\u00fcmet, \u00e7\u0131kart\u0131lan binlerce i\u015fsizin sorununa, \u00fccretsiz izinlerle ma\u011fdur edilen milyonlar\u0131n sesine kulaklar\u0131n\u0131 t\u0131kad\u0131. Ne zaman ki, patronlar\u0131n lehine bir d\u00fczenleme gerekiyor, oraya acilen yeti\u015fti. H\u00fck\u00fcmet krizde \u015firketleri korudu, \u015firketler ise i\u015f\u00e7ilerini daha \u00e7ok s\u00f6m\u00fcrd\u00fc, i\u015fsiz b\u0131rakt\u0131\u201d diye konu\u015ftu.<\/p>\n<p style=\"text-align: justify;\"><strong>T\u00dcRK\u0130YE\u2019DE B\u0130R \u0130\u015e\u00c7\u0130 YILDA 2 B\u0130N 200 SAAT, AVRUPA\u2019DA B\u0130N 700 SAAT \u00c7ALI\u015eIYOR<\/strong><\/p>\n<p style=\"text-align: justify;\">D\u00fcnya\u2019da en uzun \u00e7al\u0131\u015fma s\u00fcrelerine, en az \u00fccretli izin hakk\u0131na sahip \u00fclkelerin ba\u015f\u0131nda T\u00fcrkiye geldi\u011fini ifade eden \u00c7elebi, \u201cT\u00fcrkiye\u2019de bir i\u015f\u00e7i y\u0131lda 2 bin 200 saat Avrupa\u2019da ise bin 700 saat \u00e7al\u0131\u015f\u0131yor. \u00c7al\u0131\u015fma s\u00fcrelerini Avrupa ortalamas\u0131na indirin, bak\u0131n bakal\u0131m i\u015fsizlik nas\u0131l geriliyor. Ama o zaman h\u00fck\u00fcmet patronlar\u0131n s\u00f6z\u00fcnden \u00e7\u0131km\u0131\u015f olur. Kendi hizmet etti\u011fi kesime ihanet etmi\u015f olur. Patronlara hizmet etmek varken, i\u015f\u00e7ilere neden hizmet edilsin de\u011fil mi? Onlar\u0131 nas\u0131lsa kand\u0131r\u0131rs\u0131n\u0131z. Bu i\u015f\u00e7ilerin karn\u0131 tok de\u011fil ama, yalanlara doymu\u015f durumdalar. O y\u00fczden art\u0131k yeter diyoruz. Art\u0131k yeter\u201d dedi.<\/p>\n<p style=\"text-align: justify;\"><strong>&#8220;H\u00dcK\u00dcMET TEPK\u0130LERDEN KORUNMAK \u0130\u00c7\u0130N YASAYI 2012\u2019YE \u00c7EK\u0130YOR&#8221;<\/strong><\/p>\n<p style=\"text-align: justify;\">\u0130\u015fsizlere, k\u0131smi s\u00fcreli \u00e7al\u0131\u015fanlara, 18 ya\u015f\u0131ndan b\u00fcy\u00fcklere, 1 Ekim 2010 tarihinden itibaren 30 g\u00fcn \u00fczerinden prim \u00f6deme zorunlulu\u011fu getirildi\u011fini hat\u0131rlatan \u00c7elebi, \u201cGelir tespiti yapt\u0131rmayanlar, GSS giri\u015f bildirgesi vermeyenler 796 TL cezal\u0131 duruma d\u00fc\u015ft\u00fc. 10 milyon ki\u015fi bu cezay\u0131 yemi\u015f durumda. Ama fark\u0131nda de\u011filler. H\u00fck\u00fcmet bu ac\u0131 uygulamay\u0131 Torba Yasa ile 1 Ocak 2012\u2019ye \u00e7ekiyor. B\u00f6ylelikle tepkilerden korunmak istiyor\u201d dedi.<\/p>\n<p style=\"text-align: justify;\">Di\u011fer yandan \u0130\u015fsizlik Sigortas\u0131 Fonu\u2019nun hem h\u00fck\u00fcmet hem sermayedarlar, hem ta\u015feron firmalar taraf\u0131ndan \u201cya\u011fmaland\u0131\u011f\u0131n\u0131\u201d savunan \u00c7elebi, \u201cYine T\u00fcrkiye\u2019de maden ocaklar\u0131nda, tersanelerde, g\u00fcvencesiz, sa\u011fl\u0131ks\u0131z, korumas\u0131z, ruhsats\u0131z ve denetimsiz i\u015fyerlerinde, cinayete d\u00f6n\u00fc\u015fen i\u015f kazalar\u0131nda kaybetti\u011fimiz binlerce i\u015f\u00e7inin \u00f6l\u00fcm nedeninin ard\u0131ndaki ger\u00e7ek bilinmektedir. Bu i\u015fyerleri, \u2018canl\u0131 \u00f6l\u00fclerin\u2019 \u00e7al\u0131\u015ft\u0131r\u0131ld\u0131\u011f\u0131 birer mezarl\u0131k gibidir\u201d diye konu\u015ftu.<\/p>\n<p style=\"text-align: justify;\"><strong>\u201cGAZANIZ M\u00dcBAREK OLA, SONUNUZ M\u00dcBAREK OLA\u201d<\/strong><\/p>\n<p style=\"text-align: justify;\">\u00c7elebi 3 \u015eubat tarihinde Ankara\u2019da yap\u0131lan ve polis taraf\u0131ndan \u201corant\u0131s\u0131z g\u00fc\u00e7\u201d kullan\u0131lan eyleme de de\u011finerek, \u201cEn son Genel Kurul g\u00f6r\u00fc\u015fmeleri s\u0131ras\u0131nda Meclis\u2019e y\u00fcr\u00fcyerek g\u00f6r\u00fc\u015flerimizi anlatmak son kez uyarmak istedik, ya\u015fananlara b\u00fct\u00fcn \u00e7\u0131plakl\u0131\u011f\u0131yla sizler de tan\u0131kl\u0131k ettiniz. Demokratik hakk\u0131m\u0131z\u0131 kullanmam\u0131za ve taleplerimizi ifade etmemize gaz, tazyikli su ve sis bombalar\u0131 ile kar\u015f\u0131l\u0131k verildi. Arap \u00fclkelerindeki halk ayaklanmalar\u0131na yandan \u00e7arkl\u0131 destek atan fakat kendi yurtta\u015flar\u0131na her t\u00fcrl\u00fc zulm\u00fc reva g\u00f6renlerin bu sald\u0131rganl\u0131\u011f\u0131na ne denir? \u2018Gazan\u0131z m\u00fcbarek ola! Sonunuz m\u00fcbarek ola\u201d dedi.<\/p>\n<p style=\"text-align: justify;\">D\u0130SK Ba\u015fkan\u0131 \u00c7elebi D\u0130SK\u2019in 44. y\u0131l\u0131n\u0131 kutlayaca\u011f\u0131 13 \u015eubat tarihinde Ankara\u2019da toplanacaklar\u0131n\u0131 ve durum de\u011ferlendirmesi yaparak, torba tasar\u0131ya kar\u015f\u0131 nas\u0131l bir m\u00fccadele izleyeceklerine kara vereceklerini belirtti.<\/p>\n<p style=\"text-align: justify;\"><a href=\"http:\/\/www.gazeteport.com.tr\/EKONOMI\/NEWS\/GP_851085\" target=\"_blank\"><span style=\"color: #888888;\">Kaynak : GAZETEPORT<\/span><\/a><\/p>\n","protected":false},"excerpt":{"rendered":"<p id=\"caption-attachment-28080\" class=\"wp-caption-text\">D\u0130SK Ba\u015fkan\u0131 S\u00fcleyman \u00c7elebi ( Ar\u015fiv )<\/p>\n<p style=\"text-align: justify;\">D\u0130SK Ba\u015fkan\u0131 S\u00fcleyman \u00c7elebi, Meclis\u2019te g\u00f6r\u00fc\u015fmeleri devam eden \u201cTorba Yasa Tasar\u0131s\u0131\u201dn\u0131n tek bir ger\u00e7e\u011fi b\u00fct\u00fcn \u00e7\u0131plakl\u0131\u011f\u0131yla g\u00f6zler \u00f6n\u00fcne serdi\u011fini ifade ederek, tasar\u0131n\u0131n AKP iktidar\u0131n\u0131n \u201cemek\u00e7i d\u00fc\u015fman\u0131\u201d y\u00fcz\u00fcn\u00fc sergiledi\u011fini savundu. \u00c7elebi, \u201cArt\u0131k s\u00f6z\u00fcn, uyar\u0131lar\u0131n bitti\u011fi noktaday\u0131z. AKP iktidar\u0131 g\u00f6z\u00fc d\u00f6nm\u00fc\u015f\u00e7esine ve b\u0131rak\u0131n toplumu Meclis\u2019ten bile <\/p>\n","protected":false},"author":1,"featured_media":0,"comment_status":"open","ping_status":"closed","sticky":false,"template":"","format":"standard","meta":{"footnotes":""},"categories":[105],"tags":[],"class_list":["post-28079","post","type-post","status-publish","format-standard","hentry","category-gundem","odd"],"_links":{"self":[{"href":"http:\/\/www.korhanyilmaz.com\/index.php?rest_route=\/wp\/v2\/posts\/28079","targetHints":{"allow":["GET"]}}],"collection":[{"href":"http:\/\/www.korhanyilmaz.com\/index.php?rest_route=\/wp\/v2\/posts"}],"about":[{"href":"http:\/\/www.korhanyilmaz.com\/index.php?rest_route=\/wp\/v2\/types\/post"}],"author":[{"embeddable":true,"href":"http:\/\/www.korhanyilmaz.com\/index.php?rest_route=\/wp\/v2\/users\/1"}],"replies":[{"embeddable":true,"href":"http:\/\/www.korhanyilmaz.com\/index.php?rest_route=%2Fwp%2Fv2%2Fcomments&post=28079"}],"version-history":[{"count":0,"href":"http:\/\/www.korhanyilmaz.com\/index.php?rest_route=\/wp\/v2\/posts\/28079\/revisions"}],"wp:attachment":[{"href":"http:\/\/www.korhanyilmaz.com\/index.php?rest_route=%2Fwp%2Fv2%2Fmedia&parent=28079"}],"wp:term":[{"taxonomy":"category","embeddable":true,"href":"http:\/\/www.korhanyilmaz.com\/index.php?rest_route=%2Fwp%2Fv2%2Fcategories&post=28079"},{"taxonomy":"post_tag","embeddable":true,"href":"http:\/\/www.korhanyilmaz.com\/index.php?rest_route=%2Fwp%2Fv2%2Ftags&post=28079"}],"curies":[{"name":"wp","href":"https:\/\/api.w.org\/{rel}","templated":true}]}}