{"id":28075,"date":"2011-02-10T12:39:01","date_gmt":"2011-02-10T10:39:01","guid":{"rendered":"http:\/\/www.korhanyilmaz.com\/?p=28075"},"modified":"2011-02-10T12:39:01","modified_gmt":"2011-02-10T10:39:01","slug":"301-enisteye-islemedi","status":"publish","type":"post","link":"http:\/\/www.korhanyilmaz.com\/?p=28075","title":{"rendered":"301 eni\u015fteye i\u015flemedi!"},"content":{"rendered":"<p style=\"text-align: center;\"><a href=\"http:\/\/www.korhanyilmaz.com\/wp-content\/uploads\/2011\/02\/262.jpg\"  class=\"lightview\"><img loading=\"lazy\" decoding=\"async\" class=\"aligncenter size-full wp-image-28076\" src=\"http:\/\/www.korhanyilmaz.com\/wp-content\/uploads\/2011\/02\/262.jpg\" alt=\"\" width=\"430\" height=\"200\" \/><\/a><\/p>\n<p style=\"text-align: justify;\">TSK\u2019ya \u2018\u2019Ka\u011f\u0131ttan kaplan\u2019\u2019 diyen S\u00fcheyl Batum hakk\u0131nda soru\u015fturma a\u00e7\u0131l\u0131rken, ayn\u0131 ifadeyi 6 ay \u00f6nce Zaman yazar\u0131 ve AKP milletvekili \u00d6zlem T\u00fcrk\u00f6ne\u2019nin e\u015fi M\u00fcmtazer T\u00fcrk\u00f6ne\u2019nin de kulland\u0131\u011f\u0131 ortaya \u00e7\u0131kt\u0131.<\/p>\n<p style=\"text-align: justify;\">TSK\u2019ya \u2018\u2019Ka\u011f\u0131ttan kaplan\u2019\u2019 diyen CHP Genel Ba\u015fkan yard\u0131mc\u0131s\u0131 S\u00fcheyl Batum i\u00e7in TCK 301\u2019den soru\u015fturma a\u00e7\u0131l\u0131rken, ayn\u0131 ifadeyi <span style=\"text-decoration: underline;\">Zaman Gazetesi yazar\u0131 ve AKP milletvekili \u00d6zlem T\u00fcrk\u00f6ne\u2019nin e\u015fi M\u00fcmtazer T\u00fcrk\u00f6ne\u2019nin<\/span> de kulland\u0131\u011f\u0131 ortaya \u00e7\u0131kt\u0131. T\u00fcrk\u00f6ne, alt\u0131 ay \u00f6nce &#8220;<strong>Bir tek subay\u0131n terfi alamad\u0131\u011f\u0131 i\u00e7in, ka\u011f\u0131ttan kaplan gibi yere serebilece\u011fi bir orduyla, bu kadar \u00e7aresiz bir ordu ile, \u00fclke savunulur mu?<\/strong>\u2019\u2019 diye yazd\u0131. <!--more--><\/p>\n<p style=\"text-align: justify;\">T\u00fcrk\u00f6ne, 15 Temmuz 2010 g\u00fcn\u00fc Zaman gazetesindeki \u2018\u2019Albay Dursun \u00c7i\u00e7ek intihara zorlan\u0131yor \u2018\u2019 ba\u015fl\u0131kl\u0131 yaz\u0131s\u0131nda, \u2018\u2019 Bo\u011faz\u0131na kadar siyasete batm\u0131\u015f bir kararg\u00e2hta g\u00f6rev yap\u0131yordu\u2019\u2019 dedi ve \u015funlar\u0131 yazd\u0131.<\/p>\n<p style=\"text-align: justify;\">&#8220;(\u2026)  Albay Dursun \u00c7i\u00e7ek, temel g\u00f6revi siyaseti tanzim etmek olan Genelkurmay Kararg\u00e2h\u0131&#8217;n\u0131n bir par\u00e7as\u0131yd\u0131. Verilen emri, bir asker oldu\u011fu i\u00e7in yerine getirdi. Kendi milletine kar\u015f\u0131 su\u00e7 i\u015fledi.(\u2026) \u015eimdi asker y\u00fcr\u00fctt\u00fc\u011f\u00fc siyas\u00ee sava\u015fta \u015ferefli bir albay\u0131n\u0131 feda ediyor. \u00dcst\u00fc \u00f6rt\u00fclemeyen b\u00fct\u00fcn su\u00e7lar\u0131 bu albay\u0131n \u00fczerine y\u0131k\u0131yor ve g\u00fcya bu sayede sapland\u0131\u011f\u0131 batakl\u0131ktan \u00e7\u0131kmay\u0131, komutanlar\u0131 kurtarmay\u0131 umuyor.<\/p>\n<p style=\"text-align: justify;\">(\u2026) K\u0131z\u0131, babas\u0131n\u0131n y\u00fcksek asker\u00ee niteliklerinden \u00f6zellikle de askerlikte \u00e7ok \u00f6nemli olan verilen emre itaat al\u0131\u015fkanl\u0131\u011f\u0131ndan bahsediyor. Benim de en k\u00fc\u00e7\u00fck \u015f\u00fcphem yok. Bir T\u00fcrk subay\u0131, emir almadan b\u00f6yle bir i\u015fe kalk\u0131\u015fmaz. Su\u00e7 i\u015fleyip sonra da kendi kendini ihbar etmez. Neden kendini su\u00e7lu duruma d\u00fc\u015f\u00fcrs\u00fcn? Daha \u00f6tesi, bir tek subay\u0131n terfi alamad\u0131\u011f\u0131 i\u00e7in k\u00e2\u011f\u0131ttan kaplan gibi yere serebilece\u011fi bir orduyla, bu kadar \u00e7aresiz bir ordu ile \u00fclke savunulur mu?&#8221;<\/p>\n<p style=\"text-align: justify;\"><span style=\"text-decoration: underline;\">T\u00fcrk\u00f6ne Ekim 2009\u2019daki bir ba\u015fka yaz\u0131s\u0131nda da TSK yerine yeni bir ordunun kurulmas\u0131n\u0131 \u00f6nermi\u015f, bug\u00fcnk\u00fc orduyu <strong>fesat \u00fcreten Yeni\u00e7eri oca\u011f\u0131na benzetmi\u015f<\/strong>, \u2018\u2019T\u00fcrk askerinin \u015ferefini, \u00fclkemizin g\u00fcvenli\u011fini, T\u00fcrkiye&#8217;nin birli\u011fini, halk\u0131n hukukunu, devletin bekas\u0131n\u0131 koruyabilmek i\u00e7in bu kurumsal yap\u0131ya son vermemiz ve yeni bir ordu kurmam\u0131z l\u00e2z\u0131m\u2019\u2019 demi\u015fti.<\/span><\/p>\n<p style=\"text-align: justify;\"><a href=\"http:\/\/www.gazeteport.com.tr\/SIYASET\/NEWS\/GP_851097\" target=\"_blank\"><span style=\"color: #888888;\">Kaynak : GAZETEPORT<\/span><\/a><\/p>\n","protected":false},"excerpt":{"rendered":"<p style=\"text-align: center;\">\n<p style=\"text-align: justify;\">TSK\u2019ya \u2018\u2019Ka\u011f\u0131ttan kaplan\u2019\u2019 diyen S\u00fcheyl Batum hakk\u0131nda soru\u015fturma a\u00e7\u0131l\u0131rken, ayn\u0131 ifadeyi 6 ay \u00f6nce Zaman yazar\u0131 ve AKP milletvekili \u00d6zlem T\u00fcrk\u00f6ne\u2019nin e\u015fi M\u00fcmtazer T\u00fcrk\u00f6ne\u2019nin de kulland\u0131\u011f\u0131 ortaya \u00e7\u0131kt\u0131.<\/p>\n<p style=\"text-align: justify;\">TSK\u2019ya \u2018\u2019Ka\u011f\u0131ttan kaplan\u2019\u2019 diyen CHP Genel Ba\u015fkan yard\u0131mc\u0131s\u0131 S\u00fcheyl Batum i\u00e7in TCK 301\u2019den soru\u015fturma a\u00e7\u0131l\u0131rken, ayn\u0131 ifadeyi Zaman Gazetesi yazar\u0131 <\/p>\n","protected":false},"author":1,"featured_media":0,"comment_status":"open","ping_status":"closed","sticky":false,"template":"","format":"standard","meta":{"footnotes":""},"categories":[105],"tags":[],"class_list":["post-28075","post","type-post","status-publish","format-standard","hentry","category-gundem","odd"],"_links":{"self":[{"href":"http:\/\/www.korhanyilmaz.com\/index.php?rest_route=\/wp\/v2\/posts\/28075","targetHints":{"allow":["GET"]}}],"collection":[{"href":"http:\/\/www.korhanyilmaz.com\/index.php?rest_route=\/wp\/v2\/posts"}],"about":[{"href":"http:\/\/www.korhanyilmaz.com\/index.php?rest_route=\/wp\/v2\/types\/post"}],"author":[{"embeddable":true,"href":"http:\/\/www.korhanyilmaz.com\/index.php?rest_route=\/wp\/v2\/users\/1"}],"replies":[{"embeddable":true,"href":"http:\/\/www.korhanyilmaz.com\/index.php?rest_route=%2Fwp%2Fv2%2Fcomments&post=28075"}],"version-history":[{"count":0,"href":"http:\/\/www.korhanyilmaz.com\/index.php?rest_route=\/wp\/v2\/posts\/28075\/revisions"}],"wp:attachment":[{"href":"http:\/\/www.korhanyilmaz.com\/index.php?rest_route=%2Fwp%2Fv2%2Fmedia&parent=28075"}],"wp:term":[{"taxonomy":"category","embeddable":true,"href":"http:\/\/www.korhanyilmaz.com\/index.php?rest_route=%2Fwp%2Fv2%2Fcategories&post=28075"},{"taxonomy":"post_tag","embeddable":true,"href":"http:\/\/www.korhanyilmaz.com\/index.php?rest_route=%2Fwp%2Fv2%2Ftags&post=28075"}],"curies":[{"name":"wp","href":"https:\/\/api.w.org\/{rel}","templated":true}]}}