{"id":28071,"date":"2011-02-10T13:09:12","date_gmt":"2011-02-10T11:09:12","guid":{"rendered":"http:\/\/www.korhanyilmaz.com\/?p=28071"},"modified":"2011-02-10T13:09:12","modified_gmt":"2011-02-10T11:09:12","slug":"gerceker-siyaset-istedi-hayirli-olsun","status":"publish","type":"post","link":"http:\/\/www.korhanyilmaz.com\/?p=28071","title":{"rendered":"Ger\u00e7eker: &#8220;Siyaset istedi, hay\u0131rl\u0131 olsun&#8221;"},"content":{"rendered":"<p style=\"text-align: justify;\"><a href=\"http:\/\/www.korhanyilmaz.com\/wp-content\/uploads\/2011\/02\/261.jpg\"  class=\"lightview\"><img loading=\"lazy\" decoding=\"async\" class=\"aligncenter size-full wp-image-28072\" src=\"http:\/\/www.korhanyilmaz.com\/wp-content\/uploads\/2011\/02\/261.jpg\" alt=\"\" width=\"307\" height=\"236\" \/><\/a><\/p>\n<p style=\"text-align: justify;\">Yarg\u0131tay ve Dan\u0131\u015ftay&#8217;daki \u00fcye say\u0131s\u0131n\u0131 art\u0131ran d\u00fczenleme yasala\u015ft\u0131. Yarg\u0131tay Ba\u015fkan\u0131 Hasan Ger\u00e7eker, &#8220;Siyaset b\u00f6yle istedi. Hay\u0131rl\u0131 olsun&#8221; dedi, ama endi\u015felerini de gizlemedi. Ger\u00e7eker Yarg\u0131tay&#8217;a 137 yeni \u00fcye se\u00e7ilece\u011fini hat\u0131rlatt\u0131, &#8220;Az say\u0131 de\u011fil. Yarg\u0131tay tarihinde bir ilk. \u0130n\u015fallah iyi olur&#8221; dedi. <!--more--><\/p>\n<p style=\"text-align: justify;\">Ger\u00e7eker, yarg\u0131da i\u015f y\u00fck\u00fcn\u00fcn hafifletilmesi i\u00e7in Yarg\u0131tay ve Dan\u0131\u015ftay&#8217;da daire say\u0131s\u0131n\u0131 art\u0131ran yasa tasar\u0131s\u0131n\u0131n d\u00fcn gece Meclis&#8217;ten ge\u00e7mesinin ard\u0131ndan ilk kez konu\u015ftu.<\/p>\n<p style=\"text-align: justify;\">&#8220;Yasama g\u00f6revini yapt\u0131. \u015eimdi s\u0131ra yarg\u0131da&#8221; diyen Ger\u00e7eker, &#8220;\u0130n\u015fallah bu karar \u00fclkemiz i\u00e7in iyi olur. Yarg\u0131ya g\u00fcven daha da artar. Yarg\u0131 olarak biz g\u00f6revimizi yapaca\u011f\u0131z&#8221; dedi.<\/p>\n<p style=\"text-align: justify;\">Ger\u00e7eker, &#8220;Siyaset b\u00f6yle istedi, hay\u0131rl\u0131 olsun&#8221; dedi ama \u00e7ekincelerini de gizlemedi: &#8220;Yarg\u0131n\u0131n siyasalla\u015fmas\u0131 toplum i\u00e7in her \u015feyin bitmesi demektir.&#8221;<\/p>\n<p style=\"text-align: justify;\">Ger\u00e7eker Yarg\u0131tay&#8217;a 137 yeni \u00fcye i\u00e7in de, &#8220;Bu arkada\u015flar\u0131m\u0131z da belli nitelikleri ta\u015f\u0131yan ve g\u00f6revini lay\u0131k\u0131yla yapacak arkada\u015flar\u0131m\u0131z olacakt\u0131r. Onlar da adalet i\u00e7in \u00e7al\u0131\u015facaklard\u0131r&#8221; diye konu\u015ftu.<\/p>\n<p style=\"text-align: justify;\"><a href=\"http:\/\/www.cnnturk.com\/2011\/turkiye\/02\/10\/gerceker.siyaset.istedi.hayirli.olsun\/606341.0\/index.html\" target=\"_blank\"><span style=\"color: #888888;\">CNN T\u00dcRK<\/span><\/a><\/p>\n","protected":false},"excerpt":{"rendered":"<p style=\"text-align: justify;\">\n<p style=\"text-align: justify;\">Yarg\u0131tay ve Dan\u0131\u015ftay&#8217;daki \u00fcye say\u0131s\u0131n\u0131 art\u0131ran d\u00fczenleme yasala\u015ft\u0131. Yarg\u0131tay Ba\u015fkan\u0131 Hasan Ger\u00e7eker, &#8220;Siyaset b\u00f6yle istedi. Hay\u0131rl\u0131 olsun&#8221; dedi, ama endi\u015felerini de gizlemedi. Ger\u00e7eker Yarg\u0131tay&#8217;a 137 yeni \u00fcye se\u00e7ilece\u011fini hat\u0131rlatt\u0131, &#8220;Az say\u0131 de\u011fil. Yarg\u0131tay tarihinde bir ilk. \u0130n\u015fallah iyi olur&#8221; dedi. <\/p>\n","protected":false},"author":1,"featured_media":0,"comment_status":"open","ping_status":"closed","sticky":false,"template":"","format":"standard","meta":{"footnotes":""},"categories":[105],"tags":[],"class_list":["post-28071","post","type-post","status-publish","format-standard","hentry","category-gundem","odd"],"_links":{"self":[{"href":"http:\/\/www.korhanyilmaz.com\/index.php?rest_route=\/wp\/v2\/posts\/28071","targetHints":{"allow":["GET"]}}],"collection":[{"href":"http:\/\/www.korhanyilmaz.com\/index.php?rest_route=\/wp\/v2\/posts"}],"about":[{"href":"http:\/\/www.korhanyilmaz.com\/index.php?rest_route=\/wp\/v2\/types\/post"}],"author":[{"embeddable":true,"href":"http:\/\/www.korhanyilmaz.com\/index.php?rest_route=\/wp\/v2\/users\/1"}],"replies":[{"embeddable":true,"href":"http:\/\/www.korhanyilmaz.com\/index.php?rest_route=%2Fwp%2Fv2%2Fcomments&post=28071"}],"version-history":[{"count":0,"href":"http:\/\/www.korhanyilmaz.com\/index.php?rest_route=\/wp\/v2\/posts\/28071\/revisions"}],"wp:attachment":[{"href":"http:\/\/www.korhanyilmaz.com\/index.php?rest_route=%2Fwp%2Fv2%2Fmedia&parent=28071"}],"wp:term":[{"taxonomy":"category","embeddable":true,"href":"http:\/\/www.korhanyilmaz.com\/index.php?rest_route=%2Fwp%2Fv2%2Fcategories&post=28071"},{"taxonomy":"post_tag","embeddable":true,"href":"http:\/\/www.korhanyilmaz.com\/index.php?rest_route=%2Fwp%2Fv2%2Ftags&post=28071"}],"curies":[{"name":"wp","href":"https:\/\/api.w.org\/{rel}","templated":true}]}}