{"id":28068,"date":"2011-02-10T12:13:12","date_gmt":"2011-02-10T10:13:12","guid":{"rendered":"http:\/\/www.korhanyilmaz.com\/?p=28068"},"modified":"2011-02-10T12:13:12","modified_gmt":"2011-02-10T10:13:12","slug":"kilicdaroglundan-gule-yargi-reformu-cagrisi","status":"publish","type":"post","link":"http:\/\/www.korhanyilmaz.com\/?p=28068","title":{"rendered":"K\u0131l\u0131\u00e7daro\u011flu&#8217;ndan G\u00fcl&#8217;e &#8216;yarg\u0131 reformu&#8217; \u00e7a\u011fr\u0131s\u0131"},"content":{"rendered":"<p style=\"text-align: justify;\"><a href=\"http:\/\/www.korhanyilmaz.com\/wp-content\/uploads\/2011\/02\/260.jpg\"  class=\"lightview\"><img loading=\"lazy\" decoding=\"async\" class=\"aligncenter size-full wp-image-28069\" src=\"http:\/\/www.korhanyilmaz.com\/wp-content\/uploads\/2011\/02\/260.jpg\" alt=\"\" width=\"292\" height=\"201\" \/><\/a><\/p>\n<p style=\"text-align: justify;\">CHP Genel Ba\u015fkan\u0131 Kemal K\u0131l\u0131\u00e7daro\u011flu, Yarg\u0131tay ve Dan\u0131\u015ftayda daire ve \u00fcye say\u0131lar\u0131n\u0131 art\u0131ran yasa tasar\u0131s\u0131n\u0131n TBMM Genel Kurulu&#8217;nda kabul edilmesine ili\u015fkin olarak, &#8220;\u0130mzalarken mutlaka bir kez daha d\u00fc\u015f\u00fcnmesini Say\u0131n Cumhurba\u015fkan\u0131&#8217;ndan istiyoruz&#8221; dedi.<\/p>\n<p style=\"text-align: justify;\">K\u0131l\u0131\u00e7daro\u011flu, CHP Gen\u00e7lik Kollar\u0131 Genel Ba\u015fkanl\u0131\u011f\u0131nca d\u00fczenlenen kat\u0131l\u0131m t\u00f6reninde konu\u015ftu. <!--more--><\/p>\n<p style=\"text-align: justify;\">Parti Genel Merkezi \u00f6n\u00fcnde gen\u00e7lere hitap eden K\u0131l\u0131\u00e7daro\u011flu, T\u00fcrkiye&#8217;nin gelece\u011finin gen\u00e7lerde oldu\u011funu s\u00f6yledi.<\/p>\n<p style=\"text-align: justify;\">Zaman zaman h\u00fck\u00fcmetin demokrasiyi tehlikeye sokacak d\u00fczenlemeler yapt\u0131\u011f\u0131n\u0131 \u00f6ne s\u00fcren K\u0131l\u0131\u00e7daro\u011flu, \u015f\u00f6yle konu\u015ftu:<\/p>\n<p style=\"text-align: justify;\">&#8220;Burada Say\u0131n Cumhurba\u015fkan\u0131&#8217;na sesleniyorum. D\u00fcn gece Parlamentoda kabul edilen yasa, yarg\u0131n\u0131n y\u00fcr\u00fctmenin emrine girmesini \u00f6ng\u00f6ren bir yasad\u0131r. E\u011fer siz bu \u00fclkede demokrasinin k\u00f6kle\u015fmesini istiyorsan\u0131z, \u00f6zg\u00fcrl\u00fcklerin ger\u00e7ekten ye\u015fermesini istiyorsan\u0131z, bask\u0131n\u0131n ger\u00e7ekten ortadan kalkmas\u0131n\u0131 istiyorsan\u0131z, e\u011fer bu \u00fclkede sade bir yurtta\u015f bile telefonlar\u0131n\u0131n dinlendi\u011finden endi\u015fe duyuyorsa bu yasa bu endi\u015felere sadece katk\u0131 verecektir. Bu endi\u015feleri yok etmeyecektir. \u0130mzalarken mutlaka bir kez daha d\u00fc\u015f\u00fcnmesini Say\u0131n Cumhurba\u015fkan\u0131&#8217;ndan istiyoruz.&#8221;<\/p>\n<p style=\"text-align: justify;\"><strong>&#8220;Gen\u00e7ler Y\u00d6K&#8217;\u00fcn kald\u0131r\u0131lmas\u0131n\u0131 istiyor&#8221; <\/strong><\/p>\n<p style=\"text-align: justify;\">K\u0131l\u0131\u00e7daro\u011flu, gen\u00e7lerin Y\u00d6K&#8217;\u00fcn kald\u0131r\u0131lmas\u0131n\u0131 ve bask\u0131n\u0131n olmad\u0131\u011f\u0131 \u00f6zg\u00fcr bir \u00fcniversite talep etti\u011fini ifade ederek, &#8220;Gen\u00e7ler demokrasi istiyor. Gen\u00e7ler \u00f6zg\u00fcrce okumak ama har\u00e7s\u0131z okumak, har\u00e7lar\u0131n kald\u0131r\u0131lmas\u0131n\u0131 istiyor. Gen\u00e7ler yurt istiyor. B\u00fct\u00fcn sorunlar\u0131 biliyoruz. Ve buradan T\u00fcrkiye&#8217;deki b\u00fct\u00fcn gen\u00e7lere sesleniyoruz; sizin sorunlar\u0131n\u0131z\u0131 \u00e7\u00f6zecek tek bir parti var, CHP. Halk\u0131n partisi sizin sorunlar\u0131n\u0131z\u0131 \u00e7\u00f6zecek&#8221; dedi.<\/p>\n<p style=\"text-align: justify;\">&#8220;Gen\u00e7ler \u00f6zg\u00fcrl\u00fck isterken k\u00f6r bir kur\u015funa hedef olup faili me\u00e7hul olmak da istemiyor&#8221; diyen K\u0131l\u0131\u00e7daro\u011flu, gen\u00e7li\u011fi olmayan bir partinin, gen\u00e7li\u011fi olmayan bir \u00fclkenin gelece\u011finin de olmayaca\u011f\u0131n\u0131 s\u00f6yledi.<\/p>\n<p style=\"text-align: justify;\">T\u00fcrkiye&#8217;de gen\u00e7lerin gelecek kayg\u0131s\u0131 ta\u015f\u0131d\u0131\u011f\u0131n\u0131, 4 gen\u00e7ten birinin i\u015fsiz oldu\u011funu dile getiren K\u0131l\u0131\u00e7daro\u011flu, \u015f\u00f6yle konu\u015ftu:<\/p>\n<p style=\"text-align: justify;\">&#8220;O zaman bir sorunumuz var, bu \u00fclkede bir iktidar sorunu var. Bu \u00fclke iyi y\u00f6netilemiyor demektir, gen\u00e7lerine sahip \u00e7\u0131kam\u0131yor demektir. Onun i\u00e7in diyoruz; g\u00fc\u00e7 birli\u011fi yapal\u0131m, el birli\u011fi yapal\u0131m, g\u00f6n\u00fcl birli\u011fi yapal\u0131m, AKP kabusundan T\u00fcrkiye&#8217;yi kurtaral\u0131m.&#8221;<\/p>\n<p style=\"text-align: justify;\"><strong>&#8220;Direnmek bizim boynumuzun borcu&#8221; <\/strong><\/p>\n<p style=\"text-align: justify;\">K\u0131l\u0131\u00e7daro\u011flu gen\u00e7lere, &#8220;Hangi yasay\u0131 \u00e7\u0131kar\u0131rlarsa \u00e7\u0131kars\u0131nlar, hangi bask\u0131y\u0131 kurarlarsa kursunlar, sizin g\u00fcc\u00fcn\u00fcz, halk\u0131n g\u00fcc\u00fc oldu\u011fu s\u00fcrece m\u00fccadeleyi yapmak, direnmek bizim boynumuzun borcu olacakt\u0131r, bundan emin olun&#8221; dedi.<\/p>\n<p style=\"text-align: justify;\">K\u0131l\u0131\u00e7daro\u011flu&#8217;nun konu\u015fmas\u0131 s\u0131ras\u0131nda gen\u00e7ler s\u0131k s\u0131k &#8220;Ba\u015fbakan Kemal&#8221;, &#8220;\u0130nad\u0131na CHP, inad\u0131na sol&#8221;, &#8220;Gen\u00e7lik seninle, durma ilerle&#8221; sloganlar\u0131 att\u0131.<\/p>\n<p style=\"text-align: justify;\">K\u0131l\u0131\u00e7daro\u011flu daha sonra partiye kat\u0131lan gen\u00e7lerden baz\u0131lar\u0131na CHP rozeti takt\u0131.<\/p>\n<p style=\"text-align: justify;\"><strong>Se\u00e7im par\u00e7alar\u0131 tan\u0131t\u0131ld\u0131 <\/strong><\/p>\n<p style=\"text-align: justify;\">Konu\u015fmalar\u0131n ard\u0131ndan program partinin zemin kat\u0131ndaki konferans salonunda devam etti.<\/p>\n<p style=\"text-align: justify;\">Burada Gen\u00e7lik Kollar\u0131 Genel Ba\u015fkanl\u0131\u011f\u0131n\u0131n sunumunun ard\u0131ndan, s\u00f6zleri A\u015f\u0131k \u0130hsani&#8217;nin olan ve d\u00fczenlemesi ile seslendirilmesi Onur Ak\u0131n taraf\u0131ndan yap\u0131lan &#8220;Bir \u0131sl\u0131k da sen \u00e7al&#8221; \u015fark\u0131s\u0131 ile s\u00f6zleri Ali Dilki&#8217;ye, m\u00fczi\u011fi Onur Ak\u0131n&#8217;a ait &#8220;Ak dediler kara \u00e7\u0131kt\u0131&#8221; \u015fark\u0131s\u0131 Nil\u00fcfer Sar\u0131ta\u015f taraf\u0131ndan seslendirildi.<\/p>\n<p style=\"text-align: justify;\">\u015eark\u0131lara gen\u00e7lerle Kemal K\u0131l\u0131\u00e7daro\u011flu&#8217;nun da e\u015flik etti\u011fi g\u00f6zlendi.<\/p>\n<p style=\"text-align: justify;\">Yeni \u015fark\u0131lar\u0131 Anadolu&#8217;nun her taraf\u0131nda seslendireceklerini belirten K\u0131l\u0131\u00e7daro\u011flu, gen\u00e7lerden bir iste\u011fi oldu\u011funu belirterek, &#8220;Kararl\u0131 ve dik durmay\u0131, onurlu durmay\u0131, b\u00fct\u00fcn bask\u0131lara direnmeyi, halk\u0131n yan\u0131nda olmay\u0131, halk\u0131n \u00e7\u0131karlar\u0131n\u0131 savunmay\u0131 hayat\u0131n\u0131z boyunca unutmay\u0131n&#8221; dedi.<\/p>\n<p style=\"text-align: justify;\">\u00dczerlerinde bask\u0131 kurulmaya \u00e7al\u0131\u015f\u0131ld\u0131\u011f\u0131n\u0131, bunun se\u00e7im s\u00fcrecinde daha da artaca\u011f\u0131n\u0131 ifade eden K\u0131l\u0131\u00e7daro\u011flu, \u015f\u00f6yle konu\u015ftu:<\/p>\n<p style=\"text-align: justify;\">&#8220;Medyalar\u0131 arac\u0131l\u0131\u011f\u0131yla her t\u00fcrl\u00fc bilgi kirlili\u011fini yaratacaklar. Genel Ba\u015fkan Yard\u0131mc\u0131lar\u0131m\u0131z\u0131n s\u00f6ylemedi\u011fi s\u00f6zleri, s\u00f6ylenmi\u015f gibi a\u00e7\u0131klamalar yapacaklar. Toplumu bilgi kirlili\u011finden bizler koruyaca\u011f\u0131z. Gen\u00e7li\u011fin \u00e7ok \u00f6nemli bir i\u015flevi var. Gen\u00e7li\u011fin bireysel \u00e7\u0131kar pe\u015finden ko\u015fma gibi asla bir d\u00fc\u015f\u00fcncesi yoktur. Gen\u00e7lik, gelece\u011fi, halk\u0131n\u0131 d\u00fc\u015f\u00fcn\u00fcr, gen\u00e7lik onurlu T\u00fcrkiye&#8217;yi d\u00fc\u015f\u00fcn\u00fcr&#8230;<\/p>\n<p style=\"text-align: justify;\">Daha \u00e7ok bask\u0131n\u0131n oldu\u011fu bir s\u00fcrece giriyoruz. Onlar bask\u0131 kurduk\u00e7a biz \u00f6zg\u00fcrl\u00fc\u011f\u00fcn sesini daha \u00e7ok y\u00fckseltece\u011fiz. Onlar bask\u0131 kurduk\u00e7a daha \u00f6zg\u00fcr bir T\u00fcrkiye talebini her yerde yenileyece\u011fiz. Onlar yoksullu\u011fu art\u0131rd\u0131k\u00e7a yoksullar\u0131n direnmesini sa\u011flayaca\u011f\u0131z. Onlara, sosyal devlet var, diyece\u011fiz&#8230;&#8221;<\/p>\n<p style=\"text-align: justify;\"><strong>Yarg\u0131 reformu <\/strong><\/p>\n<p style=\"text-align: justify;\">\u00d6te yandan gazetecilerin Yarg\u0131tay ve Dan\u0131\u015ftayda daire ve \u00fcye say\u0131lar\u0131n\u0131 art\u0131ran tasar\u0131n\u0131n TBMM Genel Kurulunda kabul edilerek yasala\u015fmas\u0131na ili\u015fkin soruyu yan\u0131tlayan CHP Genel Ba\u015fkan Yard\u0131mc\u0131s\u0131 G\u00fcrsel Tekin, Cumhurba\u015fkan\u0131&#8217;n\u0131n tavr\u0131n\u0131 beklediklerini belirterek, &#8220;Onay verirse Anayasa Mahkemesine g\u00f6t\u00fcrece\u011fiz. Kapka\u00e7 mant\u0131\u011f\u0131yla ge\u00e7irilmi\u015f bir kanundur&#8221; ifadelerini kulland\u0131.<\/p>\n<p style=\"text-align: justify;\"><a href=\"http:\/\/www.cnnturk.com\/2011\/turkiye\/02\/10\/kilicdaroglundan.gule.yargi.reformu.cagrisi\/606332.0\/index.html\" target=\"_blank\"><span style=\"color: #888888;\">Kaynak : CNN T\u00dcRK<\/span><\/a><\/p>\n","protected":false},"excerpt":{"rendered":"<p style=\"text-align: justify;\">\n<p style=\"text-align: justify;\">CHP Genel Ba\u015fkan\u0131 Kemal K\u0131l\u0131\u00e7daro\u011flu, Yarg\u0131tay ve Dan\u0131\u015ftayda daire ve \u00fcye say\u0131lar\u0131n\u0131 art\u0131ran yasa tasar\u0131s\u0131n\u0131n TBMM Genel Kurulu&#8217;nda kabul edilmesine ili\u015fkin olarak, &#8220;\u0130mzalarken mutlaka bir kez daha d\u00fc\u015f\u00fcnmesini Say\u0131n Cumhurba\u015fkan\u0131&#8217;ndan istiyoruz&#8221; dedi.<\/p>\n<p style=\"text-align: justify;\">K\u0131l\u0131\u00e7daro\u011flu, CHP Gen\u00e7lik Kollar\u0131 Genel Ba\u015fkanl\u0131\u011f\u0131nca d\u00fczenlenen kat\u0131l\u0131m t\u00f6reninde konu\u015ftu. <\/p>\n","protected":false},"author":1,"featured_media":0,"comment_status":"open","ping_status":"closed","sticky":false,"template":"","format":"standard","meta":{"footnotes":""},"categories":[105],"tags":[],"class_list":["post-28068","post","type-post","status-publish","format-standard","hentry","category-gundem","odd"],"_links":{"self":[{"href":"http:\/\/www.korhanyilmaz.com\/index.php?rest_route=\/wp\/v2\/posts\/28068","targetHints":{"allow":["GET"]}}],"collection":[{"href":"http:\/\/www.korhanyilmaz.com\/index.php?rest_route=\/wp\/v2\/posts"}],"about":[{"href":"http:\/\/www.korhanyilmaz.com\/index.php?rest_route=\/wp\/v2\/types\/post"}],"author":[{"embeddable":true,"href":"http:\/\/www.korhanyilmaz.com\/index.php?rest_route=\/wp\/v2\/users\/1"}],"replies":[{"embeddable":true,"href":"http:\/\/www.korhanyilmaz.com\/index.php?rest_route=%2Fwp%2Fv2%2Fcomments&post=28068"}],"version-history":[{"count":0,"href":"http:\/\/www.korhanyilmaz.com\/index.php?rest_route=\/wp\/v2\/posts\/28068\/revisions"}],"wp:attachment":[{"href":"http:\/\/www.korhanyilmaz.com\/index.php?rest_route=%2Fwp%2Fv2%2Fmedia&parent=28068"}],"wp:term":[{"taxonomy":"category","embeddable":true,"href":"http:\/\/www.korhanyilmaz.com\/index.php?rest_route=%2Fwp%2Fv2%2Fcategories&post=28068"},{"taxonomy":"post_tag","embeddable":true,"href":"http:\/\/www.korhanyilmaz.com\/index.php?rest_route=%2Fwp%2Fv2%2Ftags&post=28068"}],"curies":[{"name":"wp","href":"https:\/\/api.w.org\/{rel}","templated":true}]}}