{"id":28064,"date":"2011-02-10T11:08:15","date_gmt":"2011-02-10T09:08:15","guid":{"rendered":"http:\/\/www.korhanyilmaz.com\/?p=28064"},"modified":"2011-02-10T11:08:15","modified_gmt":"2011-02-10T09:08:15","slug":"bakan-protestosuna-gozalti","status":"publish","type":"post","link":"http:\/\/www.korhanyilmaz.com\/?p=28064","title":{"rendered":"Bakan protestosuna g\u00f6zalt\u0131"},"content":{"rendered":"<p style=\"text-align: justify;\"><a href=\"http:\/\/www.korhanyilmaz.com\/wp-content\/uploads\/2011\/02\/259.jpg\"  class=\"lightview\"><img loading=\"lazy\" decoding=\"async\" class=\"aligncenter size-full wp-image-28065\" src=\"http:\/\/www.korhanyilmaz.com\/wp-content\/uploads\/2011\/02\/259.jpg\" alt=\"\" width=\"420\" height=\"210\" \/><\/a><\/p>\n<p style=\"text-align: justify;\">Ge\u00e7ti\u011fimiz pazartesi g\u00fcn\u00fc \u0130l Emniyet M\u00fcd\u00fcrleri De\u011ferlendirme Toplant\u0131s\u0131\u2019nda konu\u015fan \u0130\u00e7i\u015fleri Bakan\u0131 Be\u015fir Atalay, \u00c7evik Kuvvet\u2019in toplumsal olaylarda tutumunun polisin imaj\u0131nda belirleyici oldu\u011funu belirterek, oralara gen\u00e7 polislerin gitti\u011fini ve bu nedenle e\u011fitimin \u00f6nem ta\u015f\u0131d\u0131\u011f\u0131n\u0131 s\u00f6ylemi\u015fti \u0130\u00e7i\u015fleri Bakan\u0131 Atalay\u2019\u0131n bu uyar\u0131s\u0131na ra\u011fmen polis bug\u00fcn KT\u00dc\u2019de \u00c7evre Bakan\u0131 Veysel Ero\u011flu\u2019nu protesto etmek isteyen gruba yine \u00e7ok sert bir \u015fekilde m\u00fcdahale etti. Biber gaz\u0131 ve coplarla \u00f6\u011frenci grubunu da\u011f\u0131tan polis g\u00f6stericileri yerlerde s\u00fcr\u00fckleyerek g\u00f6zalt\u0131na ald\u0131.\u00a0 <!--more--><\/p>\n<p style=\"text-align: justify;\">\u2019KARADEN\u0130Z Teknik \u00dcniversitesi (KT\u00dc) \u00d6\u011frenci Kolektifi\u2019 \u00fcyesi bir grup \u00f6\u011frenci, \u00c7evre ve Orman Bakan\u0131 Veysel Ero\u011flu\u2019nun kat\u0131ld\u0131\u011f\u0131 sempozyumun yap\u0131ld\u0131\u011f\u0131 salona y\u00fcr\u00fcmek isterken polis engeliyle kar\u015f\u0131la\u015ft\u0131. \u00d6\u011frenciler \u00e7evik Kuvvet, sivil polisler ve \u00fcniversitenin \u00f6zel g\u00fcvenlik g\u00f6revlileri taraf\u0131ndan yaka pa\u00e7a g\u00f6zalt\u0131na al\u0131nd\u0131.<\/p>\n<p style=\"text-align: justify;\">\u00c7evre ve Orman Bakan\u0131 Veysel Ero\u011flu bug\u00fcn bakanl\u0131\u011f\u0131 taraf\u0131ndan KT\u00dc\u2019de d\u00fczenlenen Do\u011fu Karadeniz B\u00f6lgesi Heyelan ve Ta\u015fk\u0131nlar\u0131 Sempozyumu\u2019na kat\u0131ld\u0131\u011f\u0131n\u0131 s\u00f6yledi. Kanuni Kampusu\u2019ndaki Osman Turan Kongre Merkezi\u2019ndeki sempozyum ba\u015flad\u0131ktan sonra, 3 g\u00fcnden bu yana Rekt\u00f6rl\u00fck binas\u0131 \u00f6n\u00fcnde \u2019ba\u011f\u0131\u015f\u2019 ad\u0131 alt\u0131nda toplanan har\u00e7 paralar\u0131n\u0131 protesto etmek i\u00e7in oturma eylemi d\u00fczenleyen \u00f6\u011frenciler Kongre Merkezi\u2019ne y\u00fcr\u00fcmek istedi. Ellerinde \u2019AKP \u00fcniversiteden defol\u2019 yaz\u0131l\u0131 pankartlar ta\u015f\u0131yan ve &#8220;Ero\u011flu \u00fcniversiteyi terket&#8221; diye slogan atan 25 \u00f6\u011frenci, salona 100 metre kala polis engeliyle kar\u015f\u0131la\u015ft\u0131. Polis m\u00fcd\u00fcrlerinin y\u00fcr\u00fcy\u00fc\u015f\u00fc sonland\u0131rmalar\u0131 iste\u011fine olumsuz yan\u0131t veren \u00f6\u011frenciler, polis taraf\u0131ndan \u00f6nce \u00e7embere al\u0131nd\u0131. \u00c7\u0131kan arbede ard\u0131ndan \u00e7evik kuvvet, sivil polisler ve \u00fcniversitenin \u00f6zel g\u00fcvenlik elemanlar\u0131 taraf\u0131ndan g\u00f6zalt\u0131na al\u0131nan \u00f6\u011frenciler polis otob\u00fcs\u00fcne bindirildi. Baz\u0131 \u00f6\u011frenciler yerlerde s\u00fcr\u00fcklendi, yere yat\u0131r\u0131lan \u00f6\u011frencilerin \u00fczerine g\u00f6revlilerin ayaklar\u0131yla bast\u0131klar\u0131 g\u00f6r\u00fcld\u00fc.<\/p>\n<p style=\"text-align: justify;\">Karadeniz Teknik \u00dcniversitesi\u2019ndeki Orman M\u00fchendisli\u011fi, Jeoloji ve Jeodezi M\u00fchendisli\u011fi gibi sempozyumdaki konularla ilgili b\u00f6l\u00fcmlere duyurular as\u0131lmas\u0131na ra\u011fmen \u00f6\u011frenciler salona al\u0131nmad\u0131. \u00d6\u011frencilere sempozyumun \u00f6\u011fleden sonraki ve yar\u0131nki b\u00f6l\u00fcmlerini takip edebilecekleri, ancak Bakan Veysel Ero\u011flu\u2019nun kat\u0131laca\u011f\u0131 sabah b\u00f6l\u00fcm\u00fcnde salona giremeyecekleri bildirildi. Bu karar\u0131n Bakan Ero\u011flu\u2019na kar\u015f\u0131 protesto olabilece\u011fi endi\u015fesiyle al\u0131nd\u0131\u011f\u0131 belirtildi.<\/p>\n<p style=\"text-align: justify;\"><a href=\"http:\/\/haber.gazetevatan.com\/bakan-protestosuna-gozalti\/358443\/1\/Gundem\" target=\"_blank\"><span style=\"color: #888888;\">Kaynak : VATAN<\/span><\/a><\/p>\n","protected":false},"excerpt":{"rendered":"<p style=\"text-align: justify;\">\n<p style=\"text-align: justify;\">Ge\u00e7ti\u011fimiz pazartesi g\u00fcn\u00fc \u0130l Emniyet M\u00fcd\u00fcrleri De\u011ferlendirme Toplant\u0131s\u0131\u2019nda konu\u015fan \u0130\u00e7i\u015fleri Bakan\u0131 Be\u015fir Atalay, \u00c7evik Kuvvet\u2019in toplumsal olaylarda tutumunun polisin imaj\u0131nda belirleyici oldu\u011funu belirterek, oralara gen\u00e7 polislerin gitti\u011fini ve bu nedenle e\u011fitimin \u00f6nem ta\u015f\u0131d\u0131\u011f\u0131n\u0131 s\u00f6ylemi\u015fti \u0130\u00e7i\u015fleri Bakan\u0131 Atalay\u2019\u0131n bu uyar\u0131s\u0131na ra\u011fmen polis bug\u00fcn KT\u00dc\u2019de \u00c7evre Bakan\u0131 Veysel Ero\u011flu\u2019nu protesto etmek isteyen <\/p>\n","protected":false},"author":1,"featured_media":0,"comment_status":"open","ping_status":"closed","sticky":false,"template":"","format":"standard","meta":{"footnotes":""},"categories":[105],"tags":[],"class_list":["post-28064","post","type-post","status-publish","format-standard","hentry","category-gundem","odd"],"_links":{"self":[{"href":"http:\/\/www.korhanyilmaz.com\/index.php?rest_route=\/wp\/v2\/posts\/28064","targetHints":{"allow":["GET"]}}],"collection":[{"href":"http:\/\/www.korhanyilmaz.com\/index.php?rest_route=\/wp\/v2\/posts"}],"about":[{"href":"http:\/\/www.korhanyilmaz.com\/index.php?rest_route=\/wp\/v2\/types\/post"}],"author":[{"embeddable":true,"href":"http:\/\/www.korhanyilmaz.com\/index.php?rest_route=\/wp\/v2\/users\/1"}],"replies":[{"embeddable":true,"href":"http:\/\/www.korhanyilmaz.com\/index.php?rest_route=%2Fwp%2Fv2%2Fcomments&post=28064"}],"version-history":[{"count":0,"href":"http:\/\/www.korhanyilmaz.com\/index.php?rest_route=\/wp\/v2\/posts\/28064\/revisions"}],"wp:attachment":[{"href":"http:\/\/www.korhanyilmaz.com\/index.php?rest_route=%2Fwp%2Fv2%2Fmedia&parent=28064"}],"wp:term":[{"taxonomy":"category","embeddable":true,"href":"http:\/\/www.korhanyilmaz.com\/index.php?rest_route=%2Fwp%2Fv2%2Fcategories&post=28064"},{"taxonomy":"post_tag","embeddable":true,"href":"http:\/\/www.korhanyilmaz.com\/index.php?rest_route=%2Fwp%2Fv2%2Ftags&post=28064"}],"curies":[{"name":"wp","href":"https:\/\/api.w.org\/{rel}","templated":true}]}}