{"id":28034,"date":"2011-02-09T15:12:27","date_gmt":"2011-02-09T13:12:27","guid":{"rendered":"http:\/\/www.korhanyilmaz.com\/?p=28034"},"modified":"2011-02-09T15:12:27","modified_gmt":"2011-02-09T13:12:27","slug":"erdogan-her-teskilatta-curuk-elmalar-cikar","status":"publish","type":"post","link":"http:\/\/www.korhanyilmaz.com\/?p=28034","title":{"rendered":"Erdo\u011fan: &#8220;Her te\u015fkilatta \u00e7\u00fcr\u00fck elmalar \u00e7\u0131kar&#8221;"},"content":{"rendered":"<p style=\"text-align: center;\"><a href=\"http:\/\/www.korhanyilmaz.com\/wp-content\/uploads\/2011\/02\/255.jpg\"  class=\"lightview\"><img loading=\"lazy\" decoding=\"async\" class=\"aligncenter size-full wp-image-28037\" src=\"http:\/\/www.korhanyilmaz.com\/wp-content\/uploads\/2011\/02\/255.jpg\" alt=\"\" width=\"307\" height=\"236\" \/><\/a><\/p>\n<p style=\"text-align: justify;\">Emniyet mensuplar\u0131yla bir araya gelen Ba\u015fbakan Recep Tayyip Erdo\u011fan, &#8220;Hi\u00e7bir kuruma haks\u0131z ele\u015ftiri getirilmesini kabul edemeyiz&#8221; dedi. &#8220;G\u00fcvenlik birimleri aras\u0131nda ayr\u0131m yap\u0131lmas\u0131 son derece sak\u0131ncal\u0131d\u0131r&#8221; diyen Ba\u015fbakan, &#8220;Asker de polis de bu milletindir. Her te\u015fkilatta \u00e7\u00fcr\u00fck elmalar \u00e7\u0131kacakt\u0131r&#8221; \u015feklinde konu\u015ftu.<!--more--><\/p>\n<p style=\"text-align: justify;\">Erdo\u011fan, \u0130\u00e7i\u015fleri Bakan\u0131 Be\u015fir Atalay ve baz\u0131 emniyet mensuplar\u0131n\u0131 Ba\u015fbakanl\u0131k Yeni Bina&#8217;da kabul etti.<\/p>\n<p style=\"text-align: justify;\">Polisleri askerlikten muaf tutan d\u00fczenlemenin hayata ge\u00e7irildi\u011fini hat\u0131rlatan Ba\u015fbakan Erdo\u011fan, Emniyet te\u015fkilat\u0131n\u0131n uzun y\u0131llard\u0131r \u00f6zlemi olan b\u00f6yle bir d\u00fczenlemeyi haz\u0131rlad\u0131\u011f\u0131 ve TBMM&#8217;ye sundu\u011fu i\u00e7in Bakanlar Kurulu&#8217;nun ve bakanlar\u0131n Emniyet te\u015fkilat\u0131n\u0131n samimi te\u015fekk\u00fcr\u00fcn\u00fc ziyadesiyle hak etti\u011fini ifade etti.<\/p>\n<p style=\"text-align: justify;\">Erdo\u011fan, &#8220;Polisimizin askerlik m\u00fckellefiyetini ortadan kald\u0131ran bu d\u00fczenleme bizim ve milletimizin de polisimize, Emniyet te\u015fkilat\u0131m\u0131za bir minnet ifadesidir. Ben polisimizin nas\u0131l fedakarca \u00e7al\u0131\u015ft\u0131\u011f\u0131n\u0131n, nas\u0131l \u00f6zveriyle \u00e7al\u0131\u015ft\u0131\u011f\u0131n\u0131n, gecesini g\u00fcnd\u00fcz\u00fcne katarak bazen g\u00fcnlerce evinden, ailesinden uzak nas\u0131l al\u0131nteri<\/p>\n<p style=\"text-align: justify;\">d\u00f6kt\u00fc\u011f\u00fcn\u00fcn en yak\u0131n \u015fahitlerinden biriyim. Son d\u00f6nemde Emniyet te\u015fkilat\u0131m\u0131z\u0131n en g\u00fcvenilir kurumlar\u0131m\u0131z aras\u0131nda yer almas\u0131, polislerimizin \u00f6zverili \u00e7al\u0131\u015fmas\u0131n\u0131n, azminin, kararl\u0131l\u0131\u011f\u0131n\u0131n bir sonucudur&#8221; dedi.<\/p>\n<p style=\"text-align: justify;\"><strong>&#8220;\u00c7\u00fcr\u00fck elmalar&#8230;&#8221; <\/strong><\/p>\n<p style=\"text-align: justify;\">&#8220;Bu kadar b\u00fcy\u00fck bir te\u015fkilat i\u00e7inde elbette yanl\u0131\u015f yola tevess\u00fcl edenler, \u00e7\u00fcr\u00fck elmalar \u00e7\u0131kacakt\u0131r&#8221; diyen Ba\u015fbakan, Bunlar da bembeyaz sicil \u00fczerinde, bembeyaz \u015ferit \u00fczerinde hemen dikkat \u00e7ekecektir. Ancak bu olumsuzluklar b\u00fct\u00fcn\u00fc g\u00f6lgelemeyecek, b\u00fct\u00fcn bir te\u015fkilat\u0131 asla lekelemeyecektir&#8221; ifadesini kulland\u0131.<\/p>\n<p style=\"text-align: justify;\">Ba\u015fbakan, &#8220;Zaman zaman Emniyet te\u015fkilat\u0131m\u0131za y\u00f6nelik haddi a\u015fan ele\u015ftirilerin, hatta hakaretlerin, hakk\u0131 g\u00f6zetmeyen de\u011ferlendirmelerin, karalama kampanyalar\u0131n\u0131n, b\u00fct\u00fcn\u00fc g\u00f6rmekten uzak bir anlay\u0131\u015fla yap\u0131ld\u0131\u011f\u0131n\u0131 biz de \u00e7ok iyi biliyoruz, milletimiz de \u00e7ok iyi biliyor. Zira bu te\u015fkilat bizzat milletin i\u00e7inden \u00e7\u0131km\u0131\u015f, milletin ba\u011fr\u0131ndan ne\u015fet etmi\u015f bir te\u015fkilatt\u0131r. Emniyet te\u015fkilat\u0131m\u0131z stat\u00fckonun bek\u00e7isi de\u011fil, de\u011fi\u015fimin \u00f6nc\u00fcs\u00fcd\u00fcr. Emniyet te\u015fkilat\u0131m\u0131z totaliter idarenin de\u011fil, ileri demokrasinin savunucusudur&#8221; diye konu\u015ftu.<\/p>\n<p style=\"text-align: justify;\"><strong>&#8220;Birka\u00e7 olumsuz tablo y\u00fcz\u00fcnden&#8230;&#8221;<\/strong><\/p>\n<p style=\"text-align: justify;\">&#8220;Polisimizin gayretli \u00e7al\u0131\u015fmalar\u0131 neticesinde, kamuoyunu sarsan cinayetler ger\u00e7ekten \u00e7ok k\u0131sa s\u00fcrede ayd\u0131nlat\u0131labiliyor. Bir\u00e7ok sald\u0131r\u0131 al\u0131nan tedbirlerle ger\u00e7ekle\u015fmeden ortaya \u00e7\u0131kar\u0131l\u0131yor&#8221; diyen Ba\u015fbakan, &#8220;Ortada bu kadar ba\u015far\u0131l\u0131 bir te\u015fkilat varken, bu kadar \u00f6zverili \u00e7al\u0131\u015fan bir ekip varken birka\u00e7 olumsuz tablo \u00fczerinden b\u00fct\u00fcn bir te\u015fkilat\u0131n t\u00f6hmet alt\u0131nda b\u0131rak\u0131lmas\u0131 vicdanla, insafla asla ba\u011fda\u015fmaz&#8221; yorumunda bulundu.<\/p>\n<p style=\"text-align: justify;\"><strong>&#8220;Asker de polis de bizim&#8221; <\/strong><\/p>\n<p style=\"text-align: justify;\">Erdo\u011fan, &#8220;G\u00fcvenlik birimlerimiz aras\u0131nda bir ayr\u0131m yap\u0131lmas\u0131n\u0131, zaman zaman art niyetli bi\u00e7imde g\u00fcvenlik birimlerimizin birbirinin alternatifi gibi g\u00f6sterilmesini ben son derece sak\u0131ncal\u0131 buluyorum. Asker bu milletin askeridir, bizim askerimizdir. Polis bu milletin polisidir, bizim polisimizdir. Jandarma bu milletin jandarmas\u0131d\u0131r, bizim jandarmam\u0131zd\u0131r. G\u00fcvenli\u011fimiz i\u00e7in \u00f6zveriyle \u00e7al\u0131\u015fan her kurum bizim kurumumuzdur, bu milletin kurumudur ve bu milletin, bu \u00fclkenin g\u00f6zbebe\u011fidir. Polis te\u015fkilat\u0131 da, Silahl\u0131 Kuvvetlerimiz de, istihbarat te\u015fkilat\u0131 da, jandarmam\u0131z da bu milletin evlatlar\u0131ndan te\u015fekk\u00fcl etmi\u015ftir. Bizler de, g\u00fcvenlik<\/p>\n<p style=\"text-align: justify;\">birimlerimiz de gerekti\u011finde \u00f6zele\u015ftirimizi elbette yapar\u0131z. Ama g\u00fcvenli\u011fimiz i\u00e7in \u00e7al\u0131\u015fan hi\u00e7bir kuruma da haks\u0131z, y\u0131k\u0131c\u0131, tahkir ve tahrip edici ele\u015ftiri getirilmesini kabullenemeyiz. Bunun kar\u015f\u0131s\u0131nda ilk \u00f6nce biz dururuz.&#8221;<\/p>\n<p style=\"text-align: justify;\"><a href=\"http:\/\/www.cnnturk.com\/2011\/turkiye\/02\/09\/erdogan.her.teskilatta.curuk.elmalar.cikar\/606235.0\/index.html\" target=\"_blank\"><span style=\"color: #888888;\">CNN T\u00dcRK<\/span><\/a><\/p>\n","protected":false},"excerpt":{"rendered":"<p style=\"text-align: center;\">\n<p style=\"text-align: justify;\">Emniyet mensuplar\u0131yla bir araya gelen Ba\u015fbakan Recep Tayyip Erdo\u011fan, &#8220;Hi\u00e7bir kuruma haks\u0131z ele\u015ftiri getirilmesini kabul edemeyiz&#8221; dedi. &#8220;G\u00fcvenlik birimleri aras\u0131nda ayr\u0131m yap\u0131lmas\u0131 son derece sak\u0131ncal\u0131d\u0131r&#8221; diyen Ba\u015fbakan, &#8220;Asker de polis de bu milletindir. Her te\u015fkilatta \u00e7\u00fcr\u00fck elmalar \u00e7\u0131kacakt\u0131r&#8221; \u015feklinde konu\u015ftu.<\/p>\n","protected":false},"author":1,"featured_media":0,"comment_status":"open","ping_status":"closed","sticky":false,"template":"","format":"standard","meta":{"footnotes":""},"categories":[105],"tags":[],"class_list":["post-28034","post","type-post","status-publish","format-standard","hentry","category-gundem","odd"],"_links":{"self":[{"href":"http:\/\/www.korhanyilmaz.com\/index.php?rest_route=\/wp\/v2\/posts\/28034","targetHints":{"allow":["GET"]}}],"collection":[{"href":"http:\/\/www.korhanyilmaz.com\/index.php?rest_route=\/wp\/v2\/posts"}],"about":[{"href":"http:\/\/www.korhanyilmaz.com\/index.php?rest_route=\/wp\/v2\/types\/post"}],"author":[{"embeddable":true,"href":"http:\/\/www.korhanyilmaz.com\/index.php?rest_route=\/wp\/v2\/users\/1"}],"replies":[{"embeddable":true,"href":"http:\/\/www.korhanyilmaz.com\/index.php?rest_route=%2Fwp%2Fv2%2Fcomments&post=28034"}],"version-history":[{"count":0,"href":"http:\/\/www.korhanyilmaz.com\/index.php?rest_route=\/wp\/v2\/posts\/28034\/revisions"}],"wp:attachment":[{"href":"http:\/\/www.korhanyilmaz.com\/index.php?rest_route=%2Fwp%2Fv2%2Fmedia&parent=28034"}],"wp:term":[{"taxonomy":"category","embeddable":true,"href":"http:\/\/www.korhanyilmaz.com\/index.php?rest_route=%2Fwp%2Fv2%2Fcategories&post=28034"},{"taxonomy":"post_tag","embeddable":true,"href":"http:\/\/www.korhanyilmaz.com\/index.php?rest_route=%2Fwp%2Fv2%2Ftags&post=28034"}],"curies":[{"name":"wp","href":"https:\/\/api.w.org\/{rel}","templated":true}]}}